{"id":418140,"date":"2025-09-26T04:56:21","date_gmt":"2025-09-26T04:56:21","guid":{"rendered":"https:\/\/www.europesays.com\/fr\/418140\/"},"modified":"2025-09-26T04:56:21","modified_gmt":"2025-09-26T04:56:21","slug":"lart-du-paysage-de-la-couleur-et-de-la-lumiere-avec-le-peintre-alesien-michel-vezinet","status":"publish","type":"post","link":"https:\/\/www.europesays.com\/fr\/418140\/","title":{"rendered":"L\u2019art du paysage, de la couleur et de la lumi\u00e8re avec le peintre al\u00e9sien Michel V\u00e9zinet"},"content":{"rendered":"<p>\n                                                                La galerie du Prol\u00e9, \u00e0 Al\u00e8s, pr\u00e9sente une s\u00e9lection des \u0153uvres du peintre Michel V\u00e9zinet. Du grand art au sein du microcosme r\u00e9gional.\n                            <\/p>\n<p>Depuis 13 ans, le peintre Michel V\u00e9zinet n\u2019avait pas eu l\u2019occasion de pr\u00e9senter une exposition avec une s\u00e9lection d\u2019\u0153uvres dont certaines remontent \u00e0 une quinzaine d\u2019ann\u00e9es. C\u2019est dans la galerie du Prol\u00e9, rue De Beauteville \u00e0 Al\u00e8s, qu\u2019il a choisi d\u2019accrocher cette s\u00e9lection o\u00f9 la lumi\u00e8re, les couleurs et les paysages mis en valeur collaborent.<\/p>\n<p>Une premi\u00e8re exposition \u00e0 l\u2019\u00e2ge de 15 ans<\/p>\n<p>C\u2019est tout jeune que la vocation artistique est n\u00e9e en lui\u00a0: \u00ab\u00a0D\u00e8s l\u2019\u00e2ge de 12 ans, j\u2019ai commenc\u00e9 \u00e0 peindre en regardant des tableaux impressionnistes dans des catalogues sp\u00e9cialis\u00e9s. Au d\u00e9part pour peindre, j\u2019utilisais la brosse, mais \u00e7a ne me convenait pas du tout, et tr\u00e8s rapidement je me suis alors tourn\u00e9 vers la peinture au couteau.\u00a0\u00bb C\u2019est une technique qui traite \u00e0 la fois la mati\u00e8re et la forme, tout en permettant de\u00a0triturer la p\u00e2te.<\/p>\n<p>\u00c0 l\u2019\u00e2ge de 15 ans, il fait sa premi\u00e8re exposition, dans\u00a0le\u00a0village de son enfance, \u00e0 Saint-HiIaire-de-Brethmas, \u00e9poque lointaine, o\u00f9 le maire Emile Maurin, \u00e9tait aussi son instituteur. Adulte, il travaillera une dizaine d\u2019ann\u00e9es comme salari\u00e9 dans une entreprise al\u00e9sienne, avant de se consacrer exclusivement \u00e0 la peinture.<\/p>\n<p>Des \u0153uvres charg\u00e9es d\u2019atmosph\u00e8re<\/p>\n<p>Apr\u00e8s avoir \u00e9t\u00e9 prim\u00e9 dans de nombreux concours de peinture, il deviendra artiste permanent de la galerie Lacydon \u00e0 Marseille, \u00ab\u00a0Et \u00e0 partir de l\u00e0, j\u2019ai encha\u00een\u00e9 les expositions en de nombreuses galeries et salons de l\u2019hexagone.\u00a0\u00bb Dans la galerie du Prol\u00e9, ce sont diff\u00e9rentes \u00e9poques qui s\u2019y retrouvent, et l\u2019on y retrouve des paysages de la Camargue, de la Provence, de la Loz\u00e8re, de la Corse, de l\u2019Andalousie\u2026 Ce sont des atmosph\u00e8res qui s\u2019y confondent, tout en s\u2019offrant au regard des visiteurs.<\/p>\n<p>Exposition visible au Prol\u00e9 al\u00e9sien jusqu\u2019au 29\u00a0septembre. Entr\u00e9e libre.<\/p>\n","protected":false},"excerpt":{"rendered":"La galerie du Prol\u00e9, \u00e0 Al\u00e8s, pr\u00e9sente une s\u00e9lection des \u0153uvres du peintre Michel V\u00e9zinet. Du grand art&hellip;\n","protected":false},"author":2,"featured_media":418141,"comment_status":"","ping_status":"","sticky":false,"template":"","format":"standard","meta":{"footnotes":""},"categories":[1358],"tags":[1348,1384,1385,1386,58,59,1011,27],"class_list":{"0":"post-418140","1":"post","2":"type-post","3":"status-publish","4":"format-standard","5":"has-post-thumbnail","7":"category-arts-et-design","8":"tag-arts","9":"tag-arts-and-design","10":"tag-arts-et-design","11":"tag-design","12":"tag-divertissement","13":"tag-entertainment","14":"tag-fr","15":"tag-france"},"share_on_mastodon":{"url":"https:\/\/pubeurope.com\/@fr\/115268824809801896","error":""},"_links":{"self":[{"href":"https:\/\/www.europesays.com\/fr\/wp-json\/wp\/v2\/posts\/418140","targetHints":{"allow":["GET"]}}],"collection":[{"href":"https:\/\/www.europesays.com\/fr\/wp-json\/wp\/v2\/posts"}],"about":[{"href":"https:\/\/www.europesays.com\/fr\/wp-json\/wp\/v2\/types\/post"}],"author":[{"embeddable":true,"href":"https:\/\/www.europesays.com\/fr\/wp-json\/wp\/v2\/users\/2"}],"replies":[{"embeddable":true,"href":"https:\/\/www.europesays.com\/fr\/wp-json\/wp\/v2\/comments?post=418140"}],"version-history":[{"count":0,"href":"https:\/\/www.europesays.com\/fr\/wp-json\/wp\/v2\/posts\/418140\/revisions"}],"wp:featuredmedia":[{"embeddable":true,"href":"https:\/\/www.europesays.com\/fr\/wp-json\/wp\/v2\/media\/418141"}],"wp:attachment":[{"href":"https:\/\/www.europesays.com\/fr\/wp-json\/wp\/v2\/media?parent=418140"}],"wp:term":[{"taxonomy":"category","embeddable":true,"href":"https:\/\/www.europesays.com\/fr\/wp-json\/wp\/v2\/categories?post=418140"},{"taxonomy":"post_tag","embeddable":true,"href":"https:\/\/www.europesays.com\/fr\/wp-json\/wp\/v2\/tags?post=418140"}],"curies":[{"name":"wp","href":"https:\/\/api.w.org\/{rel}","templated":true}]}}