{"id":418146,"date":"2025-09-26T04:59:12","date_gmt":"2025-09-26T04:59:12","guid":{"rendered":"https:\/\/www.europesays.com\/fr\/418146\/"},"modified":"2025-09-26T04:59:12","modified_gmt":"2025-09-26T04:59:12","slug":"charlotte-cardin-se-confie-en-francais-avec-tant-pis-pour-elle","status":"publish","type":"post","link":"https:\/\/www.europesays.com\/fr\/418146\/","title":{"rendered":"Charlotte Cardin se confie en fran\u00e7ais avec \u201cTant pis pour elle\u201d"},"content":{"rendered":"<p><strong>Charlotte Cardin signe son grand retour avec son nouveau single ent\u00eatant \u201cTant pis pour elle\u201d. aficia vous propose de d\u00e9couvrir ce morceau ! <\/strong><\/p>\n<p>On l\u2019\u00e9coute en boucle depuis sa sortie le 5 septembre : \u201cTant pis pour elle\u201d, le nouveau single de Charlotte Cardin, marque le grand retour de la chanteuse originaire de Montr\u00e9al. Apr\u00e8s le succ\u00e8s de son album <a href=\"https:\/\/www.aficia.info\/chronique\/charlotte-cardin-propose-un-voyage-de-99-nights\/244322\" target=\"_blank\" rel=\"noreferrer noopener\">99 Nights <\/a>et une <a href=\"https:\/\/www.aficia.info\/live\/live-report\/charlotte-cardin-retour-en-images-sur-la-tournee-99-nights\/255643\" target=\"_blank\" rel=\"noreferrer noopener\">tourn\u00e9e <\/a>internationale remarqu\u00e9e, l\u2019artiste revient avec un morceau qui s\u2019impose d\u00e9j\u00e0 comme une \u00e9tape charni\u00e8re dans sa carri\u00e8re. <\/p>\n<p>Ces derni\u00e8res semaines, l\u2019interpr\u00e8te avait amorc\u00e9 cette sortie en partageant diff\u00e9rents extraits sur ses r\u00e9seaux sociaux, au piano et a cappella, attisant l\u2019impatience de ses fans. Ce titre est le premier extrait de son troisi\u00e8me album attendu pour 2026.<\/p>\n<p>Musicalement, \u201cTant pis pour elle\u201d s\u00e9duit par une m\u00e9lodie \u00e0 la fois simple et raffin\u00e9e, enrichie de subtils accents pop-\u00e9lectroniques. La voix de Charlotte Cardin s\u2019y d\u00e9ploie avec justesse, \u00e9pousant les accords et offrant au morceau une dimension obs\u00e9dante. Dans ce nouveau single, la chanteuse propose un texte un peu plus sombre que ses pr\u00e9c\u00e9dents titres. Elle conte avec sinc\u00e9rit\u00e9, et en fran\u00e7ais, les vertiges du sentiment amoureux\u2026 mais surtout la r\u00e9jouissance assum\u00e9e de retrouver l\u2019\u00eatre aim\u00e9. <\/p>\n<p>Charlotte Cardin signe aussi l\u2019illustration de son nouveau single<\/p>\n<p>La sortie de ce morceau s\u2019accompagne \u00e9galement d\u2019une pochette r\u00e9alis\u00e9e par l\u2019artiste. Elle a en effet renou\u00e9 avec l\u2019une de ses passions : le dessin et l\u2019illustration. Charlotte Cardin a aussi r\u00e9alis\u00e9 elle-m\u00eame les animations de son clip. Sous un croissant de lune, on peut ainsi voir deux silhouettes enflamm\u00e9es dansant jusqu\u2019\u00e0 l\u2019explosion tandis que le rythme de la m\u00e9lodie s\u2019intensifie, et que la chanteuse monte dans les aigus. <\/p>\n<p>En bref, ce nouveau morceau nous a conquis et il nous tarde de d\u00e9couvrir ce que la chanteuse canadienne nous r\u00e9serve pour la suite !<\/p>\n<\/p>\n<p><strong><a href=\"https:\/\/www.aficia.info\/author\/ines-fakche\" target=\"_blank\" rel=\"noreferrer noopener\">In\u00e8s Fakche<\/a><\/strong><\/p>\n","protected":false},"excerpt":{"rendered":"Charlotte Cardin signe son grand retour avec son nouveau single ent\u00eatant \u201cTant pis pour elle\u201d. aficia vous propose&hellip;\n","protected":false},"author":2,"featured_media":418147,"comment_status":"","ping_status":"","sticky":false,"template":"","format":"standard","meta":{"footnotes":""},"categories":[1355],"tags":[30350,58,59,1011,27,1361,873],"class_list":{"0":"post-418146","1":"post","2":"type-post","3":"status-publish","4":"format-standard","5":"has-post-thumbnail","7":"category-musique","8":"tag-charlotte-cardin","9":"tag-divertissement","10":"tag-entertainment","11":"tag-fr","12":"tag-france","13":"tag-music","14":"tag-musique"},"share_on_mastodon":{"url":"https:\/\/pubeurope.com\/@fr\/115268836712161079","error":""},"_links":{"self":[{"href":"https:\/\/www.europesays.com\/fr\/wp-json\/wp\/v2\/posts\/418146","targetHints":{"allow":["GET"]}}],"collection":[{"href":"https:\/\/www.europesays.com\/fr\/wp-json\/wp\/v2\/posts"}],"about":[{"href":"https:\/\/www.europesays.com\/fr\/wp-json\/wp\/v2\/types\/post"}],"author":[{"embeddable":true,"href":"https:\/\/www.europesays.com\/fr\/wp-json\/wp\/v2\/users\/2"}],"replies":[{"embeddable":true,"href":"https:\/\/www.europesays.com\/fr\/wp-json\/wp\/v2\/comments?post=418146"}],"version-history":[{"count":0,"href":"https:\/\/www.europesays.com\/fr\/wp-json\/wp\/v2\/posts\/418146\/revisions"}],"wp:featuredmedia":[{"embeddable":true,"href":"https:\/\/www.europesays.com\/fr\/wp-json\/wp\/v2\/media\/418147"}],"wp:attachment":[{"href":"https:\/\/www.europesays.com\/fr\/wp-json\/wp\/v2\/media?parent=418146"}],"wp:term":[{"taxonomy":"category","embeddable":true,"href":"https:\/\/www.europesays.com\/fr\/wp-json\/wp\/v2\/categories?post=418146"},{"taxonomy":"post_tag","embeddable":true,"href":"https:\/\/www.europesays.com\/fr\/wp-json\/wp\/v2\/tags?post=418146"}],"curies":[{"name":"wp","href":"https:\/\/api.w.org\/{rel}","templated":true}]}}