{"id":41815,"date":"2025-04-21T15:38:37","date_gmt":"2025-04-21T15:38:37","guid":{"rendered":"https:\/\/www.europesays.com\/fr\/41815\/"},"modified":"2025-04-21T15:38:37","modified_gmt":"2025-04-21T15:38:37","slug":"carquefou-les-photographes-exposent-aux-renaudieres","status":"publish","type":"post","link":"https:\/\/www.europesays.com\/fr\/41815\/","title":{"rendered":"Carquefou. Les photographes exposent aux Renaudi\u00e8res"},"content":{"rendered":"<p>Cr\u00e9\u00e9 en 2001 par des amateurs passionn\u00e9s, l\u2019Atelier photographique de Carquefou (APC) propose son activit\u00e9 artistique au sein de l\u2019Amicale la\u00efque de Carquefou. Les 25\u00a0membres de l\u2019APC vous invitent \u00e0 leur\u00a0exposition annuelle baptis\u00e9e \u00ab\u00a0Hors-Champ\u00a0\u00bb. \u00a0Il pourrait sembler paradoxal de parler de \u00ab\u00a0hors-champ\u00a0\u00bb en photographie\u00a0! C\u2019est un choix du photographe de ne pas r\u00e9v\u00e9ler tout son sujet, mais seulement une partie, de jouer avec le cadrage et avec ce qui s\u2019offre au regard. Le hors-champ laisse la part belle \u00e0 l\u2019imagination de chacun en permettant une interpr\u00e9tation tr\u00e8s personnelle des photographies expos\u00e9es\u00a0.\u00a0<\/p>\n<p>Janka Le Gouareguer, invit\u00e9e d\u2019honneur<\/p>\n<p>\u00c0 l\u2019occasion de cette exposition, l\u2019invit\u00e9e d\u2019honneur est Janka Le Gouareguer qui pr\u00e9sentera simultan\u00e9ment ses r\u00e9alisations sur le th\u00e8me \u00ab\u00a0Ici et l\u00e0, po\u00e9sie de l\u2019inattendu\u00a0\u00bb. Place \u00e0 la curiosit\u00e9, place \u00e0 l\u2019imagination, place au partage des impressions de chacun des visiteurs.<\/p>\n<p>Pratique<\/p>\n<p>Entr\u00e9e libre. Espace d\u2019exposition des Renaudi\u00e8res (pr\u00e8s de l\u2019\u00e9cole de musique).<\/p>\n<p>Samedi 26\u00a0avril, dimanche 27\u00a0avril, jeudi 1er\u00a0mai, samedi 3\u00a0mai et dimanche 4\u00a0mai de 10\u00a0h \u00e0 12\u00a0h\u00a0et de 14\u00a0h \u00e0 18\u00a0h.<\/p>\n<p>atelierphotoduvieuxpressoir.weebly.com<\/p>\n<p>\u00a0<\/p>\n","protected":false},"excerpt":{"rendered":"Cr\u00e9\u00e9 en 2001 par des amateurs passionn\u00e9s, l\u2019Atelier photographique de Carquefou (APC) propose son activit\u00e9 artistique au sein&hellip;\n","protected":false},"author":2,"featured_media":41816,"comment_status":"","ping_status":"","sticky":false,"template":"","format":"standard","meta":{"footnotes":""},"categories":[2818],"tags":[1111,11,3862,1777,674,11541,1011,27,766,12,2636,11151,12731,25,3272],"class_list":{"0":"post-41815","1":"post","2":"type-post","3":"status-publish","4":"format-standard","5":"has-post-thumbnail","7":"category-nantes","8":"tag-actu","9":"tag-actualites","10":"tag-carquefou","11":"tag-eu","12":"tag-europe","13":"tag-exposent","14":"tag-fr","15":"tag-france","16":"tag-nantes","17":"tag-news","18":"tag-pays-de-la-loire","19":"tag-photographes","20":"tag-renaudieres","21":"tag-republique-francaise","22":"tag-saint-nazaire"},"share_on_mastodon":{"url":"https:\/\/pubeurope.com\/@fr\/114376704289654851","error":""},"_links":{"self":[{"href":"https:\/\/www.europesays.com\/fr\/wp-json\/wp\/v2\/posts\/41815","targetHints":{"allow":["GET"]}}],"collection":[{"href":"https:\/\/www.europesays.com\/fr\/wp-json\/wp\/v2\/posts"}],"about":[{"href":"https:\/\/www.europesays.com\/fr\/wp-json\/wp\/v2\/types\/post"}],"author":[{"embeddable":true,"href":"https:\/\/www.europesays.com\/fr\/wp-json\/wp\/v2\/users\/2"}],"replies":[{"embeddable":true,"href":"https:\/\/www.europesays.com\/fr\/wp-json\/wp\/v2\/comments?post=41815"}],"version-history":[{"count":0,"href":"https:\/\/www.europesays.com\/fr\/wp-json\/wp\/v2\/posts\/41815\/revisions"}],"wp:featuredmedia":[{"embeddable":true,"href":"https:\/\/www.europesays.com\/fr\/wp-json\/wp\/v2\/media\/41816"}],"wp:attachment":[{"href":"https:\/\/www.europesays.com\/fr\/wp-json\/wp\/v2\/media?parent=41815"}],"wp:term":[{"taxonomy":"category","embeddable":true,"href":"https:\/\/www.europesays.com\/fr\/wp-json\/wp\/v2\/categories?post=41815"},{"taxonomy":"post_tag","embeddable":true,"href":"https:\/\/www.europesays.com\/fr\/wp-json\/wp\/v2\/tags?post=41815"}],"curies":[{"name":"wp","href":"https:\/\/api.w.org\/{rel}","templated":true}]}}