{"id":418160,"date":"2025-09-26T05:06:36","date_gmt":"2025-09-26T05:06:36","guid":{"rendered":"https:\/\/www.europesays.com\/fr\/418160\/"},"modified":"2025-09-26T05:06:36","modified_gmt":"2025-09-26T05:06:36","slug":"zelensky-expose-comment-il-envisage-son-avenir-politique-en-cas-de-paix","status":"publish","type":"post","link":"https:\/\/www.europesays.com\/fr\/418160\/","title":{"rendered":"Zelensky expose comment il envisage son avenir politique en cas de paix"},"content":{"rendered":"<p>        <img decoding=\"async\" loading=\"lazy\" src=\"https:\/\/www.europesays.com\/fr\/wp-content\/uploads\/2025\/09\/11bd0cf_upload-1-tz3969hnwyry-afp-20250710-2223806540-v3-highres-ukrainerecoveryconferencetakesplace.jpeg\"  width=\"728\" height=\"410\" alt=\"Guerre en Ukraine\u00a0: Zelensky expose comment il envisage son avenir politique en cas de paix avec la Russie. (image d\u2019illustration)\"\/>  <\/p>\n<p>ANTONIO MASIELLO \/ Getty Images via AFP<\/p>\n<p>Guerre en Ukraine\u00a0: Zelensky expose comment il envisage son avenir politique en cas de paix avec la Russie. (image d\u2019illustration)<\/p>\n<p class=\"asset asset-text\">INTERNATIONAL &#8211; Le pouvoir pour le pouvoir, tr\u00e8s peu pour lui. <a href=\"https:\/\/www.huffingtonpost.fr\/international\/article\/guerre-en-ukraine-zelensky-presse-encore-ses-allies-apres-une-frappe-russe-directement-sur-des-civils_254614.html\" target=\"_blank\" rel=\"noopener nofollow\" title=\"Nouvelle fen\u00eatre\">Volodymyr Zelensky<\/a> a indiqu\u00e9 ce jeudi 25\u00a0septembre dans une interview pour le m\u00e9dia am\u00e9ricain <a href=\"https:\/\/www.axios.com\/2025\/09\/25\/zelensky-elections-ukraine-axios-show\" target=\"_blank\" rel=\"noopener nofollow\" title=\"Nouvelle fen\u00eatre\">Axios<\/a> qu\u2019il est \u00ab\u00a0pr\u00eat\u00a0\u00bb \u00e0 quitter son poste une fois que les affrontements entre l\u2019<a href=\"https:\/\/www.huffingtonpost.fr\/international\/article\/russie-les-objectifs-de-paix-en-ukraine-au-plus-bas-apres-ces-declarations-du-kremlin_255199.html\" target=\"_blank\" rel=\"noopener nofollow\" title=\"Nouvelle fen\u00eatre\">Ukraine<\/a> et la Russie auront cess\u00e9. \u00ab\u00a0Mon objectif est de mettre fin \u00e0 la guerre\u00a0et non de continuer \u00e0 briguer un mandat\u00a0\u00bb, a-t-il r\u00e9sum\u00e9.<\/p>\n<p class=\"asset asset-text\">Ces d\u00e9clarations interviennent alors que les \u00e9lections en Ukraine ont \u00e9t\u00e9 report\u00e9es sine die \u00e0 cause du conflit avec la Russie. Une situation que n\u2019avait pas manqu\u00e9 de critiquer Donald Trump, allant jusqu\u2019\u00e0 accuser Volodymyr Zelensky d\u2019\u00eatre un \u00ab\u00a0<a href=\"https:\/\/www.huffingtonpost.fr\/international\/article\/trump-qualifie-zelensky-de-dictateur-sans-elections-dans-un-message-acerbe-sur-truth-social_246425.html\" rel=\"nofollow noopener\" target=\"_blank\">dictateur\u00a0sans \u00e9lection<\/a>\u00a0\u00bb dans un message acerbe publi\u00e9 sur son r\u00e9seau Truth Social en f\u00e9vrier dernier et qui avait suscit\u00e9 la pol\u00e9mique.<\/p>\n<p class=\"asset asset-text\">Le pr\u00e9sident ukrainien, qui dit ne pas avoir l\u2019intention de diriger son pays en temps de paix, a fait valoir aupr\u00e8s d\u2019Axios qu\u2019il est pour le moment difficile d\u2019organiser une \u00e9lection pr\u00e9sidentielle dans son pays. Il a non seulement mis en avant les <a href=\"https:\/\/www.huffingtonpost.fr\/international\/video\/guerre-en-ukraine-la-russie-frappe-le-siege-du-gouvernement-a-kiev-pour-la-premiere-fois-ce-que-l-on-sait_254509.html\" rel=\"nofollow noopener\" target=\"_blank\">attaques russes<\/a> qui se poursuivent et repr\u00e9senteraient un d\u00e9fi s\u00e9curitaire dans l\u2019organisation d\u2019un scrutin, mais aussi un frein constitutionnel.<\/p>\n<p>    Un cessez-le-feu de plusieurs mois pourrait permettre le scrutin    <\/p>\n<p class=\"asset asset-text\">La loi ukrainienne emp\u00eache en effet la tenue d\u2019une \u00e9lection tant que la loi martiale est en vigueur, ce qui est le cas depuis 2022. C\u2019est ce qui explique que la derni\u00e8re pr\u00e9sidentielle remonte \u00e0 2019\u00a0\u2013 elle avait \u00e9t\u00e9 tr\u00e8s largement remport\u00e9e par Volodymyr Zelensky qui avait rafl\u00e9 73\u00a0% des voix. Son mandat \u00e9tait cens\u00e9 durer cinq ans et aurait donc d\u00fb s\u2019achever en mai 2024, comme le rappelait <a href=\"https:\/\/www.lemonde.fr\/international\/article\/2024\/05\/22\/ukraine-volodymyr-zelensky-president-a-duree-indeterminee_6234841_3210.html\" target=\"_blank\" rel=\"noopener nofollow\" title=\"Nouvelle fen\u00eatre\">Le\u00a0Monde<\/a>.<\/p>\n<p class=\"asset asset-text\">Si sa cote de popularit\u00e9 reste au-dessus des 60\u00a0% selon Axios \u2013 apr\u00e8s avoir culmin\u00e9 autour des 90\u00a0% au d\u00e9but de la guerre \u2013, Volodymyr Zelensky assure comprendre que certains Ukrainiens \u00ab\u00a0puissent vouloir d\u2019un dirigeant avec un nouveau mandat\u00a0\u00bb. Il se dit donc pr\u00eat \u00e0 organiser des \u00e9lections si les bellig\u00e9rants parviennent \u00e0 s\u2019entendre sur un cessez-le-feu de plusieurs mois.<\/p>\n<p class=\"asset asset-text\">Volodymyr Zelensky assure que cette possibilit\u00e9 a d\u2019ailleurs \u00e9t\u00e9 \u00e9voqu\u00e9e lors de sa rencontre avec <a href=\"https:\/\/www.huffingtonpost.fr\/international\/video\/ce-pied-de-nez-de-donald-trump-a-joe-biden-est-autant-insultant-que-complotiste_255220.html\" rel=\"nofollow noopener\" target=\"_blank\">Donald Trump<\/a>, en marge de l\u2019Assembl\u00e9e g\u00e9n\u00e9rale des Nations unies organis\u00e9e \u00e0 New York. Le pr\u00e9sident ukrainien a fait valoir \u00e0 son homologue am\u00e9ricain qu\u2019en cas d\u2019interruption des combats, \u00ab\u00a0ce laps de temps\u00a0\u00bb pourrait \u00eatre utilis\u00e9 pour organiser un scrutin. \u00ab\u00a0Je peux envoyer ce signal au Parlement\u00a0\u00bb, a-t-il d\u00e9clar\u00e9 au locataire de la Maison Blanche.<\/p>\n","protected":false},"excerpt":{"rendered":"ANTONIO MASIELLO \/ Getty Images via AFP Guerre en Ukraine\u00a0: Zelensky expose comment il envisage son avenir politique&hellip;\n","protected":false},"author":2,"featured_media":418161,"comment_status":"","ping_status":"","sticky":false,"template":"","format":"standard","meta":{"footnotes":""},"categories":[5],"tags":[11,1011,27,131,14,12,220,134,28],"class_list":{"0":"post-418160","1":"post","2":"type-post","3":"status-publish","4":"format-standard","5":"has-post-thumbnail","7":"category-international","8":"tag-actualites","9":"tag-fr","10":"tag-france","11":"tag-guerre-en-ukraine","12":"tag-international","13":"tag-news","14":"tag-ukraine","15":"tag-volodymyr-zelensky","16":"tag-world"},"share_on_mastodon":{"url":"https:\/\/pubeurope.com\/@fr\/115268864354877783","error":""},"_links":{"self":[{"href":"https:\/\/www.europesays.com\/fr\/wp-json\/wp\/v2\/posts\/418160","targetHints":{"allow":["GET"]}}],"collection":[{"href":"https:\/\/www.europesays.com\/fr\/wp-json\/wp\/v2\/posts"}],"about":[{"href":"https:\/\/www.europesays.com\/fr\/wp-json\/wp\/v2\/types\/post"}],"author":[{"embeddable":true,"href":"https:\/\/www.europesays.com\/fr\/wp-json\/wp\/v2\/users\/2"}],"replies":[{"embeddable":true,"href":"https:\/\/www.europesays.com\/fr\/wp-json\/wp\/v2\/comments?post=418160"}],"version-history":[{"count":0,"href":"https:\/\/www.europesays.com\/fr\/wp-json\/wp\/v2\/posts\/418160\/revisions"}],"wp:featuredmedia":[{"embeddable":true,"href":"https:\/\/www.europesays.com\/fr\/wp-json\/wp\/v2\/media\/418161"}],"wp:attachment":[{"href":"https:\/\/www.europesays.com\/fr\/wp-json\/wp\/v2\/media?parent=418160"}],"wp:term":[{"taxonomy":"category","embeddable":true,"href":"https:\/\/www.europesays.com\/fr\/wp-json\/wp\/v2\/categories?post=418160"},{"taxonomy":"post_tag","embeddable":true,"href":"https:\/\/www.europesays.com\/fr\/wp-json\/wp\/v2\/tags?post=418160"}],"curies":[{"name":"wp","href":"https:\/\/api.w.org\/{rel}","templated":true}]}}