{"id":418162,"date":"2025-09-26T05:07:21","date_gmt":"2025-09-26T05:07:21","guid":{"rendered":"https:\/\/www.europesays.com\/fr\/418162\/"},"modified":"2025-09-26T05:07:21","modified_gmt":"2025-09-26T05:07:21","slug":"voici-les-routes-a-eviter-dans-les-pyrenees-orientales","status":"publish","type":"post","link":"https:\/\/www.europesays.com\/fr\/418162\/","title":{"rendered":"voici les routes \u00e0 \u00e9viter dans les Pyr\u00e9n\u00e9es-Orientales"},"content":{"rendered":"<p>            Par<br \/>\n        <strong><br \/>\n            <a href=\"https:\/\/actu.fr\/auteur\/thibaut-calatayud\" title=\"Consulter tous les articles de Thibaut Calatayud\" target=\"_blank\" rel=\"noopener\">Thibaut Calatayud<\/a><br \/>\n        <\/strong><\/p>\n<p>        Publi\u00e9 le<\/p>\n<p>            25 sept. 2025 \u00e0 15h45        <\/p>\n<p>Les tracteurs sont de retour sur les routes catalanes. Ce vendredi 26\u00a0septembre 2025, les agriculteurs en col\u00e8re des Pyr\u00e9n\u00e9es-Orientales vont r\u00e9pondre \u00e0 l\u2019appel \u00e0 manifester des <strong>Jeunes Agriculteurs 66<\/strong> et de la <strong>FDSEA 66<\/strong>. Une \u00ab\u2009<strong>mobilisation massive<\/strong>\u2009\u00bb est annonc\u00e9e et <a href=\"https:\/\/actu.fr\/occitanie\/perpignan_66136\/les-agriculteurs-annoncent-une-grande-manifestation-un-peage-de-l-autoroute-a9-va-etre-bloque_63195004.html\" target=\"_blank\" rel=\"noopener\">un p\u00e9age de l\u2019autoroute A9 devrait \u00eatre bloqu\u00e9<\/a>. \u00ab\u2009Il faut s\u2019attendre \u00e0 des perturbations sur la route\u2009\u00bb, pr\u00e9vient Enzo Rodriguez, le pr\u00e9sident des JA 66, \u00e0 la veille de cette d\u00e9monstration de force.<\/p>\n<p>Un p\u00e9age de l\u2019A9 va \u00eatre bloqu\u00e9<\/p>\n<p class=\" wall-content\">Pour leur premi\u00e8re grande mobilisation de l\u2019ann\u00e9e 2025, les syndicats agricoles ont cibl\u00e9 le <strong>p\u00e9age sud<\/strong> \u00e0 Perpignan. Le rendez-vous est fix\u00e9 \u00e0 midi, au niveau du rond-point qui pr\u00e9c\u00e8de la barri\u00e8re d\u2019acc\u00e8s \u00e0 l\u2019autoroute A9.<\/p>\n<p class=\" wall-content\">\u00c0 moins de 24 heures de cette mobilisation, on ignore encore le nombre d\u2019engins et de manifestants pr\u00e9sents. \u00ab\u2009<strong>Si on est 200, c\u2019est bien<\/strong>. Mais pour l\u2019instant, c\u2019est compliqu\u00e9 de faire un recensement\u2009\u00bb, explique Enzo Rodriguez, le nouveau patron des Jeunes Agriculteurs dans les Pyr\u00e9n\u00e9es-Orientales.<\/p>\n<p>    <a href=\"https:\/\/www.google.com\/maps\/embed?pb=!1m18!1m12!1m3!1d5867.49153423337!2d2.8565610772778505!3d42.66674261566939!2m3!1f0!2f0!3f0!3m2!1i1024!2i768!4f13.1!3m3!1m2!1s0x12b071f8c90f68fd%3A0xc276b1b05e8092b9!2sP%C3%A9age%20de%20Perpignan-Sud%20Sortie%20N%C2%B042!5e0!3m2!1sfr!2sfr!4v1758806727579!5m2!1sfr!2sfr\" title=\"Ouvrie le lien\" target=\"_blank\" rel=\"noopener\">Cliquez ici pour visualiser le contenu<\/a><\/p>\n<p class=\" wall-content\">Quoi qu\u2019il en soit, m\u00eame \u00e0 50, les tracteurs risquent de fortement perturber l\u2019acc\u00e8s et la sortie de ce p\u00e9age. Les manifestants sont invit\u00e9s \u00e0 venir avec<strong> les bennes charg\u00e9es de souches et d\u2019arbres morts<\/strong>, \u00ab\u2009preuves de la mort de notre agriculture\u2009\u00bb.<\/p>\n<p class=\" wall-content\">Compte tenu de cette manifestation, Vinci Autoroutes fermera probablement son p\u00e9age pendant plusieurs heures. La FDSEA et les Jeunes Agriculteurs ont d\u2019ailleurs pr\u00e9vu d\u2019organiser un barbecue sur place. \u00ab\u2009On n\u2019a pas encore \u00e9tabli d\u2019heure pour lever le camp\u2009\u00bb, ajoute l\u2019\u00e9leveur porcin install\u00e9 \u00e0 Rivesaltes.<\/p>\n<p>Pas de v\u00e9ritable op\u00e9ration escargot, mais\u2026<\/p>\n<p class=\" wall-content\">\u00c0 la mi-journ\u00e9e, il sera donc conseill\u00e9 d\u2019\u00e9viter de circuler dans le secteur du p\u00e9age sud de Perpignan. Si vous devez prendre l\u2019autoroute, il faudra tr\u00e8s probablement passer par le p\u00e9age nord ou celui du Boulou.<\/p>\n<p class=\" wall-content\">Avant \u00e7a, on vous conseille aussi d\u2019\u00eatre attentifs aux conditions de circulation sur des applications comme Maps ou encore Waze. Car si aucune op\u00e9ration escargot n\u2019est officiellement annonc\u00e9e, \u00ab\u2009il faut s\u2019attendre \u00e0 des perturbations en direction du p\u00e9age sud, \u00e7a c\u2019est s\u00fbr\u2009\u00bb, souligne Enzo Rodriguez. Et pour cause, les agriculteurs vont chacun descendre de leur commune.<\/p>\n<p>Votre r\u00e9gion, votre actu !<\/p>\n<p>Recevez chaque jour les infos qui comptent pour vous.<\/p>\n<p>\t<a href=\"https:\/\/actu.fr\/newsletter\" class=\"ac-btn ac-btn--corner ac-btn--medium ac-btn--blue800\" target=\"_blank\" rel=\"noopener\">S&rsquo;incrire<\/a><\/p>\n<p>    <a href=\"https:\/\/www.facebook.com\/plugins\/post.php?href=https%3A%2F%2Fwww.facebook.com%2Ffdsea.pyreneesorientales%2Fposts%2Fpfbid0wVQxri5A1SF8jTuhMsU2VoRRP7WZnDddhBkCvVpSzGxyM7pje3Q3qQXxr1et8i3cl&amp;show_text=true&amp;width=350\" title=\"Ouvrie le lien\" target=\"_blank\" rel=\"noopener\">Cliquez ici pour visualiser le contenu<\/a><\/p>\n<p class=\" wall-content\">C\u2019est notamment le cas \u00e0 <strong>Thuir<\/strong> et dans les Aspres, o\u00f9 de nombreux professionnels devraient se mobiliser ce vendredi. Les diff\u00e9rents convois, venus des quatre coins des Pyr\u00e9n\u00e9es-Orientales, pourraient donc fortement ralentir le trafic sur les d\u00e9partementales qui m\u00e8nent au p\u00e9age. On pense \u00e0 la<strong> D612a<\/strong>, la <strong>D900 <\/strong>et la <strong>D900a<\/strong>.<\/p>\n<p class=\" wall-content\">Apr\u00e8s leur action, les manifestants iront-ils en convoi vers le centre-ville de Perpignan pour d\u00e9verser des souches devant la pr\u00e9fecture\u2009? D\u2019apr\u00e8s les Jeunes Agriculteurs 66, la mobilisation du jour devrait se cantonner au p\u00e9age sud. \u00ab\u2009Pour le moment, c\u2019est pr\u00e9vu de rester ici\u2009\u00bb, conclut le pr\u00e9sident du syndicat local.<\/p>\n<p>Des revendications multiples<\/p>\n<p class=\" wall-content\">Les manifestants ont plusieurs revendications. On peut citer les \u00ab\u2009probl\u00e9matiques viticoles\u2009\u00bb, \u00ab\u2009la\u2009concurrence d\u00e9loyale\u2009\u00bb, \u00ab\u2009le\u2009manque de solutions phytosanitaires\u2009\u00bb, \u00ab\u2009la d\u00e9prise du territoire\u2009\u00bb, \u00ab\u2009la\u2009n\u00e9cessit\u00e9 d\u2019un acc\u00e8s \u00e0 l\u2019eau\u2009\u00bb ou encore \u00ab\u2009la recrudescence des attaques de loup\u2009\u00bb.<\/p>\n<p class=\" wall-content\">Sur ce dernier sujet, <a href=\"https:\/\/actu.fr\/occitanie\/dorres_66062\/un-troupeau-attaque-par-un-loup-dans-les-pyrenees-orientales-le-prefet-autorise-des-tirs-de-defense_63204565.html\" target=\"_blank\" rel=\"noopener\">la pr\u00e9fecture vient d\u2019autoriser des tirs de d\u00e9fense<\/a> \u00e0 l\u2019encontre des loups sur le territoire du groupement pastoral de <strong>Dorres<\/strong>, en Cerdagne.<\/p>\n<blockquote class=\"ac-article-quote wall-content\">\n<p>On ne veut pas des privil\u00e8ges, mais juste de l&rsquo;\u00e9quit\u00e9 et \u00eatre entendu. On est \u00e0 une \u00e9poque o\u00f9 tout le monde veut manger mieux et nous, on ne comprend pas que l&rsquo;on puisse avoir des produits import\u00e9s qui ne respectent pas les m\u00eames normes que celles qu&rsquo;on nous impose.<\/p>\n<p>    <strong>Enzo Rodriguez<\/strong><br \/>\n        Pr\u00e9sident Jeunes Agriculteurs 66    <\/p><\/blockquote>\n<p class=\" wall-content\">Cet appel \u00e0 la mobilisation est national. En Occitanie, des <a href=\"https:\/\/actu.fr\/societe\/blocages-deux-journees-d-action-des-agriculteurs-en-occitanie-a-quoi-s-attendre_63202487.html\" target=\"_blank\" rel=\"noopener\">actions impactantes<\/a> sont \u00e9galement attendues. C\u2019est le cas en Haute-Garonne o\u00f9 des convois de tracteurs vont converger vers le Parc des Expos MEET, au nord de Toulouse.<\/p>\n<p class=\" wall-content\">Personnalisez votre actualit\u00e9 en ajoutant vos villes et m\u00e9dias en favori avec <a href=\"https:\/\/moncompte.actu.fr\" title=\"D\u00e9couvez Mon Actu\" rel=\"nofollow noopener\" data-trk=\"{&quot;cta&quot;:{&quot;action&quot;:&quot;https:\\\/\\\/moncompte.actu.fr&quot;,&quot;category&quot;:&quot;mon compte&quot;,&quot;from&quot;:&quot;article footer&quot;,&quot;name&quot;:&quot;Mon actu&quot;,&quot;type&quot;:&quot;cta&quot;}}\" target=\"_blank\">Mon Actu<\/a>.<\/p>\n","protected":false},"excerpt":{"rendered":"Par Thibaut Calatayud Publi\u00e9 le 25 sept. 2025 \u00e0 15h45 Les tracteurs sont de retour sur les routes&hellip;\n","protected":false},"author":2,"featured_media":418163,"comment_status":"","ping_status":"","sticky":false,"template":"","format":"standard","meta":{"footnotes":""},"categories":[4],"tags":[11,327,1011,27,1272,12,25,104],"class_list":{"0":"post-418162","1":"post","2":"type-post","3":"status-publish","4":"format-standard","5":"has-post-thumbnail","7":"category-france","8":"tag-actualites","9":"tag-agriculture","10":"tag-fr","11":"tag-france","12":"tag-manifestations","13":"tag-news","14":"tag-republique-francaise","15":"tag-societe"},"share_on_mastodon":{"url":"https:\/\/pubeurope.com\/@fr\/115268868156070335","error":""},"_links":{"self":[{"href":"https:\/\/www.europesays.com\/fr\/wp-json\/wp\/v2\/posts\/418162","targetHints":{"allow":["GET"]}}],"collection":[{"href":"https:\/\/www.europesays.com\/fr\/wp-json\/wp\/v2\/posts"}],"about":[{"href":"https:\/\/www.europesays.com\/fr\/wp-json\/wp\/v2\/types\/post"}],"author":[{"embeddable":true,"href":"https:\/\/www.europesays.com\/fr\/wp-json\/wp\/v2\/users\/2"}],"replies":[{"embeddable":true,"href":"https:\/\/www.europesays.com\/fr\/wp-json\/wp\/v2\/comments?post=418162"}],"version-history":[{"count":0,"href":"https:\/\/www.europesays.com\/fr\/wp-json\/wp\/v2\/posts\/418162\/revisions"}],"wp:featuredmedia":[{"embeddable":true,"href":"https:\/\/www.europesays.com\/fr\/wp-json\/wp\/v2\/media\/418163"}],"wp:attachment":[{"href":"https:\/\/www.europesays.com\/fr\/wp-json\/wp\/v2\/media?parent=418162"}],"wp:term":[{"taxonomy":"category","embeddable":true,"href":"https:\/\/www.europesays.com\/fr\/wp-json\/wp\/v2\/categories?post=418162"},{"taxonomy":"post_tag","embeddable":true,"href":"https:\/\/www.europesays.com\/fr\/wp-json\/wp\/v2\/tags?post=418162"}],"curies":[{"name":"wp","href":"https:\/\/api.w.org\/{rel}","templated":true}]}}