{"id":418168,"date":"2025-09-26T05:10:18","date_gmt":"2025-09-26T05:10:18","guid":{"rendered":"https:\/\/www.europesays.com\/fr\/418168\/"},"modified":"2025-09-26T05:10:18","modified_gmt":"2025-09-26T05:10:18","slug":"loire-musique-spectacles-restauration-encore-trois-jours-de-foire-de-saint-etienne-au-parc-expo","status":"publish","type":"post","link":"https:\/\/www.europesays.com\/fr\/418168\/","title":{"rendered":"Loire. Musique, spectacles, restauration\u2026 Encore trois jours de Foire de Saint-Etienne au Parc-Expo"},"content":{"rendered":"<p>  \u00ab\u00a0Tous en vert\u00a0\u00bb pour la Green Party, ce vendredi<\/p>\n<p>Pour sa seconde nocturne, la Foire promet de gagner en intensit\u00e9 avec une soir\u00e9e orchestr\u00e9e par le collectif artistique Euphoria Music.<\/p>\n<p>Le groupe Irish Party lancera les festivit\u00e9s, avant un spectacle m\u00ealant mentalisme, magie et hypnose, puis le d\u00e9fil\u00e9 de personnages f\u00e9eriques offert par l\u2019association lig\u00e9rienne Val Grangent, r\u00e9put\u00e9e pour ses spectacles annuels grandioses. L\u2019espace Guinguette prendra ensuite des allures de dancefloor avec un percussionniste et quatre DJ annonc\u00e9s. Dress code\u00a0: une touche de vert pour c\u00e9l\u00e9brer l\u2019esprit irlandais\u00a0!<\/p>\n<p class=\"note\">Vendredi 26\u00a0septembre d\u00e8s 18\u00a0heures, derni\u00e8re entr\u00e9e \u00e0 21\u00a0h\u00a045. Espace Guinguette. Entr\u00e9e libre.<\/p>\n<p>Immersion dans la culture irlandaise<\/p>\n<p>Terre de l\u00e9gendes et berceau des leprechauns, l\u2019Irlande est mise \u00e0 l\u2019honneur par la Foire \u00e0 travers une exposition de 1200 m2 situ\u00e9e dans le Hall A du Parc-Expo. Le parcours sc\u00e9nographi\u00e9 vous emm\u00e8nera d\u00e9couvrir les racines profondes de la culture celte, puis rencontrer ses figures folkloriques ou embl\u00e9matiques, du Roi Arthur \u00e0 Merlin l\u2019Enchanteur, en passant par le cavalier sans t\u00eate ou la Dame du lac.<\/p>\n<p>Les enfants pourront aussi jouer les apprentis chasseurs de dragons, avec un mini-spectacle \u00e0 la cl\u00e9. L\u2019exposition s\u2019ach\u00e8ve au c\u0153ur d\u2019O\u2019Connell Street, o\u00f9 se c\u00f4toient auteurs irlandais renomm\u00e9s, instruments traditionnels, sports ga\u00e9liques et Irish coffee\u00a0!<\/p>\n<p>Suivez la baguette d\u2019Harry Potter<\/p>\n<p>Prenez le quai 9 3\/4 et embarquez pour le Hall B, o\u00f9 une exposition in\u00e9dite r\u00e9unit des pi\u00e8ces authentiques issues de tournages de films, des costumes originaux, des r\u00e9pliques iconiques sign\u00e9es et pl\u00e9thore d\u2019objets de collection. Dans des d\u00e9cors immersifs, des cosplayeurs sont aussi de la partie pour donner vie \u00e0 des personnages embl\u00e9matiques de la saga, et prendre la pose avec les visiteurs.<\/p>\n<p>Et aussi\u2026<\/p>\n<ul>\n<li>Ce vendredi\u00a0: s\u00e9ances gratuites d\u2019ost\u00e9opathie de 14 heures \u00e0 19 heures.<\/li>\n<li>Samedi\u00a0: parade de Val Grangent (15\u00a0heures).<\/li>\n<li>Samedi et dimanche, au Hall B\u00a0: d\u00e9monstrations de boxe (11\u00a0h\u00a045 et 14\u00a0h), mentalisme hypnose (15\u00a0h\u00a030) et d\u00e9monstrations de l\u2019Office du mouvement sportif st\u00e9phanois.<\/li>\n<li>Tout au long du week-end, retrouvez aussi Canou, la mascotte de la Foire, des attractions foraines, le groupe Irish Sky en d\u00e9ambulation, des plateaux de jeux TV, ainsi que des ateliers de robotisation Lego et de jeux vid\u00e9o (Hall B).<\/li>\n<\/ul>\n<p class=\"note\">Du vendredi\u00a026 au lundi 29\u00a0septembre de 10 \u00e0 19\u00a0heures (nocturne 22\u00a0heures). Parc-Expo. Entr\u00e9e\u00a0: 5\u00a0\u20ac, en ligne\u00a0: 4\u00a0\u20ac. Tarif r\u00e9duit\u00a0: 3\u00a0\u20ac. Renseignements\u00a0: <a href=\"http:\/\/www.foiredesaintetienne.com\" target=\"_blank\" rel=\"noopener\">www.foiredesaintetienne.com<\/a><\/p>\n","protected":false},"excerpt":{"rendered":"\u00ab\u00a0Tous en vert\u00a0\u00bb pour la Green Party, ce vendredi Pour sa seconde nocturne, la Foire promet de gagner&hellip;\n","protected":false},"author":2,"featured_media":418169,"comment_status":"","ping_status":"","sticky":false,"template":"","format":"standard","meta":{"footnotes":""},"categories":[9653],"tags":[1111,11,2430,1687,7539,1777,674,107,39952,1685,1011,27,3367,12,25,4001,7538,273],"class_list":{"0":"post-418168","1":"post","2":"type-post","3":"status-publish","4":"format-standard","5":"has-post-thumbnail","7":"category-saint-etienne","8":"tag-actu","9":"tag-actualites","10":"tag-auvergne-rhone-alpes","11":"tag-culture-loisirs","12":"tag-edition-loire-sud","13":"tag-eu","14":"tag-europe","15":"tag-fil-info","16":"tag-foire-de-saint-etienne","17":"tag-foire-et-salon","18":"tag-fr","19":"tag-france","20":"tag-loire","21":"tag-news","22":"tag-republique-francaise","23":"tag-saint-etienne","24":"tag-saint-etienne-ville","25":"tag-selection-de-la-redaction"},"share_on_mastodon":{"url":"https:\/\/pubeurope.com\/@fr\/115268879932857880","error":""},"_links":{"self":[{"href":"https:\/\/www.europesays.com\/fr\/wp-json\/wp\/v2\/posts\/418168","targetHints":{"allow":["GET"]}}],"collection":[{"href":"https:\/\/www.europesays.com\/fr\/wp-json\/wp\/v2\/posts"}],"about":[{"href":"https:\/\/www.europesays.com\/fr\/wp-json\/wp\/v2\/types\/post"}],"author":[{"embeddable":true,"href":"https:\/\/www.europesays.com\/fr\/wp-json\/wp\/v2\/users\/2"}],"replies":[{"embeddable":true,"href":"https:\/\/www.europesays.com\/fr\/wp-json\/wp\/v2\/comments?post=418168"}],"version-history":[{"count":0,"href":"https:\/\/www.europesays.com\/fr\/wp-json\/wp\/v2\/posts\/418168\/revisions"}],"wp:featuredmedia":[{"embeddable":true,"href":"https:\/\/www.europesays.com\/fr\/wp-json\/wp\/v2\/media\/418169"}],"wp:attachment":[{"href":"https:\/\/www.europesays.com\/fr\/wp-json\/wp\/v2\/media?parent=418168"}],"wp:term":[{"taxonomy":"category","embeddable":true,"href":"https:\/\/www.europesays.com\/fr\/wp-json\/wp\/v2\/categories?post=418168"},{"taxonomy":"post_tag","embeddable":true,"href":"https:\/\/www.europesays.com\/fr\/wp-json\/wp\/v2\/tags?post=418168"}],"curies":[{"name":"wp","href":"https:\/\/api.w.org\/{rel}","templated":true}]}}