{"id":418182,"date":"2025-09-26T05:22:13","date_gmt":"2025-09-26T05:22:13","guid":{"rendered":"https:\/\/www.europesays.com\/fr\/418182\/"},"modified":"2025-09-26T05:22:13","modified_gmt":"2025-09-26T05:22:13","slug":"techfest-alain-aspect-prix-nobel-de-physique-2022-en-conference-a-grenoble","status":"publish","type":"post","link":"https:\/\/www.europesays.com\/fr\/418182\/","title":{"rendered":"tech&#038;fest. Alain Aspect, prix Nobel de Physique 2022, en conf\u00e9rence \u00e0 Grenoble"},"content":{"rendered":"<p>  &#13;<br \/>\n      <a href=\"https:\/\/cdn-s-www.ledauphine.com\/images\/8975a582-8277-4b3d-9107-55d54f0461c3\/NW_raw\/alain-aspect-a-recu-le-prix-nobel-de-physique-2022-1666279517.jpg\" title=\"Alain Aspect a re\u00e7u le Prix Nobel de physique 2022.\" class=\"chocolat-image GA-tracking\" data-ga_type=\"click\" data-ga_category=\"D\u00e9tail\" data-ga_action=\"zoomer\" data-ga_label=\"agrandir image\" rel=\"nofollow noopener\" target=\"_blank\">&#13;<br \/>\n          <img loading=\"lazy\" decoding=\"async\" src=\"https:\/\/www.europesays.com\/fr\/wp-content\/uploads\/2025\/09\/alain-aspect-a-recu-le-prix-nobel-de-physique-2022-1666279517.jpg\" data-mobile=\"NW_listC_M|1666279517\" data-base=\"NW_listC|1666279517\" alt=\"Alain Aspect a re\u00e7u le Prix Nobel de physique 2022.\"\/>&#13;<br \/>\n      <\/a>&#13;<br \/>\n              Alain Aspect a re\u00e7u le Prix Nobel de physique 2022.&#13;<\/p>\n<p>\u00a0La premi\u00e8re r\u00e9volution quantique, fond\u00e9e sur la dualit\u00e9 onde-particule, a boulevers\u00e9 la science et la technologie et a permis des perc\u00e9es comme l\u2019invention du transistor et du laser, fondamentales pour les syst\u00e8mes d\u2019information modernes. <\/p>\n<p>Un \u00e9v\u00e9nement majeur dans l\u2019histoire de la physique a \u00e9t\u00e9 la d\u00e9monstration par le prix Nobel Alain Aspect et son \u00e9quipe de l\u2019intrication quantique qui ouvre la voie \u00e0 des avanc\u00e9es in\u00e9dites et \u00e0 des applications prometteuses dont l&rsquo;ordinateur quantique et les nouvelles m\u00e9thodes de cryptographie. <\/p>\n<p>C\u2019est la deuxi\u00e8me r\u00e9volution quantique, d\u00e9sormais en marche.\u00a0Lors de\u00a0la \u00ab\u00a0conf\u00e9rence d&rsquo;exception\u00a0\u00bb organis\u00e9e par l&rsquo;Universit\u00e9 Grenoble Alpes,\u00a0le physicien d\u00e9taillera les avanc\u00e9es qui ont transform\u00e9 notre compr\u00e9hension de la physique et leurs applications concr\u00e8tes dans les technologies actuelles et futures.<\/p>\n<p class=\"encadre_dates\">Rendez-vous\u00a0vendredi\u00a03 octobre\u00a0\u00e0 17h30 dans l&rsquo;amphith\u00e9\u00e2tre Louis Weil, place Centrale du campus de Saint-Martin-d&rsquo;H\u00e8res.\u00a0<\/p>\n<p><a href=\"https:\/\/culture.univ-grenoble-alpes.fr\/menu-principal\/agenda\/conference-d-exception-avec-alain-aspect-prix-nobel-de-physique-2022--1602455.kjsp\" target=\"_blank\" rel=\"nofollow noopener\">Pour s&rsquo;inscrire,\u00a0suivre ce lien.<\/a> <\/p>\n","protected":false},"excerpt":{"rendered":"&#13; &#13; &#13; &#13; Alain Aspect a re\u00e7u le Prix Nobel de physique 2022.&#13; \u00a0La premi\u00e8re r\u00e9volution quantique,&hellip;\n","protected":false},"author":2,"featured_media":418183,"comment_status":"","ping_status":"","sticky":false,"template":"","format":"standard","meta":{"footnotes":""},"categories":[9566],"tags":[1111,11,2430,9810,112,1777,674,1011,27,2731,2732,108,12,25,767,20932],"class_list":{"0":"post-418182","1":"post","2":"type-post","3":"status-publish","4":"format-standard","5":"has-post-thumbnail","7":"category-grenoble","8":"tag-actu","9":"tag-actualites","10":"tag-auvergne-rhone-alpes","11":"tag-direct-entreprises","12":"tag-edition-grenoble-agglomeration","13":"tag-eu","14":"tag-europe","15":"tag-fr","16":"tag-france","17":"tag-grenoble","18":"tag-grenoble-bassin","19":"tag-isere","20":"tag-news","21":"tag-republique-francaise","22":"tag-science-et-technologie","23":"tag-tech-and-fest"},"share_on_mastodon":{"url":"https:\/\/pubeurope.com\/@fr\/115268927442803942","error":""},"_links":{"self":[{"href":"https:\/\/www.europesays.com\/fr\/wp-json\/wp\/v2\/posts\/418182","targetHints":{"allow":["GET"]}}],"collection":[{"href":"https:\/\/www.europesays.com\/fr\/wp-json\/wp\/v2\/posts"}],"about":[{"href":"https:\/\/www.europesays.com\/fr\/wp-json\/wp\/v2\/types\/post"}],"author":[{"embeddable":true,"href":"https:\/\/www.europesays.com\/fr\/wp-json\/wp\/v2\/users\/2"}],"replies":[{"embeddable":true,"href":"https:\/\/www.europesays.com\/fr\/wp-json\/wp\/v2\/comments?post=418182"}],"version-history":[{"count":0,"href":"https:\/\/www.europesays.com\/fr\/wp-json\/wp\/v2\/posts\/418182\/revisions"}],"wp:featuredmedia":[{"embeddable":true,"href":"https:\/\/www.europesays.com\/fr\/wp-json\/wp\/v2\/media\/418183"}],"wp:attachment":[{"href":"https:\/\/www.europesays.com\/fr\/wp-json\/wp\/v2\/media?parent=418182"}],"wp:term":[{"taxonomy":"category","embeddable":true,"href":"https:\/\/www.europesays.com\/fr\/wp-json\/wp\/v2\/categories?post=418182"},{"taxonomy":"post_tag","embeddable":true,"href":"https:\/\/www.europesays.com\/fr\/wp-json\/wp\/v2\/tags?post=418182"}],"curies":[{"name":"wp","href":"https:\/\/api.w.org\/{rel}","templated":true}]}}