{"id":418190,"date":"2025-09-26T05:26:09","date_gmt":"2025-09-26T05:26:09","guid":{"rendered":"https:\/\/www.europesays.com\/fr\/418190\/"},"modified":"2025-09-26T05:26:09","modified_gmt":"2025-09-26T05:26:09","slug":"plusieurs-communes-traversees-voici-lesquelles","status":"publish","type":"post","link":"https:\/\/www.europesays.com\/fr\/418190\/","title":{"rendered":"plusieurs communes travers\u00e9es, voici lesquelles"},"content":{"rendered":"<p>            Par<br \/>\n        <strong><br \/>\n            <a href=\"https:\/\/actu.fr\/auteur\/ivan-capecchi\" title=\"Consulter tous les articles de Ivan CAPECCHI\" rel=\"nofollow noopener\" target=\"_blank\">Ivan CAPECCHI<\/a><br \/>\n        <\/strong><\/p>\n<p>        Publi\u00e9 le<\/p>\n<p>            26 sept. 2025 \u00e0 7h02        <\/p>\n<p>Samedi 27\u00a0septembre 2025, les <strong>motards en col\u00e8re<\/strong> prendront la route dans l\u2019<a href=\"https:\/\/actu.fr\/tag\/eurometropole-de-strasbourg\" rel=\"nofollow noopener\" target=\"_blank\">Eurom\u00e9tropole de Strasbourg<\/a> afin de protester contre le <strong>contr\u00f4le technique des deux-roues<\/strong> et les <a href=\"https:\/\/actu.fr\/tag\/zone-a-faibles-emissions-zfe\" rel=\"nofollow noopener\" target=\"_blank\">Zones \u00e0 faibles \u00e9missions (ZFE)<\/a>. Voici les communes qu\u2019ils comptent traverser.<\/p>\n<p>Plusieurs communes de l\u2019Eurom\u00e9tropole travers\u00e9es par les motards<\/p>\n<p class=\" wall-content\">Les manifestants se donnent rendez-vous \u00e0 14h rue des Cigognes \u00e0 <strong>Entzheim<\/strong>.<\/p>\n<p class=\" wall-content\">Ils passeront par <strong>Holtzheim, Achenheim, Wolfisheim, Oberhausbergen, Mittelhausbergen, Niederhausbergen, Mundolsheim<\/strong>, puis se rendront sur la <strong>M35<\/strong>.<\/p>\n<p class=\" wall-content\">Ensuite, ils emprunteront un bout de l\u2019<strong>avenue du Rhin<\/strong>, puis iront direction <strong>place de l\u2019\u00c9toile<\/strong>, leur point de chute.<\/p>\n<p class=\" wall-content\">Michel Esselin, coordinateur de la F\u00e9d\u00e9ration fran\u00e7aise des motards en col\u00e8re (FFMC), s\u2019attend \u00e0 voir quelques centaines de motards, peut-\u00eatre \u00ab\u2009jusqu\u2019\u00e0 300 ou 400\u2009\u00bb.<\/p>\n<p>Contre le contr\u00f4le technique moto et les ZFE<\/p>\n<p class=\" wall-content\">Les motards contestent le <a href=\"https:\/\/actu.fr\/societe\/controle-technique-des-motos-pourquoi-vous-avez-interet-a-le-passer-avant-la-fin-de-l-annee_61754907.html\" rel=\"nofollow noopener\" target=\"_blank\">contr\u00f4le technique moto<\/a>, entr\u00e9 en vigueur l\u2019ann\u00e9e derni\u00e8re, qu\u2019ils jugent <strong>inutile<\/strong> pour la s\u00e9curit\u00e9 (les pannes \u00e9tant tr\u00e8s peu en cause dans les accidents) et <strong>co\u00fbteux<\/strong> pour les usagers. Ils d\u00e9noncent aussi les ZFE, vues comme <strong>confuses<\/strong>, <strong>injustes<\/strong> et <strong>excluantes<\/strong> pour ceux qui d\u00e9pendent de vieux v\u00e9hicules.<\/p>\n<p>Votre r\u00e9gion, votre actu !<\/p>\n<p>Recevez chaque jour les infos qui comptent pour vous.<\/p>\n<p>\t<a href=\"https:\/\/actu.fr\/newsletter\" class=\"ac-btn ac-btn--corner ac-btn--medium ac-btn--blue800\" rel=\"nofollow noopener\" target=\"_blank\">S&rsquo;incrire<\/a><\/p>\n<p class=\" wall-content\">Le 28\u00a0mai 2025, l\u2019Assembl\u00e9e nationale a vot\u00e9 la <strong>suppression des ZFE<\/strong>, mais \u00ab\u2009la d\u00e9cision n\u2019est pas d\u00e9finitive\u2009\u00bb, fait remarquer M. Esselin\u2009: le texte fait partie d\u2019un projet de loi plus large <strong>encore en d\u00e9bat<\/strong>, avec plus de 600 amendements \u00e0 examiner, puis un passage devant le <strong>S\u00e9nat<\/strong> et un possible contr\u00f4le du <strong>Conseil constitutionnel<\/strong>.<\/p>\n<p class=\" wall-content\">Personnalisez votre actualit\u00e9 en ajoutant vos villes et m\u00e9dias en favori avec <a href=\"https:\/\/moncompte.actu.fr\" title=\"D\u00e9couvez Mon Actu\" rel=\"nofollow noopener\" data-trk=\"{&quot;cta&quot;:{&quot;action&quot;:&quot;https:\\\/\\\/moncompte.actu.fr&quot;,&quot;category&quot;:&quot;mon compte&quot;,&quot;from&quot;:&quot;article footer&quot;,&quot;name&quot;:&quot;Mon actu&quot;,&quot;type&quot;:&quot;cta&quot;}}\" target=\"_blank\">Mon Actu<\/a>.<\/p>\n","protected":false},"excerpt":{"rendered":"Par Ivan CAPECCHI Publi\u00e9 le 26 sept. 2025 \u00e0 7h02 Samedi 27\u00a0septembre 2025, les motards en col\u00e8re prendront&hellip;\n","protected":false},"author":2,"featured_media":418191,"comment_status":"","ping_status":"","sticky":false,"template":"","format":"standard","meta":{"footnotes":""},"categories":[2820],"tags":[1111,11,1777,5342,674,1011,27,775,1457,12,25,104,640,2433],"class_list":{"0":"post-418190","1":"post","2":"type-post","3":"status-publish","4":"format-standard","5":"has-post-thumbnail","7":"category-strasbourg","8":"tag-actu","9":"tag-actualites","10":"tag-eu","11":"tag-eurometropole-de-strasbourg","12":"tag-europe","13":"tag-fr","14":"tag-france","15":"tag-grand-est","16":"tag-moto","17":"tag-news","18":"tag-republique-francaise","19":"tag-societe","20":"tag-strasbourg","21":"tag-zone-a-faibles-emissions-zfe"},"share_on_mastodon":{"url":"https:\/\/pubeurope.com\/@fr\/115268942830880779","error":""},"_links":{"self":[{"href":"https:\/\/www.europesays.com\/fr\/wp-json\/wp\/v2\/posts\/418190","targetHints":{"allow":["GET"]}}],"collection":[{"href":"https:\/\/www.europesays.com\/fr\/wp-json\/wp\/v2\/posts"}],"about":[{"href":"https:\/\/www.europesays.com\/fr\/wp-json\/wp\/v2\/types\/post"}],"author":[{"embeddable":true,"href":"https:\/\/www.europesays.com\/fr\/wp-json\/wp\/v2\/users\/2"}],"replies":[{"embeddable":true,"href":"https:\/\/www.europesays.com\/fr\/wp-json\/wp\/v2\/comments?post=418190"}],"version-history":[{"count":0,"href":"https:\/\/www.europesays.com\/fr\/wp-json\/wp\/v2\/posts\/418190\/revisions"}],"wp:featuredmedia":[{"embeddable":true,"href":"https:\/\/www.europesays.com\/fr\/wp-json\/wp\/v2\/media\/418191"}],"wp:attachment":[{"href":"https:\/\/www.europesays.com\/fr\/wp-json\/wp\/v2\/media?parent=418190"}],"wp:term":[{"taxonomy":"category","embeddable":true,"href":"https:\/\/www.europesays.com\/fr\/wp-json\/wp\/v2\/categories?post=418190"},{"taxonomy":"post_tag","embeddable":true,"href":"https:\/\/www.europesays.com\/fr\/wp-json\/wp\/v2\/tags?post=418190"}],"curies":[{"name":"wp","href":"https:\/\/api.w.org\/{rel}","templated":true}]}}