{"id":418192,"date":"2025-09-26T05:27:11","date_gmt":"2025-09-26T05:27:11","guid":{"rendered":"https:\/\/www.europesays.com\/fr\/418192\/"},"modified":"2025-09-26T05:27:11","modified_gmt":"2025-09-26T05:27:11","slug":"apres-lexploit-contre-le-psg-un-statut-a-assumer-pour-marseille","status":"publish","type":"post","link":"https:\/\/www.europesays.com\/fr\/418192\/","title":{"rendered":"apr\u00e8s l\u2019exploit contre le PSG, un statut \u00e0 assumer pour Marseille"},"content":{"rendered":"<p>L\u2019heure de la confirmation pour les Olympiens, tombeurs de l\u2019ogre parisien lundi et qui ouvrent le bal de la sixi\u00e8me journ\u00e9e de Ligue 1 sur le terrain de Strasbourg ce vendredi.<\/p>\n<p class=\"fig-paragraph\">\u00abSi on arrive en claquettes \u00e0 Strasbourg, c\u2019est qu\u2019on n\u2019est pas pr\u00eats mentalement\u00bb.\u00a0<a href=\"http:\/\/www.lefigaro.fr\/sports\/football\/ligue-1\/c-etait-un-reve-de-battre-le-psg-de-zerbi-aux-anges-apres-le-succes-de-l-om-20250922\" data-fig-type=\"NewsFlash\" data-gtm-custom-categorie=\"navigation\" data-gtm-custom-action=\"crossclick\" data-gtm-custom-label=\"Contextuel\" data-gtm-event=\"customEventSPE\" data-fig-domain=\"LEFIGARO\" target=\"_blank\" rel=\"noopener\">Sign\u00e9 Roberto De Zerbi<\/a>, lundi, apr\u00e8s\u00a0<a href=\"http:\/\/www.lefigaro.fr\/sports\/football\/ligue-1\/ligue-1-pour-la-premiere-fois-depuis-2011-l-om-s-offre-le-psg-au-velodrome-20250922\" data-fig-type=\"Article\" data-gtm-custom-categorie=\"navigation\" data-gtm-custom-action=\"crossclick\" data-gtm-custom-label=\"Contextuel\" data-gtm-event=\"customEventSPE\" data-fig-domain=\"LEFIGARO\" target=\"_blank\" rel=\"noopener\">le succ\u00e8s 1-0 en forme de \u00abr\u00eave\u00bb face \u00e0 un \u00abPSG<\/a> \u00a0qui repr\u00e9sente le pouvoir\u00bb. Extatique pendant et apr\u00e8s le Classique, le technicien italien n\u2019en restait pas moins conscient que ce n\u2019\u00e9tait \u00abqu\u2019une victoire, trois points, on n\u2019a rien fait. Le match le plus important, c\u2019est celui de Strasbourg. Il faut remettre tout ce qu\u2019on a mis ce soir sur le terrain, on veut construire une grande \u00e9quipe\u00bb, disait-il encore. La t\u00eate sur les \u00e9paules et les id\u00e9es claires. Plus qu\u2019au moment d\u2019\u00eatre exclu lundi face \u00e0 Paris, au d\u00e9but des arr\u00eats de jeu\u2026 \u00abJ\u2019ai commis une erreur car je dis toujours \u00e0 mes joueurs de ne pas s\u2019agacer\u00bb,\u00a0<a href=\"http:\/\/www.lefigaro.fr\/sports\/football\/ligue-1\/erreur-contre-le-psg-amour-pour-ses-recrues-attitude-de-greenwood-les-mots-de-zerbi-avant-strasbourg-om-20250925\" data-fig-type=\"NewsFlash\" data-gtm-custom-categorie=\"navigation\" data-gtm-custom-action=\"crossclick\" data-gtm-custom-label=\"Contextuel\" data-gtm-event=\"customEventSPE\" data-fig-domain=\"LEFIGARO\" target=\"_blank\" rel=\"noopener\">a-t-il admis vendredi<\/a>.<\/p>\n<p class=\"fig-paragraph\">Sachant que\u00a0<a href=\"http:\/\/www.lefigaro.fr\/sports\/football\/ligue-1\/om-psg-les-chiffres-marquants-apres-le-succes-historique-des-marseillais-20250923\" data-fig-type=\"NewsFlash\" data-gtm-custom-categorie=\"navigation\" data-gtm-custom-action=\"crossclick\" data-gtm-custom-label=\"Contextuel\" data-gtm-event=\"customEventSPE\" data-fig-domain=\"LEFIGARO\" target=\"_blank\" rel=\"noopener\">l\u2019OM n\u2019avait plus battu son meilleur ennemi parisien depuis 14 ans au V\u00e9lodrome en championnat<\/a>\u00a0et restait sur cinq revers cons\u00e9cutifs dans le Classique depuis\u00a0<a href=\"http:\/\/www.lefigaro.fr\/sports\/football\/coupe-de-france\/les-notes-apres-om-psg-rongier-en-chef-de-meute-messi-musele-20230209\" data-fig-type=\"NewsFlash\" data-gtm-custom-categorie=\"navigation\" data-gtm-custom-action=\"crossclick\" data-gtm-custom-label=\"Contextuel\" data-gtm-event=\"customEventSPE\" data-fig-domain=\"LEFIGARO\" target=\"_blank\" rel=\"noopener\">le succ\u00e8s 2-1 en Coupe de France, en 2023<\/a>, personne ne lui en voudra sur la Canebi\u00e8re.\u00a0<a href=\"http:\/\/www.lefigaro.fr\/sports\/football\/ligue-1\/om-psg-le-velodrome-en-feu-dans-l-ombre-du-ballon-d-or-fin-de-match-houleuse-coups-de-coeur-et-coups-de-griffe-20250923\" data-fig-type=\"NewsFlash\" data-gtm-custom-categorie=\"navigation\" data-gtm-custom-action=\"crossclick\" data-gtm-custom-label=\"Contextuel\" data-gtm-event=\"customEventSPE\" data-fig-domain=\"LEFIGARO\" target=\"_blank\" rel=\"noopener\">Une victoire qui en vaut deux dans le c\u0153ur des Marseillais<\/a>, avec De Zerbi en architecte. Et si sa m\u00e9thode et ses id\u00e9es de jeu passaient enfin, un peu plus d\u2019un an apr\u00e8s sa prise de fonction\u00a0?<\/p>\n<p>                                    <a class=\"fig-a11y-skip a11y-hidden\" href=\"#fig-a11y-skip-main-inarticle\"><br \/>\n        Passer la publicit\u00e9<br \/>\n    <\/a><\/p>\n<p>Des nouveaux venus d\u00e9j\u00e0 comme chez eux<\/p>\n<p class=\"fig-paragraph\">\u00abJ\u2019ai d\u00e9j\u00e0 menac\u00e9 les joueurs\u00bb, ajoutait l\u2019ancien coach de Brighton, martelant que son \u00ab\u00e9quipe est forte\u00bb et que ses \u00abjoueurs (sont) forts\u00bb. Ces derniers l\u2019ont d\u00e9montr\u00e9 lundi contre l\u2019ogre parisien. Ils n\u2019avaient pas d\u00e9m\u00e9rit\u00e9 non plus \u00e0 Madrid,\u00a0<a href=\"http:\/\/www.lefigaro.fr\/sports\/football\/ligue-des-champions\/les-notes-de-real-om-mbappe-clinique-rulli-heros-o-riley-catastrophique-20250916\" data-fig-type=\"NewsFlash\" data-gtm-custom-categorie=\"navigation\" data-gtm-custom-action=\"crossclick\" data-gtm-custom-label=\"Contextuel\" data-gtm-event=\"customEventSPE\" data-fig-domain=\"LEFIGARO\" target=\"_blank\" rel=\"noopener\">contre le Real de Kylian Mbapp\u00e9 (d\u00e9faite 2-1)<\/a>, en Ligue des champions. Y compris les nombreux nouveaux venus, d\u00e9j\u00e0 comme chez eux. \u00abEmerson est tr\u00e8s intelligent, on a l\u2019impression qu\u2019il est avec nous depuis deux ans. M\u00eame chose pour Benjamin Pavard, Nayef Aguerd, Matt O\u2019Riley a d\u00e9j\u00e0 une connexion avec Pierre-Emile Hojbjerg, ils sont Danois\u00bb, relevait \u00abRDZ\u00bb, saluant \u00abl\u2019\u00e9tat d\u2019esprit, les un-contre-un, le pressing, cette envie de tout le monde de faire le match face \u00e0 une \u00e9quipe plus forte que nous, les champions d\u2019Europe\u00bb.<\/p>\n<p class=\"fig-body-link\">\n            \u00c0 lire aussi<br \/>\n        <a class=\"fig-body-link__link\" href=\"http:\/\/www.lefigaro.fr\/sports\/football\/ligue-1\/erreur-contre-le-psg-amour-pour-ses-recrues-attitude-de-greenwood-les-mots-de-zerbi-avant-strasbourg-om-20250925\" data-fig-type=\"NewsFlash\" data-gtm-custom-categorie=\"navigation\" data-gtm-custom-action=\"crossclick\" data-gtm-custom-label=\"Contextuel\" data-gtm-event=\"customEventSPE\" data-fig-domain=\"LEFIGARO\" target=\"_blank\" rel=\"noopener\">Ligue 1\u00a0: \u00abErreur\u00bb contre le PSG, \u00abamour\u00bb pour ses recrues, attitude de Greenwood&#8230; Les mots de Roberto De Zerbi avant Strasbourg-OM<br \/>\n    <\/a>\n<\/p>\n<p class=\"fig-paragraph\">\u00c0 Strasbourg ce vendredi (20h45), en ouverture de\u00a0<a href=\"https:\/\/www.lefigaro.fr\/sports\/football\/ligue-1\/calendrier-resultats\" target=\"_blank\" rel=\"noopener\" data-gtm-custom-categorie=\"navigation\" data-gtm-custom-action=\"crossclick\" data-gtm-custom-label=\"Contextuel\" data-gtm-event=\"customEventSPE\">la sixi\u00e8me journ\u00e9e<\/a>, l\u2019adversaire, quoique mieux class\u00e9 que l\u2019OM (4e contre 6e\u00a0<a href=\"https:\/\/www.lefigaro.fr\/sports\/football\/ligue-1\/classement\" target=\"_blank\" rel=\"noopener\" data-gtm-custom-categorie=\"navigation\" data-gtm-custom-action=\"crossclick\" data-gtm-custom-label=\"Contextuel\" data-gtm-event=\"customEventSPE\">au classement<\/a>), ne sera pas plus fort sur le papier. Il conviendra d\u2019assumer le nouveau statut que le succ\u00e8s dans le Classique offre aux Olympiens. \u00abJe ne suis pas magicien, je ne peux faire que pr\u00e9parer les joueurs au mieux. On va c\u00e9l\u00e9brer et (mardi), on tourne la page, c\u2019est le sport. On en reparlera peut-\u00eatre dans 20 ou 30 ans. Il faut oublier et on recommence de z\u00e9ro d\u00e8s demain\u00bb, jurait-il lundi soir.<\/p>\n<p class=\"fig-paragraph\">De z\u00e9ro, peut-\u00eatre pas. Il faut au contraire construire sur ce succ\u00e8s m\u00e9ritoire et lors duquel l\u2019OM a mis des ingr\u00e9dients comme autant de gages pour l\u2019avenir. Pas que le c\u0153ur et l\u2019envie. Les Marseillais ont aussi montr\u00e9 des choses int\u00e9ressantes sur les plans tactique et technique, m\u00eame s\u2019ils n\u2019ont finalement marqu\u00e9 que sur un but contre son camp de Marquinhos et\u00a0<a href=\"http:\/\/www.lefigaro.fr\/sports\/football\/ligue-1\/les-notes-apres-om-psg-aguerd-heros-rulli-infranchissable-chevalier-fautif-20250922\" data-fig-type=\"NewsFlash\" data-gtm-custom-categorie=\"navigation\" data-gtm-custom-action=\"crossclick\" data-gtm-custom-label=\"Contextuel\" data-gtm-event=\"customEventSPE\" data-fig-domain=\"LEFIGARO\" target=\"_blank\" rel=\"noopener\">une erreur du portier parisien Lucas Chevalier<\/a>\u00a0lundi. Un succ\u00e8s qui n\u2019aurait servi \u00e0 rien si l\u2019OM chutait contre l\u2019ambitieux Racing ce vendredi, dans ce duel entre excit\u00e9s du mercato. Ce serait d\u00e9j\u00e0 le troisi\u00e8me revers de la saison en L1.<\/p>\n<blockquote class=\"fig-quote&#10;    \">\n<p class=\"fig-quote__text\">On ferme ce chapitre et on se concentre sur Strasbourg.<\/p>\n<p>            Emerson Palmieri\n    <\/p><\/blockquote>\n<p class=\"fig-paragraph\">Le message est en tout cas pass\u00e9 aupr\u00e8s des joueurs. \u00abC\u2019est \u00e7a le football, il faut tout de suite tourner la page. On ferme ce chapitre et on se concentre sur Strasbourg\u00bb,\u00a0<a href=\"http:\/\/www.lefigaro.fr\/sports\/football\/ligue-1\/om-on-ferme-ce-chapitre-et-on-se-concentre-sur-strasbourg-emerson-ne-veut-plus-penser-au-psg-20250925\" data-fig-type=\"NewsFlash\" data-gtm-custom-categorie=\"navigation\" data-gtm-custom-action=\"crossclick\" data-gtm-custom-label=\"Contextuel\" data-gtm-event=\"customEventSPE\" data-fig-domain=\"LEFIGARO\" target=\"_blank\" rel=\"noopener\">a par exemple indiqu\u00e9 Emerson vendredi<\/a>, en conf\u00e9rence de presse de veille de match. Et d\u2019ajouter\u00a0: \u00abOn y va avec de l\u2019humilit\u00e9\u00bb.<\/p>\n<p class=\"fig-paragraph\">En attendant, tous les r\u00eaves sont permis du c\u00f4t\u00e9 de l\u2019OM. Et m\u00eame celui de concurrencer le PSG en vue du titre\u00a0? \u00abOn verra, je ne sais pas, je ne suis pas devin,\u00a0<a href=\"http:\/\/www.lefigaro.fr\/sports\/football\/ligue-1\/luis-enrique-apres-om-psg-c-est-normal-de-perdre-quelques-matchs-dans-la-competition-20250922\" data-fig-type=\"NewsFlash\" data-gtm-custom-categorie=\"navigation\" data-gtm-custom-action=\"crossclick\" data-gtm-custom-label=\"Contextuel\" data-gtm-event=\"customEventSPE\" data-fig-domain=\"LEFIGARO\" target=\"_blank\" rel=\"noopener\">glissait Luis Enrique<\/a>\u00a0lundi, au V\u00e9lodrome. On vise \u00e0 \u00eatre champions, encore, c\u2019est l\u2019objectif, ce sera dur car il y a des \u00e9quipes comme l\u2019OM et Monaco qui sont toujours l\u00e0.\u00bb C\u2019est d\u2019ailleurs l\u2019ASM qui appara\u00eet en t\u00eate du\u00a0<a href=\"https:\/\/www.lefigaro.fr\/sports\/football\/ligue-1\/classement\" target=\"_blank\" rel=\"noopener\" data-gtm-custom-categorie=\"navigation\" data-gtm-custom-action=\"crossclick\" data-gtm-custom-label=\"Contextuel\" data-gtm-event=\"customEventSPE\">classement<\/a>\u00a0avant\u00a0<a href=\"https:\/\/www.lefigaro.fr\/sports\/football\/ligue-1\/calendrier-resultats\" target=\"_blank\" rel=\"noopener\" data-gtm-custom-categorie=\"navigation\" data-gtm-custom-action=\"crossclick\" data-gtm-custom-label=\"Contextuel\" data-gtm-event=\"customEventSPE\">la sixi\u00e8me lev\u00e9e<\/a>, avec le m\u00eame nombre de points que Paris, Lyon et\u2026 Strasbourg (12 pts), trois longueurs devant Marseille (9).<\/p>\n<p class=\"fig-body-link\">\n            \u00c0 lire aussi<br \/>\n        <a class=\"fig-body-link__link fig-premium-mark\" href=\"http:\/\/www.lefigaro.fr\/sports\/football\/ligue-1\/les-notes-apres-om-psg-aguerd-heros-rulli-infranchissable-chevalier-fautif-20250922\" data-fig-type=\"NewsFlash\" data-gtm-custom-categorie=\"navigation\" data-gtm-custom-action=\"crossclick\" data-gtm-custom-label=\"Contextuel\" data-gtm-event=\"customEventSPE\" data-fig-domain=\"LEFIGARO\" target=\"_blank\" rel=\"noopener\">Les notes apr\u00e8s OM-PSG\u00a0: Aguerd h\u00e9ros, Rulli infranchissable, Chevalier fautif<br \/>\n    <\/a>\n<\/p>\n<p>                                    <a class=\"fig-a11y-skip a11y-hidden\" href=\"#fig-a11y-skip-main-inarticle_mtf\"><br \/>\n        Passer la publicit\u00e9<br \/>\n    <\/a><\/p>\n<p>La \u00ablumi\u00e8re point\u00e9e\u00bb sur l\u2019OM<\/p>\n<p class=\"fig-paragraph\">Sachant que les Parisiens vont peut-\u00eatre l\u00e2cher plus de points en route qu\u2019\u00e0 l\u2019accoutum\u00e9e apr\u00e8s une saison 2024-25 \u00e0 rallonge et une pr\u00e9paration tronqu\u00e9e, avec les joueurs qui tombent comme des mouches (Demb\u00e9l\u00e9, Dou\u00e9, Neves\u2026), c\u2019est potentiellement l\u2019ann\u00e9e ou jamais. Mais encore une fois, il faudra assumer ce nouveau statut. \u00abApr\u00e8s le PSG, on nous attendra encore plus, la lumi\u00e8re sera point\u00e9e sur nous. Strasbourg nous attendra, mais les autres \u00e9quipes aussi quand tu bats le PSG. Ce n\u2019est pas une angoisse ou de la pression, c\u2019est positif\u00bb,\u00a0<a href=\"http:\/\/www.lefigaro.fr\/sports\/football\/ligue-1\/erreur-contre-le-psg-amour-pour-ses-recrues-attitude-de-greenwood-les-mots-de-zerbi-avant-strasbourg-om-20250925\" data-fig-type=\"NewsFlash\" data-gtm-custom-categorie=\"navigation\" data-gtm-custom-action=\"crossclick\" data-gtm-custom-label=\"Contextuel\" data-gtm-event=\"customEventSPE\" data-fig-domain=\"LEFIGARO\" target=\"_blank\" rel=\"noopener\">pr\u00e9tend De Zerbi<\/a>, assurant que son \u00e9quipe dispose d\u2019une \u00abmarge de progression importante au niveau du jeu par rapport au match de lundi. On n\u2019est pas encore en mesure de g\u00e9rer la possession du ballon parfaitement. Il y a beaucoup de choses \u00e0 changer encore.\u00bb<\/p>\n<p class=\"fig-paragraph\">Strasbourg, premi\u00e8re \u00e9tape pour cet Olympique de Marseille qui a encore tout \u00e0 prouver en termes de jeu mais porte en lui de belles promesses apr\u00e8s ces \u00abdeux gros matchs\u00bb contre le Real et le PSG,\u00a0<a href=\"http:\/\/www.lefigaro.fr\/sports\/football\/ligue-1\/om-on-ferme-ce-chapitre-et-on-se-concentre-sur-strasbourg-emerson-ne-veut-plus-penser-au-psg-20250925\" data-fig-type=\"NewsFlash\" data-gtm-custom-categorie=\"navigation\" data-gtm-custom-action=\"crossclick\" data-gtm-custom-label=\"Contextuel\" data-gtm-event=\"customEventSPE\" data-fig-domain=\"LEFIGARO\" target=\"_blank\" rel=\"noopener\">dixit Emerson<\/a>. La question est d\u2019ailleurs de savoir si les Olympiens tenteront de faire le jeu \u00e0 la Meinau, ou s\u2019ils se contenteront de jouer le contre face \u00e0 \u00abde bons joueurs jeunes, qui courent, de mani\u00e8re organis\u00e9e\u00bb. Le r\u00e9sultat, mais pas que pour l\u2019OM.<\/p>\n","protected":false},"excerpt":{"rendered":"L\u2019heure de la confirmation pour les Olympiens, tombeurs de l\u2019ogre parisien lundi et qui ouvrent le bal de&hellip;\n","protected":false},"author":2,"featured_media":418193,"comment_status":"","ping_status":"","sticky":false,"template":"","format":"standard","meta":{"footnotes":""},"categories":[2820],"tags":[1111,11,1777,674,1011,27,775,66,12,149,4448,25,640],"class_list":{"0":"post-418192","1":"post","2":"type-post","3":"status-publish","4":"format-standard","5":"has-post-thumbnail","7":"category-strasbourg","8":"tag-actu","9":"tag-actualites","10":"tag-eu","11":"tag-europe","12":"tag-fr","13":"tag-france","14":"tag-grand-est","15":"tag-ligue-1","16":"tag-news","17":"tag-om","18":"tag-rc-strasbourg","19":"tag-republique-francaise","20":"tag-strasbourg"},"share_on_mastodon":{"url":"https:\/\/pubeurope.com\/@fr\/115268946699570547","error":""},"_links":{"self":[{"href":"https:\/\/www.europesays.com\/fr\/wp-json\/wp\/v2\/posts\/418192","targetHints":{"allow":["GET"]}}],"collection":[{"href":"https:\/\/www.europesays.com\/fr\/wp-json\/wp\/v2\/posts"}],"about":[{"href":"https:\/\/www.europesays.com\/fr\/wp-json\/wp\/v2\/types\/post"}],"author":[{"embeddable":true,"href":"https:\/\/www.europesays.com\/fr\/wp-json\/wp\/v2\/users\/2"}],"replies":[{"embeddable":true,"href":"https:\/\/www.europesays.com\/fr\/wp-json\/wp\/v2\/comments?post=418192"}],"version-history":[{"count":0,"href":"https:\/\/www.europesays.com\/fr\/wp-json\/wp\/v2\/posts\/418192\/revisions"}],"wp:featuredmedia":[{"embeddable":true,"href":"https:\/\/www.europesays.com\/fr\/wp-json\/wp\/v2\/media\/418193"}],"wp:attachment":[{"href":"https:\/\/www.europesays.com\/fr\/wp-json\/wp\/v2\/media?parent=418192"}],"wp:term":[{"taxonomy":"category","embeddable":true,"href":"https:\/\/www.europesays.com\/fr\/wp-json\/wp\/v2\/categories?post=418192"},{"taxonomy":"post_tag","embeddable":true,"href":"https:\/\/www.europesays.com\/fr\/wp-json\/wp\/v2\/tags?post=418192"}],"curies":[{"name":"wp","href":"https:\/\/api.w.org\/{rel}","templated":true}]}}