{"id":418198,"date":"2025-09-26T05:30:28","date_gmt":"2025-09-26T05:30:28","guid":{"rendered":"https:\/\/www.europesays.com\/fr\/418198\/"},"modified":"2025-09-26T05:30:28","modified_gmt":"2025-09-26T05:30:28","slug":"pas-question-de-le-laisser-tranquille-un-accueil-houleux-pour-bruno-retailleau-dans","status":"publish","type":"post","link":"https:\/\/www.europesays.com\/fr\/418198\/","title":{"rendered":"\u00ab\u00a0Pas question de le laisser tranquille\u00a0\u00bb\u00a0: un accueil houleux pour Bruno Retailleau dans"},"content":{"rendered":"<p>Le ministre de l\u2019int\u00e9rieur d\u00e9missionnaire et pr\u00e9sident du parti Les R\u00e9publicains, <a href=\"https:\/\/angers.maville.com\/actu\/actudet_-bruno-retailleau-patron-des-republicains-attendu-en-anjou-fin-septembre-_9-6978317_actu.Htm\" target=\"_blank\" rel=\"noopener\">Bruno Retailleau, est attendu \u00e0 Beaupr\u00e9au-en-Mauges<\/a> (Maine-et-Loire), ce samedi 27\u00a0septembre 2025, \u00e0 l\u2019occasion de la rentr\u00e9e politique de la f\u00e9d\u00e9ration d\u00e9partementale.<\/p>\n<p>\u00ab\u00a0Une casserolade pour accueillir le ministre\u00a0\u00bb<\/p>\n<p>L\u2019ultra gauche a d\u2019ores et d\u00e9j\u00e0 multipli\u00e9 les appels sur les r\u00e9seaux sociaux pour \u00ab\u00a0accueillir\u00a0\u00bb l\u2019homme politique \u00e0 son arriv\u00e9e. <strong>\u00ab\u00a0Il va se positionner en vue des prochaines \u00e9lections et fera probablement des annonces. Pas question de le laisser tranquille. Une casserolade pour accueillir le ministre, et plus si affinit\u00e9, aura lieu \u00e0 l\u2019appel du mouvement \u00ab\u00a0Bloquons tout\u00a0\u00bb de Maine-et-Loire. L\u2019assembl\u00e9e g\u00e9n\u00e9rale de Nantes a d\u00e9cid\u00e9 de relayer l\u2019appel\u00a0\u00bb.<\/strong><\/p>\n<p>Les manifestants se sont donn\u00e9 rendez-vous \u00e0 8\u00a0h, au niveau du parking Pinier de Beaupr\u00e9au, pour pr\u00e9parer leur action.<\/p>\n<p>\u00a0<\/p>\n","protected":false},"excerpt":{"rendered":"Le ministre de l\u2019int\u00e9rieur d\u00e9missionnaire et pr\u00e9sident du parti Les R\u00e9publicains, Bruno Retailleau, est attendu \u00e0 Beaupr\u00e9au-en-Mauges (Maine-et-Loire),&hellip;\n","protected":false},"author":2,"featured_media":418199,"comment_status":"","ping_status":"","sticky":false,"template":"","format":"standard","meta":{"footnotes":""},"categories":[2818],"tags":[14073,1111,11,3211,1777,674,1011,27,54787,469,766,12,9144,2636,7515,25,3229,7912],"class_list":{"0":"post-418198","1":"post","2":"type-post","3":"status-publish","4":"format-standard","5":"has-post-thumbnail","7":"category-nantes","8":"tag-accueil","9":"tag-actu","10":"tag-actualites","11":"tag-bruno","12":"tag-eu","13":"tag-europe","14":"tag-fr","15":"tag-france","16":"tag-houleux","17":"tag-laisser","18":"tag-nantes","19":"tag-news","20":"tag-ouest","21":"tag-pays-de-la-loire","22":"tag-question","23":"tag-republique-francaise","24":"tag-retailleau","25":"tag-tranquille"},"share_on_mastodon":{"url":"https:\/\/pubeurope.com\/@fr\/115268958572087836","error":""},"_links":{"self":[{"href":"https:\/\/www.europesays.com\/fr\/wp-json\/wp\/v2\/posts\/418198","targetHints":{"allow":["GET"]}}],"collection":[{"href":"https:\/\/www.europesays.com\/fr\/wp-json\/wp\/v2\/posts"}],"about":[{"href":"https:\/\/www.europesays.com\/fr\/wp-json\/wp\/v2\/types\/post"}],"author":[{"embeddable":true,"href":"https:\/\/www.europesays.com\/fr\/wp-json\/wp\/v2\/users\/2"}],"replies":[{"embeddable":true,"href":"https:\/\/www.europesays.com\/fr\/wp-json\/wp\/v2\/comments?post=418198"}],"version-history":[{"count":0,"href":"https:\/\/www.europesays.com\/fr\/wp-json\/wp\/v2\/posts\/418198\/revisions"}],"wp:featuredmedia":[{"embeddable":true,"href":"https:\/\/www.europesays.com\/fr\/wp-json\/wp\/v2\/media\/418199"}],"wp:attachment":[{"href":"https:\/\/www.europesays.com\/fr\/wp-json\/wp\/v2\/media?parent=418198"}],"wp:term":[{"taxonomy":"category","embeddable":true,"href":"https:\/\/www.europesays.com\/fr\/wp-json\/wp\/v2\/categories?post=418198"},{"taxonomy":"post_tag","embeddable":true,"href":"https:\/\/www.europesays.com\/fr\/wp-json\/wp\/v2\/tags?post=418198"}],"curies":[{"name":"wp","href":"https:\/\/api.w.org\/{rel}","templated":true}]}}