{"id":418203,"date":"2025-09-26T05:33:14","date_gmt":"2025-09-26T05:33:14","guid":{"rendered":"https:\/\/www.europesays.com\/fr\/418203\/"},"modified":"2025-09-26T05:33:14","modified_gmt":"2025-09-26T05:33:14","slug":"hockey-ligue-magnus-bordeaux-recoit-amiens-pour-sortir-de-sa-spirale-negative","status":"publish","type":"post","link":"https:\/\/www.europesays.com\/fr\/418203\/","title":{"rendered":"Hockey (Ligue Magnus). Bordeaux re\u00e7oit Amiens pour sortir de sa spirale n\u00e9gative"},"content":{"rendered":"<p>Le temps presse d\u00e9j\u00e0 pour les Boxers avant la r\u00e9ception d\u2019Amiens. Avec quatre d\u00e9faites en autant de rencontres de championnat pour entamer l\u2019exercice, Bordeaux est loin des esp\u00e9rances n\u00e9es des derni\u00e8res saisons et des ambitions affich\u00e9es. Si les matchs perdus \u00e0 domicile contre les cadors Rouen (2-4) et Angers (1-4) ont laiss\u00e9 un go\u00fbt amer \u00e0 cause de la domination et l\u2019inefficacit\u00e9 des Bordelais,<a href=\"https:\/\/www.sudouest.fr\/sport\/hockey-sur-glace\/boxers-bordeaux\/hockey-ligue-magnus-les-boxers-de-bordeaux-n-y-arrivent-toujours-pas-a-chamonix-26049015.php\" rel=\"nofollow noopener\" target=\"_blank\"> le dernier revers \u00e0 Chamonix (4-1)<\/a> laisse moins de place \u00e0 l\u2019enthousiasme.<\/p>\n<p>Encore une fois, les Boxers ont pouss\u00e9 devant la cage adverse, obligeant le gardien chamoniard Tom Aubrun \u00e0 r\u00e9aliser 45 arr\u00eats. Mais mardi soir, l\u2019inefficacit\u00e9 bordelaise \u00e9tait difficile \u00e0 justifier\u00a0: les joueurs d\u2019Olivier Dimet ont \u00e9volu\u00e9 \u00e0 six reprises en sup\u00e9riorit\u00e9 num\u00e9rique, sans jamais parvenir \u00e0 faire fructifier cet avantage. \u00ab\u00a0La copie n\u2019est pas satisfaisante. Le talent ne suffit pas, nous devons avoir plus d\u2019envie que l\u2019adversaire. Derni\u00e8rement, ce n\u2019est pas suffisant dans l\u2019\u00e9tat d\u2019esprit, nous ne mettons pas les bons ingr\u00e9dients\u00a0\u00bb, avance l\u2019entra\u00eeneur bordelais \u00e0 la veille du match contre Amiens.<\/p>\n<p>Une r\u00e9action collective sera donc attendue, et m\u00eame presque obligatoire, ce vendredi pour la r\u00e9ception des Gothiques. \u00ab\u00a0Les points perdus ne se rattraperont pas et il y a d\u00e9j\u00e0 un foss\u00e9 qui s\u2019est creus\u00e9 avec la t\u00eate du championnat. On n\u2019a pas le choix, admet Olivier Dimet. Si on a l\u2019ambition de jouer vers le haut, il faut gagner les prochains matchs sinon l\u2019\u00e9cart va continuer \u00e0 augmenter.\u00a0\u00bb<\/p>\n<p>\u00ab\u00a0Retrouver notre identit\u00e9\u00a0\u00bb<\/p>\n<p>Pour autant, le groupe se garde de tenir un discours alarmiste\u00a0: \u00ab\u00a0Il ne faut pas se mettre dans le trou mentalement \u00e0 cause de cette mauvaise s\u00e9rie, mais travailler dans le bon sens pour faire tourner les choses\u00a0\u00bb, d\u00e9clarait Aina Rambelo au sortir de la d\u00e9faite \u00e0 Chamonix. \u00ab\u00a0Le prochain match\u00a0? On l\u2019aborde comme tous les autres, avec l\u2019envie de gagner. Mais il faudra \u00eatre plus tueurs\u00a0\u00bb, ajoutait l\u2019attaquant.<\/p>\n<p>Amiens reste sur une lourde d\u00e9faite contre le champion en titre Grenoble \u00e0 domicile (2-6), mais \u00e0 l\u2019image de leur succ\u00e8s \u00e0 Brian\u00e7on (0-5), les Gothiques sont capables de coups d\u2019\u00e9clat et ont les armes pour emb\u00eater Bordeaux. Contre une \u00e9quipe au style de jeu intense, le d\u00e9fi physique sera rude pour les Boxers. \u00ab\u00a0\u00c0 nous de savoir y r\u00e9pondre, lance Olivier Dimet. Il faudra retrouver de l\u2019intensit\u00e9, notre identit\u00e9 de jeu, avec de la vitesse dans les transmissions et le patinage, ce qui a manqu\u00e9 dans les derniers matchs.\u00a0\u00bb<\/p>\n<p>En froid avec leur glace, critiqu\u00e9e pour sa mauvaise qualit\u00e9 depuis le d\u00e9but de la saison, l\u2019autre d\u00e9fi sera de se r\u00e9concilier avec la patinoire de M\u00e9riadeck, o\u00f9 les Bordelais pourront compter sur le soutien de leur public. \u00ab\u00a0Il ne faut pas se chercher d\u2019excuses, conclut l\u2019entra\u00eeneur des Boxers. Peu importent les conditions de jeu, il faut \u00eatre meilleurs.\u00a0\u00bb Et enfin trouver la faille pour ne pas s\u2019enfoncer un peu plus dans cette spirale n\u00e9gative.<\/p>\n<p>Le match<\/p>\n<p>Boxers de Bordeaux (12e\/0 pt) &#8211; Gothiques d\u2019Amiens (9e\/3 pts), ce vendredi \u00e0 20\u00a0h\u00a015 \u00e0 la patinoire M\u00e9riadeck de Bordeaux.<\/p>\n<p>    L\u2019info<br \/>\n<strong>Dubeau arrive dans les buts.<\/strong> Pour pallier l\u2019absence pour au moins 10\u00a0semaines de leur gardien Quentin Papillon, bless\u00e9 \u00e0 la cheville, <a href=\"https:\/\/www.sudouest.fr\/sport\/hockey-les-boxers-recrutent-alex-dubeau-pour-pallier-l-absence-de-quentin-papillon-26064567.php\" rel=\"nofollow noopener\" target=\"_blank\">les Boxers ont attir\u00e9 le Qu\u00e9b\u00e9cois Alex Dubeau<\/a>. Le gardien de 31\u00a0ans a notamment pass\u00e9 une partie de sa carri\u00e8re en ECHL (la 3e\u00a0ligue d\u2019Am\u00e9rique du Nord) avant de rejoindre l\u2019Europe. Il \u00e9voluait la saison pass\u00e9 en premi\u00e8re division roumaine. Alex Dubeau ne sera cependant pas pr\u00eat avant la semaine prochaine. Antoine Gilbert prendra place dans les buts contre Amiens.<\/p>\n","protected":false},"excerpt":{"rendered":"Le temps presse d\u00e9j\u00e0 pour les Boxers avant la r\u00e9ception d\u2019Amiens. Avec quatre d\u00e9faites en autant de rencontres&hellip;\n","protected":false},"author":2,"featured_media":418204,"comment_status":"","ping_status":"","sticky":false,"template":"","format":"standard","meta":{"footnotes":""},"categories":[2817],"tags":[1111,11,1997,1777,674,1011,27,12,2219,25],"class_list":{"0":"post-418203","1":"post","2":"type-post","3":"status-publish","4":"format-standard","5":"has-post-thumbnail","7":"category-bordeaux","8":"tag-actu","9":"tag-actualites","10":"tag-bordeaux","11":"tag-eu","12":"tag-europe","13":"tag-fr","14":"tag-france","15":"tag-news","16":"tag-nouvelle-aquitaine","17":"tag-republique-francaise"},"share_on_mastodon":{"url":"https:\/\/pubeurope.com\/@fr\/115268970363528474","error":""},"_links":{"self":[{"href":"https:\/\/www.europesays.com\/fr\/wp-json\/wp\/v2\/posts\/418203","targetHints":{"allow":["GET"]}}],"collection":[{"href":"https:\/\/www.europesays.com\/fr\/wp-json\/wp\/v2\/posts"}],"about":[{"href":"https:\/\/www.europesays.com\/fr\/wp-json\/wp\/v2\/types\/post"}],"author":[{"embeddable":true,"href":"https:\/\/www.europesays.com\/fr\/wp-json\/wp\/v2\/users\/2"}],"replies":[{"embeddable":true,"href":"https:\/\/www.europesays.com\/fr\/wp-json\/wp\/v2\/comments?post=418203"}],"version-history":[{"count":0,"href":"https:\/\/www.europesays.com\/fr\/wp-json\/wp\/v2\/posts\/418203\/revisions"}],"wp:featuredmedia":[{"embeddable":true,"href":"https:\/\/www.europesays.com\/fr\/wp-json\/wp\/v2\/media\/418204"}],"wp:attachment":[{"href":"https:\/\/www.europesays.com\/fr\/wp-json\/wp\/v2\/media?parent=418203"}],"wp:term":[{"taxonomy":"category","embeddable":true,"href":"https:\/\/www.europesays.com\/fr\/wp-json\/wp\/v2\/categories?post=418203"},{"taxonomy":"post_tag","embeddable":true,"href":"https:\/\/www.europesays.com\/fr\/wp-json\/wp\/v2\/tags?post=418203"}],"curies":[{"name":"wp","href":"https:\/\/api.w.org\/{rel}","templated":true}]}}