{"id":418217,"date":"2025-09-26T05:40:10","date_gmt":"2025-09-26T05:40:10","guid":{"rendered":"https:\/\/www.europesays.com\/fr\/418217\/"},"modified":"2025-09-26T05:40:10","modified_gmt":"2025-09-26T05:40:10","slug":"une-lyonnaise-condamnee-pour-avoir-harcele-marine-tondelier","status":"publish","type":"post","link":"https:\/\/www.europesays.com\/fr\/418217\/","title":{"rendered":"une Lyonnaise condamn\u00e9e pour avoir harcel\u00e9 Marine Tondelier"},"content":{"rendered":"<p itemprop=\"description\"><strong>La secr\u00e9taire nationale des Ecologistes sera-t-elle laiss\u00e9e tranquille maintenant que la justice est pass\u00e9e ?<\/strong><\/p>\n<p>Depuis six mois, Marine Tondelier vivait un enfer \u00e0 cause d&rsquo;une habitante de Lyon \u00e2g\u00e9e de 33 ans. Cette derni\u00e8re, lesbienne et persuad\u00e9e que l&rsquo;\u00e9cologiste l&rsquo;\u00e9tait \u00e9galement, avait d\u00e9velopp\u00e9 une certaine fascination et la harcelait \u00e0 travers des centaines d&rsquo;appels et de messages au contenu sexuel affirm\u00e9.<\/p>\n<p>En ao\u00fbt, lors des Journ\u00e9es d&rsquo;\u00e9t\u00e9 des Ecologistes \u00e0 Strasbourg, la Lyonnaise s&rsquo;\u00e9tait rendue en Alsace et avait agress\u00e9 sexuellement Marine Tondelier en l&rsquo;agrippant par la taille alors qu&rsquo;elle posait pour une photo.<\/p>\n<p>Ce n&rsquo;est pas la premi\u00e8re fois qu&rsquo;elle se comporte ainsi, puisqu&rsquo;elle avait d\u00e9j\u00e0 \u00e9t\u00e9 condamn\u00e9e pour avoir envoy\u00e9 76 000 messages \u00e0 une femme par le pass\u00e9.<\/p>\n<p>Jug\u00e9e ce mercredi \u00e0 B\u00e9thune dans le Pas-de-Calais, la trentenaire n&rsquo;a pas exprim\u00e9 de regrets, restant persuad\u00e9e que l&rsquo;\u00e9cologiste est la femme de sa vie. Elle a \u00e9cop\u00e9 de 8 mois de prison, mais n&rsquo;ira pas derri\u00e8re les barreaux, sa peine sera am\u00e9nag\u00e9e.<\/p>\n<p>Elle a \u00e9galement l&rsquo;interdiction d\u00e9sormais d&rsquo;entrer en contact avec Marine Tondelier, qui \u00e9tait all\u00e9e jusqu&rsquo;\u00e0 r\u00e9clamer une protection polici\u00e8re ces derniers mois.<\/p>\n","protected":false},"excerpt":{"rendered":"La secr\u00e9taire nationale des Ecologistes sera-t-elle laiss\u00e9e tranquille maintenant que la justice est pass\u00e9e ? Depuis six mois,&hellip;\n","protected":false},"author":2,"featured_media":418218,"comment_status":"","ping_status":"","sticky":false,"template":"","format":"standard","meta":{"footnotes":""},"categories":[1889],"tags":[1111,11,2813,2190,2430,1109,251,1112,2811,1777,674,118,1011,27,1922,1110,1114,2428,2810,12,241,316,25,2812,517,800],"class_list":{"0":"post-418217","1":"post","2":"type-post","3":"status-publish","4":"format-standard","5":"has-post-thumbnail","7":"category-lyon","8":"tag-actu","9":"tag-actualites","10":"tag-article","11":"tag-asvel","12":"tag-auvergne-rhone-alpes","13":"tag-breves","14":"tag-culture","15":"tag-depeches","16":"tag-economique","17":"tag-eu","18":"tag-europe","19":"tag-faits-divers","20":"tag-fr","21":"tag-france","22":"tag-info","23":"tag-informations","24":"tag-infos","25":"tag-lyon","26":"tag-lyonmag","27":"tag-news","28":"tag-ol","29":"tag-politique","30":"tag-republique-francaise","31":"tag-sociale","32":"tag-sport","33":"tag-transports"},"share_on_mastodon":{"url":"https:\/\/pubeurope.com\/@fr\/115268998697814601","error":""},"_links":{"self":[{"href":"https:\/\/www.europesays.com\/fr\/wp-json\/wp\/v2\/posts\/418217","targetHints":{"allow":["GET"]}}],"collection":[{"href":"https:\/\/www.europesays.com\/fr\/wp-json\/wp\/v2\/posts"}],"about":[{"href":"https:\/\/www.europesays.com\/fr\/wp-json\/wp\/v2\/types\/post"}],"author":[{"embeddable":true,"href":"https:\/\/www.europesays.com\/fr\/wp-json\/wp\/v2\/users\/2"}],"replies":[{"embeddable":true,"href":"https:\/\/www.europesays.com\/fr\/wp-json\/wp\/v2\/comments?post=418217"}],"version-history":[{"count":0,"href":"https:\/\/www.europesays.com\/fr\/wp-json\/wp\/v2\/posts\/418217\/revisions"}],"wp:featuredmedia":[{"embeddable":true,"href":"https:\/\/www.europesays.com\/fr\/wp-json\/wp\/v2\/media\/418218"}],"wp:attachment":[{"href":"https:\/\/www.europesays.com\/fr\/wp-json\/wp\/v2\/media?parent=418217"}],"wp:term":[{"taxonomy":"category","embeddable":true,"href":"https:\/\/www.europesays.com\/fr\/wp-json\/wp\/v2\/categories?post=418217"},{"taxonomy":"post_tag","embeddable":true,"href":"https:\/\/www.europesays.com\/fr\/wp-json\/wp\/v2\/tags?post=418217"}],"curies":[{"name":"wp","href":"https:\/\/api.w.org\/{rel}","templated":true}]}}