{"id":418219,"date":"2025-09-26T05:41:50","date_gmt":"2025-09-26T05:41:50","guid":{"rendered":"https:\/\/www.europesays.com\/fr\/418219\/"},"modified":"2025-09-26T05:41:50","modified_gmt":"2025-09-26T05:41:50","slug":"salon-automobile-de-lyon-champagne-et-people-a-la-soiree-avant-premiere","status":"publish","type":"post","link":"https:\/\/www.europesays.com\/fr\/418219\/","title":{"rendered":"Salon Automobile de Lyon. Champagne et people \u00e0 la soir\u00e9e avant-premi\u00e8re"},"content":{"rendered":"<p>\t\t\t\t<img loading=\"lazy\" decoding=\"async\" width=\"900\" height=\"600\" src=\"data:image\/svg+xml,%3Csvg%20xmlns=\" http:=\"\" alt=\"\" title=\"01 Lyon People \u2013 Salon de l\u2019Auto \u2013 HD-1\" data-lazy- data-lazy- class=\"wp-image-164867\" data-lazy-src=\"https:\/\/www.europesays.com\/fr\/wp-content\/uploads\/2025\/09\/01-Lyon-People-Salon-de-lAuto-HD-1.jpg\"\/><\/p>\n<p><strong>Texte\u00a0: Marco Polisson \u2013<\/strong> L\u2019\u00e9v\u00e9nement auto de l\u2019ann\u00e9e a d\u00e9marr\u00e9 sur les chapeaux de roues. Nos reporters ont crois\u00e9 le tout Lyon dans les all\u00e9es d\u2019Eurexpo.<\/p>\n<p>C\u2019est un savoureux paradoxe. Les Lyonnais continuent de pl\u00e9bisciter le salon consacr\u00e9 \u00e0 l\u2019automobile que les \u00e9cologistes veulent bannir de la cit\u00e9. A l\u2019issue d\u2019une premi\u00e8re journ\u00e9e consacr\u00e9e \u00e0 l\u2019accueil des m\u00e9dias sp\u00e9cialis\u00e9s nationaux et internationaux, l\u2019organisatrice du salon pour GL events, <strong>Anne-Marie Baezner<\/strong> a pu savourer l\u2019affluence de son avant-premi\u00e8re.<\/p>\n<p><a href=\"https:\/\/www.lyonpeople.com\/les-fetes\/salon-automobile-de-lyon-champagne-et-people-a-la-soiree-avant-premiere-2025-09-26.html\/attachment\/02_salon-auto-porsche_am\" rel=\"attachment wp-att-164868 noopener\" target=\"_blank\"><img loading=\"lazy\" decoding=\"async\" class=\"alignnone size-full wp-image-164868\" src=\"data:image\/svg+xml,%3Csvg%20xmlns=\" http:=\"\" alt=\"\" width=\"900\" height=\"627\" data-lazy- data-lazy- data-lazy-src=\"https:\/\/www.europesays.com\/fr\/wp-content\/uploads\/2025\/09\/02_SALON-AUTO-PORSCHE_AM.jpg\"\/><\/a><\/p>\n<p>Toute la ville est l\u00e0. Il est 18h et c\u2019est d\u00e9j\u00e0 l\u2019effervescence sur les stands des exposants. Les h\u00f4tesses se refont une beaut\u00e9 (bien que ce ne soit nullement n\u00e9cessaire) avant le briefing des chefs des ventes \u00e9l\u00e9gamment costaris\u00e9s et gomin\u00e9s, tandis que les extras des traiteurs d\u00e9bouchent les bouteilles de champagne et lustrent les canap\u00e9s.<\/p>\n<p>Les premiers guest font leur entr\u00e9e et d\u00e9couvrent les espaces (cocktail) des 50 constructeurs r\u00e9partis de fa\u00e7on similaire sur 20\u00a0000m2. Petites citadines, berlines, SUV, sportives, familiales\u2026 il y en a pour tous les go\u00fbts. La quasi-totalit\u00e9 de la profession est pr\u00e9sente \u00e0 l\u2019exception de trois marques de la perfide Albion (dont une qui m\u2019est ch\u00e8re).<\/p>\n<p><img loading=\"lazy\" decoding=\"async\" class=\"alignnone size-full wp-image-164871\" src=\"data:image\/svg+xml,%3Csvg%20xmlns=\" http:=\"\" alt=\"\" width=\"900\" height=\"599\" data-lazy- data-lazy- data-lazy-src=\"https:\/\/www.europesays.com\/fr\/wp-content\/uploads\/2025\/09\/08-Audi-salon-automobile-de-lyon.jpg\"\/><\/p>\n<p><strong>Les absents ont toujours tort, songe-t-on en remontant les all\u00e9es noires de monde.<\/strong><\/p>\n<p>Du (beau) monde pour les enseignes allemandes Audi (Groupe GCA \u2013 Famille <strong>Coquillat<\/strong>) et BMW (Altitude \u2013 <strong>Pierre-Edouard Dieu<\/strong>) dont les nouveaux mod\u00e8les ont le vent en poupe. Chez Mercedes, les big boss du groupe Chopard et de la marque \u00e0 l\u2019\u00e9toile posent pour notre photographe devant le nouveau GLC 400 4 Matic 100% \u00e9lectrique, non loin du mod\u00e8le AMG GT APXGP, star du film F1 avec Brad Pitt.<\/p>\n<p><a href=\"https:\/\/www.lyonpeople.com\/les-fetes\/salon-automobile-de-lyon-champagne-et-people-a-la-soiree-avant-premiere-2025-09-26.html\/attachment\/06-salon-de-lauto-lyon\" rel=\"attachment wp-att-164870 noopener\" target=\"_blank\"><img loading=\"lazy\" decoding=\"async\" class=\"alignnone size-full wp-image-164870\" src=\"data:image\/svg+xml,%3Csvg%20xmlns=\" http:=\"\" alt=\"\" width=\"900\" height=\"611\" data-lazy- data-lazy- data-lazy-src=\"https:\/\/www.europesays.com\/fr\/wp-content\/uploads\/2025\/09\/06-Salon-de-lAuto-Lyon.jpg\"\/><\/a><\/p>\n<p>En face, chez Suzuki, un <strong>Richard Drevet<\/strong> en mode estival et sa fille <strong>Nina<\/strong> accueillent leurs invit\u00e9s pour f\u00eater une bonne nouvelle : le rachat de la concession Mazda au groupe Vulcain. Ce sont d\u00e9sormais 5 marques qui sont dans son giron de l\u2019entrepreneur villeurbannais, partenaire du Comit\u00e9 Miss Grand Lyon.<\/p>\n<p><strong>Sur l\u2019espace Renault, le sourire est de rigueur. <\/strong><\/p>\n<p>Les revival R5 et R4 font le bonheur\u00a0des visiteurs, notamment <strong>Alain Audouard<\/strong>, pr\u00e9sident du COFIL-Eurexpo, et d\u2019<strong>Alain Guillaume<\/strong>, ancien commissaire d\u2019Epoqu\u2019Auto *. Sous le regard attentif d\u2019<strong>Arnaud Rimbert<\/strong>, directeur r\u00e9gional RRG et <strong>Guillaume Sicard<\/strong>, directeur g\u00e9n\u00e9ral de la marque au losange.<\/p>\n<p><img loading=\"lazy\" decoding=\"async\" class=\"alignnone size-full wp-image-164869\" src=\"data:image\/svg+xml,%3Csvg%20xmlns=\" http:=\"\" alt=\"\" width=\"900\" height=\"587\" data-lazy- data-lazy- data-lazy-src=\"https:\/\/www.europesays.com\/fr\/wp-content\/uploads\/2025\/09\/04-salon-automobile-de-lyon.jpg\"\/><\/p>\n<p>Une bonne humeur qui tranche avec la morosit\u00e9 per\u00e7ue sur les espaces du n\u00e9buleux groupe Stellantis (personne ne comprend la strat\u00e9gie de ce conglom\u00e9rat sans visage) dont les marques phares Fiat, Peugeot, DS et Citro\u00ebn ont totalement disparu du circuit lyonnais (et \u00e7a fait maintenant plus de trois ans que \u00e7a dure).<\/p>\n<p>Chez les Japonais, en revanche, rien de tel ne transparait. Et pour cause, le leader nippon Toyota (68 sites de production et 380\u00a0000 collaborateurs dans le monde) a de quoi s\u00e9duire les visiteurs\u00a0: le groupe Autosphere pr\u00e9sente en avant-premi\u00e8re le tout nouveau Toyota CHR+. Sa\u00a0commercialisation est annonc\u00e9e pour le d\u00e9but 2026.<\/p>\n<p><a href=\"https:\/\/www.lyonpeople.com\/les-fetes\/salon-automobile-de-lyon-champagne-et-people-a-la-soiree-avant-premiere-2025-09-26.html\/attachment\/010-mg-salon-de-lauto-lyon\" rel=\"attachment wp-att-164872 noopener\" target=\"_blank\"><img loading=\"lazy\" decoding=\"async\" class=\"alignnone size-full wp-image-164872\" src=\"data:image\/svg+xml,%3Csvg%20xmlns=\" http:=\"\" alt=\"\" width=\"900\" height=\"628\" data-lazy- data-lazy- data-lazy-src=\"https:\/\/www.europesays.com\/fr\/wp-content\/uploads\/2025\/09\/010-MG-Salon-de-lAuto-Lyon.jpg\"\/><\/a><\/p>\n<p>S\u00e9r\u00e9nit\u00e9 et notori\u00e9t\u00e9. Deux marqueurs du groupe MG qui s\u2019affiche fi\u00e8rement sur les maillots de l\u2019Olympique Lyonnais qui nous gratifie d\u2019un d\u00e9but de saison \u00e9poustouflant. Sa pr\u00e9sidente <strong>Mich\u00e8le Kang<\/strong> a fait une apparition remarqu\u00e9e sur l\u2019espace MG o\u00f9 elle a retrouv\u00e9 <strong>Marc-Antoine Ginon<\/strong>, pr\u00e9sident du LOU Rugby (leader du Top 14).<\/p>\n<p><strong>L\u2019espace Prestige, coffre \u00e0 jouets des adultes<\/strong><\/p>\n<p>Pour la toute premi\u00e8re fois au Salon Automobile de Lyon un hall entier (le num\u00e9ro 5) est d\u00e9di\u00e9 aux voitures de prestige. 8 marques pr\u00e9sentent leurs derni\u00e8res nouveaut\u00e9s : Aston Martin et Lotus (Chopard), Bentley-Lamborghini, Ferrari (Gauduel), Maserati et McLaren sans oublier Porsche. Au centre du ring, les incroyables hypercars Aspark \u00e0 3 490 000 euros l\u2019unit\u00e9 (ci-dessous).<\/p>\n<p><a href=\"https:\/\/www.lyonpeople.com\/les-fetes\/salon-automobile-de-lyon-champagne-et-people-a-la-soiree-avant-premiere-2025-09-26.html\/attachment\/012-aspark-salon-automobile-de-lyon\" rel=\"attachment wp-att-164873 noopener\" target=\"_blank\"><img loading=\"lazy\" decoding=\"async\" class=\"alignnone size-full wp-image-164873\" src=\"data:image\/svg+xml,%3Csvg%20xmlns=\" http:=\"\" alt=\"\" width=\"900\" height=\"585\" data-lazy- data-lazy- data-lazy-src=\"https:\/\/www.europesays.com\/fr\/wp-content\/uploads\/2025\/09\/012-Aspark-salon-automobile-de-lyon.jpg\"\/><\/a><\/p>\n<p>Chez Aston Martin, autour du nouveau DB5,<strong> Fr\u00e9d\u00e9ric Blanc<\/strong> a le sourire et la t\u00eate dans les cartons. Exit le magnifique \u00e9crin de l\u2019avenue Foch, \u00e0 deux pas des restaurants Le Pr\u00e9sident et L\u2019Habit Rouge : Aston Martin et Lotus d\u00e9m\u00e9nagent rue Marietton, sur l\u2019ancien site Mercedes \u00e0 compter du 1er janvier\u00a02026.<\/p>\n<p>A quelques encablures, et au petit trot, ambiance mercato chez Ferrari et Porsche, les deux marques premium tr\u00e8s appr\u00e9ci\u00e9es des Lyonnais (qui les gardent bien au chaud chez Trident ou Carsup). Habitu\u00e9s du salon de Lyon, les anciens coll\u00e8gues <strong>Jean-Rodolphe Guigonnet<\/strong> et <strong>Jacques Revello<\/strong> sont d\u00e9sormais face \u00e0 face. En mode gentlemen.<\/p>\n<p><a href=\"https:\/\/www.lyonpeople.com\/les-fetes\/salon-automobile-de-lyon-champagne-et-people-a-la-soiree-avant-premiere-2025-09-26.html\/attachment\/014-lyon-people-salon-de-lauto-hd-32\" rel=\"attachment wp-att-164874 noopener\" target=\"_blank\"><img loading=\"lazy\" decoding=\"async\" aria-describedby=\"caption-attachment-164874\" class=\"wp-image-164874 size-full\" src=\"data:image\/svg+xml,%3Csvg%20xmlns=\" http:=\"\" alt=\"\" width=\"900\" height=\"600\" data-lazy- data-lazy- data-lazy-src=\"https:\/\/www.europesays.com\/fr\/wp-content\/uploads\/2025\/09\/014.-Lyon-People-Salon-de-lAuto-HD-32.jpg\"\/><\/a><\/p>\n<p id=\"caption-attachment-164874\" class=\"wp-caption-text\">Quentin Chopard, sur le stand Lotus (groupe Chopard)<\/p>\n<p>Sur leurs espaces, comme chez Mc Laren (avec la Senna), Lotus (en <strong>Evija<\/strong>, hypercar 100% \u00e9lectrique, ci-dessus) et Maserati (autour de la GT2 Stradale), vous en prendrez plein les yeux. Vous avez tout le week-end pour aller les admirer\u00a0!<\/p>\n<p><strong>Liste des marques pr\u00e9sentes au salon :<\/strong><\/p>\n<p>ABARTH \u2013 AIXAM \u2013 ALFA ROMEO \u2013 ALPINE \u2013 ASTON MARTIN \u2013 ASPARK \u2013 AUDI \u2013 BENTLEY \u2013 BMW \u2013 BYD \u2013 CADILLAC \u2013 CITROEN \u2013 CUPRA \u2013 DACIA \u2013 DEVALLIET \u2013 DEVINCI \u2013 DS \u2013 FERRARI \u2013 FIAT \u2013 FORD \u2013 HONDA \u2013 HYUNDAI \u2013 ISUZU \u2013 JEEP \u2013 KIA \u2013 LAMBORGHINI \u2013 LANCIA \u2013 LEAPMOTOR \u2013 LEXUS \u2013 LOTUS \u2013 LYNK &amp; CO \u2013 MASERATI \u2013 MAZDA \u2013 MCLAREN \u2013 MERCEDES \u2013 MG MOTORS \u2013 MICROLINO \u2013 MINI \u2013 MITSUBISHI \u2013 NISSAN \u2013 OPEL \u2013 PEUGEOT \u2013 PGO \u2013 POLESTAR \u2013 PORSCHE \u2013 RENAULT \u2013 SEAT \u2013 SKODA \u2013 SMART \u2013 SUZUKI \u2013 TESLA \u2013 TOYOTA \u2013 VOLKSWAGEN \u2013 VOLVO \u2013 XPENG.<\/p>\n<p><strong>Du mercredi 24 au dimanche 28 septembre 2025<br \/>Lyon Eurexpo<br \/>&gt; Toutes les infos sur\u00a0: <a href=\"http:\/\/www.salon-automobile-lyon.com\" target=\"_blank\" rel=\"noopener\">www.salon-automobile-lyon.com<\/a><\/strong><\/p>\n<p>* Le second salon fran\u00e7ais du v\u00e9hicule de collection se tiendra \u00e0 Eurexpo du 7 au 9 novembre 2025<\/p>\n<p style=\"text-align: center;\"><strong>Eurexpo Lyon<br \/>Mardi 23 septembre 2025<\/strong><\/p>\n<p>                                <a href=\"https:\/\/www.europesays.com\/fr\/wp-content\/uploads\/2025\/09\/Lyon-People-Salon-de-lAuto-HD-2.jpg\" title=\"2. Marc Jean, organisateur du D\u00eener des Authentiques, Marco Polisson, r\u00e9dacteur en chef Lyon people, le journaliste G\u00e9rard Angel et Claude Polidori, pr\u00e9sident des Halles de Lyon\" data-rl_title=\"2. Marc Jean, organisateur du D\u00eener des Authentiques, Marco Polisson, r\u00e9dacteur en chef Lyon people, le journaliste G\u00e9rard Angel et Claude Polidori, pr\u00e9sident des Halles de Lyon\" class=\"rl-gallery-link\" data-rl_caption=\"\" data-rel=\"lightbox-gallery-bGlnaHRib3gtZ2FsbGVyeS0w\" data-rl_><img loading=\"lazy\" decoding=\"async\" width=\"900\" height=\"675\" src=\"data:image\/svg+xml,%3Csvg%20xmlns=\" http:=\"\" class=\"attachment-large size-large\" alt=\"\" aria-describedby=\"gallery--164875\" data-lazy- data-lazy- data-lazy-src=\"https:\/\/www.europesays.com\/fr\/wp-content\/uploads\/2025\/09\/Lyon-People-Salon-de-lAuto-HD-2.jpg\"\/><\/a><\/p>\n<p>\n                                2. Marc Jean, organisateur du D\u00eener des Authentiques, Marco Polisson, r\u00e9dacteur en chef Lyon people, le journaliste G\u00e9rard Angel et Claude Polidori, pr\u00e9sident des Halles de Lyon<\/p>\n<p>                                <a href=\"https:\/\/www.europesays.com\/fr\/wp-content\/uploads\/2025\/09\/Lyon-People-Salon-de-lAuto-HD-3.jpg\" title=\"3. Porsche 911 en majest\u00e9 sous le d\u00f4me\" data-rl_title=\"3. Porsche 911 en majest\u00e9 sous le d\u00f4me\" class=\"rl-gallery-link\" data-rl_caption=\"\" data-rel=\"lightbox-gallery-bGlnaHRib3gtZ2FsbGVyeS0w\" data-rl_><img loading=\"lazy\" decoding=\"async\" width=\"900\" height=\"600\" src=\"data:image\/svg+xml,%3Csvg%20xmlns=\" http:=\"\" class=\"attachment-large size-large\" alt=\"\" aria-describedby=\"gallery--164876\" data-lazy- data-lazy- data-lazy-src=\"https:\/\/www.europesays.com\/fr\/wp-content\/uploads\/2025\/09\/Lyon-People-Salon-de-lAuto-HD-3.jpg\"\/><\/a><\/p>\n<p>\n                                3. Porsche 911 en majest\u00e9 sous le d\u00f4me <\/p>\n<p><br style=\"clear: both\"\/><\/p>\n<p>                                <a href=\"https:\/\/www.europesays.com\/fr\/wp-content\/uploads\/2025\/09\/Lyon-People-Salon-de-lAuto-HD-5.jpg\" title=\"5. Philippe Brossette, pr\u00e9sident de la fondation Berliet qui pr\u00e9sente 3 mod\u00e8les construits \u00e0 Lyon\" data-rl_title=\"5. Philippe Brossette, pr\u00e9sident de la fondation Berliet qui pr\u00e9sente 3 mod\u00e8les construits \u00e0 Lyon\" class=\"rl-gallery-link\" data-rl_caption=\"\" data-rel=\"lightbox-gallery-bGlnaHRib3gtZ2FsbGVyeS0w\" data-rl_><img loading=\"lazy\" decoding=\"async\" width=\"900\" height=\"675\" src=\"data:image\/svg+xml,%3Csvg%20xmlns=\" http:=\"\" class=\"attachment-large size-large\" alt=\"\" aria-describedby=\"gallery--164878\" data-lazy- data-lazy- data-lazy-src=\"https:\/\/www.europesays.com\/fr\/wp-content\/uploads\/2025\/09\/Lyon-People-Salon-de-lAuto-HD-5.jpg\"\/><\/a><\/p>\n<p>\n                                5. Philippe Brossette, pr\u00e9sident de la fondation Berliet qui pr\u00e9sente 3 mod\u00e8les construits \u00e0 Lyon <\/p>\n<p>                                <a href=\"https:\/\/www.europesays.com\/fr\/wp-content\/uploads\/2025\/09\/Lyon-People-Salon-de-lAuto-HD-6.jpg\" title=\"6. Les \u00e9quipe de direction de Mercedes et du groupe Chopard\" data-rl_title=\"6. Les \u00e9quipe de direction de Mercedes et du groupe Chopard\" class=\"rl-gallery-link\" data-rl_caption=\"\" data-rel=\"lightbox-gallery-bGlnaHRib3gtZ2FsbGVyeS0w\" data-rl_><img loading=\"lazy\" decoding=\"async\" width=\"900\" height=\"600\" src=\"data:image\/svg+xml,%3Csvg%20xmlns=\" http:=\"\" class=\"attachment-large size-large\" alt=\"\" aria-describedby=\"gallery--164879\" data-lazy- data-lazy- data-lazy-src=\"https:\/\/www.europesays.com\/fr\/wp-content\/uploads\/2025\/09\/Lyon-People-Salon-de-lAuto-HD-6.jpg\"\/><\/a><\/p>\n<p>\n                                6. Les \u00e9quipe de direction de Mercedes et du groupe Chopard<\/p>\n<p><br style=\"clear: both\"\/><\/p>\n<p>                                <a href=\"https:\/\/www.europesays.com\/fr\/wp-content\/uploads\/2025\/09\/Lyon-People-Salon-de-lAuto-HD-7.jpg\" title=\"7. Richard Drevet sur le stand Mazda, devant une MX - 5 Roadster 1.5 L\" data-rl_title=\"7. Richard Drevet sur le stand Mazda, devant une MX - 5 Roadster 1.5 L\" class=\"rl-gallery-link\" data-rl_caption=\"\" data-rel=\"lightbox-gallery-bGlnaHRib3gtZ2FsbGVyeS0w\" data-rl_><img loading=\"lazy\" decoding=\"async\" width=\"900\" height=\"600\" src=\"data:image\/svg+xml,%3Csvg%20xmlns=\" http:=\"\" class=\"attachment-large size-large\" alt=\"\" aria-describedby=\"gallery--164880\" data-lazy- data-lazy- data-lazy-src=\"https:\/\/www.europesays.com\/fr\/wp-content\/uploads\/2025\/09\/Lyon-People-Salon-de-lAuto-HD-7.jpg\"\/><\/a><\/p>\n<p>\n                                7. Richard Drevet sur le stand Mazda, devant une MX \u2013 5 Roadster 1.5 L<\/p>\n<p>                                <a href=\"https:\/\/www.europesays.com\/fr\/wp-content\/uploads\/2025\/09\/Lyon-People-Salon-de-lAuto-HD-8.jpg\" title=\"8. Stand Renault : Alain Audouard, pr\u00e9sident du COFIL-Eurexpo, Arnaud Rimbert, directeur r\u00e9gional RRG et Alain Guillaume, ancien commissaire d&#039;Epoqu\u2019Auto\" data-rl_title=\"8. Stand Renault : Alain Audouard, pr\u00e9sident du COFIL-Eurexpo, Arnaud Rimbert, directeur r\u00e9gional RRG et Alain Guillaume, ancien commissaire d&#039;Epoqu\u2019Auto\" class=\"rl-gallery-link\" data-rl_caption=\"\" data-rel=\"lightbox-gallery-bGlnaHRib3gtZ2FsbGVyeS0w\" data-rl_><img loading=\"lazy\" decoding=\"async\" width=\"900\" height=\"600\" src=\"data:image\/svg+xml,%3Csvg%20xmlns=\" http:=\"\" class=\"attachment-large size-large\" alt=\"\" aria-describedby=\"gallery--164881\" data-lazy- data-lazy- data-lazy-src=\"https:\/\/www.europesays.com\/fr\/wp-content\/uploads\/2025\/09\/Lyon-People-Salon-de-lAuto-HD-8.jpg\"\/><\/a><\/p>\n<p>\n                                8. Stand Renault : Alain Audouard, pr\u00e9sident du COFIL-Eurexpo, Arnaud Rimbert, directeur r\u00e9gional RRG et Alain Guillaume, ancien commissaire d\u2019Epoqu\u2019Auto<\/p>\n<p><br style=\"clear: both\"\/><\/p>\n<p>                                <a href=\"https:\/\/www.europesays.com\/fr\/wp-content\/uploads\/2025\/09\/Lyon-People-Salon-de-lAuto-HD-9.jpg\" title=\"9. Guillaume Sicard, directeur g\u00e9n\u00e9ral Renault France, et Arnaud Rimbert, directeur plaque RRG Lyon devant la nouvelle R4 e-tech electric\" data-rl_title=\"9. Guillaume Sicard, directeur g\u00e9n\u00e9ral Renault France, et Arnaud Rimbert, directeur plaque RRG Lyon devant la nouvelle R4 e-tech electric\" class=\"rl-gallery-link\" data-rl_caption=\"\" data-rel=\"lightbox-gallery-bGlnaHRib3gtZ2FsbGVyeS0w\" data-rl_><img loading=\"lazy\" decoding=\"async\" width=\"900\" height=\"600\" src=\"data:image\/svg+xml,%3Csvg%20xmlns=\" http:=\"\" class=\"attachment-large size-large\" alt=\"\" aria-describedby=\"gallery--164882\" data-lazy- data-lazy- data-lazy-src=\"https:\/\/www.europesays.com\/fr\/wp-content\/uploads\/2025\/09\/Lyon-People-Salon-de-lAuto-HD-9.jpg\"\/><\/a><\/p>\n<p>\n                                9. Guillaume Sicard, directeur g\u00e9n\u00e9ral Renault France, et Arnaud Rimbert, directeur plaque RRG Lyon devant la nouvelle R4 e-tech electric<\/p>\n<p>                                <a href=\"https:\/\/www.europesays.com\/fr\/wp-content\/uploads\/2025\/09\/Lyon-People-Salon-de-lAuto-HD-10.jpg\" title=\"10. Famille Cormor\u00e8che : 3 g\u00e9n\u00e9rations sur le salon\" data-rl_title=\"10. Famille Cormor\u00e8che : 3 g\u00e9n\u00e9rations sur le salon\" class=\"rl-gallery-link\" data-rl_caption=\"\" data-rel=\"lightbox-gallery-bGlnaHRib3gtZ2FsbGVyeS0w\" data-rl_><img loading=\"lazy\" decoding=\"async\" width=\"900\" height=\"600\" src=\"data:image\/svg+xml,%3Csvg%20xmlns=\" http:=\"\" class=\"attachment-large size-large\" alt=\"\" aria-describedby=\"gallery--164883\" data-lazy- data-lazy- data-lazy-src=\"https:\/\/www.europesays.com\/fr\/wp-content\/uploads\/2025\/09\/Lyon-People-Salon-de-lAuto-HD-10.jpg\"\/><\/a><\/p>\n<p>\n                                10. Famille Cormor\u00e8che : 3 g\u00e9n\u00e9rations sur le salon<\/p>\n<p><br style=\"clear: both\"\/><\/p>\n<p>                                <a href=\"https:\/\/www.europesays.com\/fr\/wp-content\/uploads\/2025\/09\/Lyon-People-Salon-de-lAuto-HD-11.jpg\" title=\"11. Le stand Xpeng\" data-rl_title=\"11. Le stand Xpeng\" class=\"rl-gallery-link\" data-rl_caption=\"\" data-rel=\"lightbox-gallery-bGlnaHRib3gtZ2FsbGVyeS0w\" data-rl_><img loading=\"lazy\" decoding=\"async\" width=\"900\" height=\"600\" src=\"data:image\/svg+xml,%3Csvg%20xmlns=\" http:=\"\" class=\"attachment-large size-large\" alt=\"\" aria-describedby=\"gallery--164884\" data-lazy- data-lazy- data-lazy-src=\"https:\/\/www.europesays.com\/fr\/wp-content\/uploads\/2025\/09\/Lyon-People-Salon-de-lAuto-HD-11.jpg\"\/><\/a><\/p>\n<p>\n                                11. Le stand Xpeng<\/p>\n<p>                                <a href=\"https:\/\/www.europesays.com\/fr\/wp-content\/uploads\/2025\/09\/Lyon-People-Salon-de-lAuto-HD-12.jpg\" title=\"12. Fr\u00e9d\u00e9ric Joubert, directeur g\u00e9n\u00e9ral adjoint du groupe Autosph\u00e8re, Fran\u00e7ois Le Creff, directeur du p\u00f4le Toyota Lexus Rh\u00f4ne-Alpes, Etienne Gaudon, directeur des ventes soci\u00e9t\u00e9s pour les marques Toyota, Lexus, du groupe Autosph\u00e8re\" data-rl_title=\"12. Fr\u00e9d\u00e9ric Joubert, directeur g\u00e9n\u00e9ral adjoint du groupe Autosph\u00e8re, Fran\u00e7ois Le Creff, directeur du p\u00f4le Toyota Lexus Rh\u00f4ne-Alpes, Etienne Gaudon, directeur des ventes soci\u00e9t\u00e9s pour les marques Toyota, Lexus, du groupe Autosph\u00e8re\" class=\"rl-gallery-link\" data-rl_caption=\"\" data-rel=\"lightbox-gallery-bGlnaHRib3gtZ2FsbGVyeS0w\" data-rl_><img loading=\"lazy\" decoding=\"async\" width=\"900\" height=\"600\" src=\"data:image\/svg+xml,%3Csvg%20xmlns=\" http:=\"\" class=\"attachment-large size-large\" alt=\"\" aria-describedby=\"gallery--164885\" data-lazy- data-lazy- data-lazy-src=\"https:\/\/www.europesays.com\/fr\/wp-content\/uploads\/2025\/09\/Lyon-People-Salon-de-lAuto-HD-12.jpg\"\/><\/a><\/p>\n<p>\n                                12. Fr\u00e9d\u00e9ric Joubert, directeur g\u00e9n\u00e9ral adjoint du groupe Autosph\u00e8re, Fran\u00e7ois Le Creff, directeur du p\u00f4le Toyota Lexus Rh\u00f4ne-Alpes, Etienne Gaudon, directeur des ventes soci\u00e9t\u00e9s pour les marques Toyota, Lexus, du groupe Autosph\u00e8re<\/p>\n<p><br style=\"clear: both\"\/><\/p>\n<p>                                <a href=\"https:\/\/www.europesays.com\/fr\/wp-content\/uploads\/2025\/09\/Lyon-People-Salon-de-lAuto-HD-13.jpg\" title=\"13. L&#039;\u00e9quipe du salon Epoqu\u2019Auto\" data-rl_title=\"13. L&#039;\u00e9quipe du salon Epoqu\u2019Auto\" class=\"rl-gallery-link\" data-rl_caption=\"\" data-rel=\"lightbox-gallery-bGlnaHRib3gtZ2FsbGVyeS0w\" data-rl_><img loading=\"lazy\" decoding=\"async\" width=\"900\" height=\"600\" src=\"data:image\/svg+xml,%3Csvg%20xmlns=\" http:=\"\" class=\"attachment-large size-large\" alt=\"\" aria-describedby=\"gallery--164886\" data-lazy- data-lazy- data-lazy-src=\"https:\/\/www.europesays.com\/fr\/wp-content\/uploads\/2025\/09\/Lyon-People-Salon-de-lAuto-HD-13.jpg\"\/><\/a><\/p>\n<p>\n                                13. L\u2019\u00e9quipe du salon Epoqu\u2019Auto<\/p>\n<p>                                <a href=\"https:\/\/www.europesays.com\/fr\/wp-content\/uploads\/2025\/09\/Lyon-People-Salon-de-lAuto-HD-14.jpg\" title=\"14. La team GL events : Virginie Argoud, Agn\u00e8s Desgrange, Isaure Rodet, avec Nicolas Winckler, directeur de Lyon People\" data-rl_title=\"14. La team GL events : Virginie Argoud, Agn\u00e8s Desgrange, Isaure Rodet, avec Nicolas Winckler, directeur de Lyon People\" class=\"rl-gallery-link\" data-rl_caption=\"\" data-rel=\"lightbox-gallery-bGlnaHRib3gtZ2FsbGVyeS0w\" data-rl_><img loading=\"lazy\" decoding=\"async\" width=\"900\" height=\"600\" src=\"data:image\/svg+xml,%3Csvg%20xmlns=\" http:=\"\" class=\"attachment-large size-large\" alt=\"\" aria-describedby=\"gallery--164887\" data-lazy- data-lazy- data-lazy-src=\"https:\/\/www.europesays.com\/fr\/wp-content\/uploads\/2025\/09\/Lyon-People-Salon-de-lAuto-HD-14.jpg\"\/><\/a><\/p>\n<p>\n                                14. La team GL events : Virginie Argoud, Agn\u00e8s Desgrange, Isaure Rodet, avec Nicolas Winckler, directeur de Lyon People<\/p>\n<p><br style=\"clear: both\"\/><\/p>\n<p>                                <a href=\"https:\/\/www.europesays.com\/fr\/wp-content\/uploads\/2025\/09\/Lyon-People-Salon-de-lAuto-HD-15.jpg\" title=\"15. G\u00e9rald Avakian, adjoint au maire du 6e, Christian Termoz-Mazan, premier adjoint au maire du 6e et son \u00e9pouse Catherine\" data-rl_title=\"15. G\u00e9rald Avakian, adjoint au maire du 6e, Christian Termoz-Mazan, premier adjoint au maire du 6e et son \u00e9pouse Catherine\" class=\"rl-gallery-link\" data-rl_caption=\"\" data-rel=\"lightbox-gallery-bGlnaHRib3gtZ2FsbGVyeS0w\" data-rl_><img loading=\"lazy\" decoding=\"async\" width=\"900\" height=\"675\" src=\"data:image\/svg+xml,%3Csvg%20xmlns=\" http:=\"\" class=\"attachment-large size-large\" alt=\"\" aria-describedby=\"gallery--164888\" data-lazy- data-lazy- data-lazy-src=\"https:\/\/www.europesays.com\/fr\/wp-content\/uploads\/2025\/09\/Lyon-People-Salon-de-lAuto-HD-15.jpg\"\/><\/a><\/p>\n<p>\n                                15. G\u00e9rald Avakian, adjoint au maire du 6e, Christian Termoz-Mazan, premier adjoint au maire du 6e et son \u00e9pouse Catherine<\/p>\n<p>                                <a href=\"https:\/\/www.europesays.com\/fr\/wp-content\/uploads\/2025\/09\/Lyon-People-Salon-de-lAuto-HD-16.jpg\" title=\"16. Michele Kang, pr\u00e9sidente de l&#039;Olympique Lyonnais sur le stand MG\" data-rl_title=\"16. Michele Kang, pr\u00e9sidente de l&#039;Olympique Lyonnais sur le stand MG\" class=\"rl-gallery-link\" data-rl_caption=\"\" data-rel=\"lightbox-gallery-bGlnaHRib3gtZ2FsbGVyeS0w\" data-rl_><img loading=\"lazy\" decoding=\"async\" width=\"900\" height=\"600\" src=\"data:image\/svg+xml,%3Csvg%20xmlns=\" http:=\"\" class=\"attachment-large size-large\" alt=\"\" aria-describedby=\"gallery--164889\" data-lazy- data-lazy- data-lazy-src=\"https:\/\/www.europesays.com\/fr\/wp-content\/uploads\/2025\/09\/Lyon-People-Salon-de-lAuto-HD-16.jpg\"\/><\/a><\/p>\n<p>\n                                16. Michele Kang, pr\u00e9sidente de l\u2019Olympique Lyonnais sur le stand MG<\/p>\n<p><br style=\"clear: both\"\/><\/p>\n<p>                                <a href=\"https:\/\/www.europesays.com\/fr\/wp-content\/uploads\/2025\/09\/Lyon-People-Salon-de-lAuto-HD-17.jpg\" title=\"17. Alistair et Sigourney Lain (Groupe Jean Lain mobilit\u00e9s)\" data-rl_title=\"17. Alistair et Sigourney Lain (Groupe Jean Lain mobilit\u00e9s)\" class=\"rl-gallery-link\" data-rl_caption=\"\" data-rel=\"lightbox-gallery-bGlnaHRib3gtZ2FsbGVyeS0w\" data-rl_><img loading=\"lazy\" decoding=\"async\" width=\"900\" height=\"675\" src=\"data:image\/svg+xml,%3Csvg%20xmlns=\" http:=\"\" class=\"attachment-large size-large\" alt=\"\" aria-describedby=\"gallery--164890\" data-lazy- data-lazy- data-lazy-src=\"https:\/\/www.europesays.com\/fr\/wp-content\/uploads\/2025\/09\/Lyon-People-Salon-de-lAuto-HD-17.jpg\"\/><\/a><\/p>\n<p>\n                                17. Alistair et Sigourney Lain (Groupe Jean Lain mobilit\u00e9s)<\/p>\n<p>                                <a href=\"https:\/\/www.europesays.com\/fr\/wp-content\/uploads\/2025\/09\/Lyon-People-Salon-de-lAuto-HD-18.jpg\" title=\"18. Marc Antoine Ginon, pr\u00e9sident du LOU Rugby et Michele Kang, pr\u00e9sidente de l&#039;Olympique Lyonnais\" data-rl_title=\"18. Marc Antoine Ginon, pr\u00e9sident du LOU Rugby et Michele Kang, pr\u00e9sidente de l&#039;Olympique Lyonnais\" class=\"rl-gallery-link\" data-rl_caption=\"\" data-rel=\"lightbox-gallery-bGlnaHRib3gtZ2FsbGVyeS0w\" data-rl_><img loading=\"lazy\" decoding=\"async\" width=\"900\" height=\"675\" src=\"data:image\/svg+xml,%3Csvg%20xmlns=\" http:=\"\" class=\"attachment-large size-large\" alt=\"\" aria-describedby=\"gallery--164891\" data-lazy- data-lazy- data-lazy-src=\"https:\/\/www.europesays.com\/fr\/wp-content\/uploads\/2025\/09\/Lyon-People-Salon-de-lAuto-HD-18.jpg\"\/><\/a><\/p>\n<p>\n                                18. Marc Antoine Ginon, pr\u00e9sident du LOU Rugby et Michele Kang, pr\u00e9sidente de l\u2019Olympique Lyonnais<\/p>\n<p><br style=\"clear: both\"\/><\/p>\n<p>                                <a href=\"https:\/\/www.europesays.com\/fr\/wp-content\/uploads\/2025\/09\/Lyon-People-Salon-de-lAuto-HD-19.jpg\" title=\"19. Stand Suzuki : Richard Drevet et sa fille Nina, devant un e-Vitara, full \u00e9lectrique\" data-rl_title=\"19. Stand Suzuki : Richard Drevet et sa fille Nina, devant un e-Vitara, full \u00e9lectrique\" class=\"rl-gallery-link\" data-rl_caption=\"\" data-rel=\"lightbox-gallery-bGlnaHRib3gtZ2FsbGVyeS0w\" data-rl_><img loading=\"lazy\" decoding=\"async\" width=\"900\" height=\"675\" src=\"data:image\/svg+xml,%3Csvg%20xmlns=\" http:=\"\" class=\"attachment-large size-large\" alt=\"\" aria-describedby=\"gallery--164892\" data-lazy- data-lazy- data-lazy-src=\"https:\/\/www.europesays.com\/fr\/wp-content\/uploads\/2025\/09\/Lyon-People-Salon-de-lAuto-HD-19.jpg\"\/><\/a><\/p>\n<p>\n                                19. Stand Suzuki : Richard Drevet et sa fille Nina, devant un e-Vitara, full \u00e9lectrique<\/p>\n<p>                                <a href=\"https:\/\/www.europesays.com\/fr\/wp-content\/uploads\/2025\/09\/Lyon-People-Salon-de-lAuto-HD-20.jpg\" title=\"20. L\u2019\u00e9quipe Suzuki en pr\u00e9sence de M. Yoshimya, CEO Suzuki France et Richard Drevet, pr\u00e9sident Richard Drevet mobilit\u00e9s\" data-rl_title=\"20. L\u2019\u00e9quipe Suzuki en pr\u00e9sence de M. Yoshimya, CEO Suzuki France et Richard Drevet, pr\u00e9sident Richard Drevet mobilit\u00e9s\" class=\"rl-gallery-link\" data-rl_caption=\"\" data-rel=\"lightbox-gallery-bGlnaHRib3gtZ2FsbGVyeS0w\" data-rl_><img loading=\"lazy\" decoding=\"async\" width=\"900\" height=\"675\" src=\"data:image\/svg+xml,%3Csvg%20xmlns=\" http:=\"\" class=\"attachment-large size-large\" alt=\"\" aria-describedby=\"gallery--164893\" data-lazy- data-lazy- data-lazy-src=\"https:\/\/www.europesays.com\/fr\/wp-content\/uploads\/2025\/09\/Lyon-People-Salon-de-lAuto-HD-20.jpg\"\/><\/a><\/p>\n<p>\n                                20. L\u2019\u00e9quipe Suzuki en pr\u00e9sence de M. Yoshimya, CEO Suzuki France et Richard Drevet, pr\u00e9sident Richard Drevet mobilit\u00e9s<\/p>\n<p><br style=\"clear: both\"\/><\/p>\n<p>                                <a href=\"https:\/\/www.europesays.com\/fr\/wp-content\/uploads\/2025\/09\/Lyon-People-Salon-de-lAuto-HD-21.jpg\" title=\"21. La team Miss Grand Lyon avec leur partenaire Richard Drevet\" data-rl_title=\"21. La team Miss Grand Lyon avec leur partenaire Richard Drevet\" class=\"rl-gallery-link\" data-rl_caption=\"\" data-rel=\"lightbox-gallery-bGlnaHRib3gtZ2FsbGVyeS0w\" data-rl_><img loading=\"lazy\" decoding=\"async\" width=\"900\" height=\"675\" src=\"data:image\/svg+xml,%3Csvg%20xmlns=\" http:=\"\" class=\"attachment-large size-large\" alt=\"\" aria-describedby=\"gallery--164894\" data-lazy- data-lazy- data-lazy-src=\"https:\/\/www.europesays.com\/fr\/wp-content\/uploads\/2025\/09\/Lyon-People-Salon-de-lAuto-HD-21.jpg\"\/><\/a><\/p>\n<p>\n                                21. La team Miss Grand Lyon avec leur partenaire Richard Drevet<\/p>\n<p>                                <a href=\"https:\/\/www.europesays.com\/fr\/wp-content\/uploads\/2025\/09\/Lyon-People-Salon-de-lAuto-HD-22.jpg\" title=\"22. Nicolas Winckler (Lyon People) et Franck Hernandez, fleuriste\" data-rl_title=\"22. Nicolas Winckler (Lyon People) et Franck Hernandez, fleuriste\" class=\"rl-gallery-link\" data-rl_caption=\"\" data-rel=\"lightbox-gallery-bGlnaHRib3gtZ2FsbGVyeS0w\" data-rl_><img loading=\"lazy\" decoding=\"async\" width=\"900\" height=\"600\" src=\"data:image\/svg+xml,%3Csvg%20xmlns=\" http:=\"\" class=\"attachment-large size-large\" alt=\"\" aria-describedby=\"gallery--164895\" data-lazy- data-lazy- data-lazy-src=\"https:\/\/www.europesays.com\/fr\/wp-content\/uploads\/2025\/09\/Lyon-People-Salon-de-lAuto-HD-22.jpg\"\/><\/a><\/p>\n<p>\n                                22. Nicolas Winckler (Lyon People) et Franck Hernandez, fleuriste<\/p>\n<p><br style=\"clear: both\"\/><\/p>\n<p>                                <a href=\"https:\/\/www.europesays.com\/fr\/wp-content\/uploads\/2025\/09\/Lyon-People-Salon-de-lAuto-HD-23.jpg\" title=\"23. Stand BMW : Pierre \u00c9douard Dieu, Benjamin Lespinasse, Cl\u00e9ment Charvier (BMW altitude 69) devant le nouveau X3\" data-rl_title=\"23. Stand BMW : Pierre \u00c9douard Dieu, Benjamin Lespinasse, Cl\u00e9ment Charvier (BMW altitude 69) devant le nouveau X3\" class=\"rl-gallery-link\" data-rl_caption=\"\" data-rel=\"lightbox-gallery-bGlnaHRib3gtZ2FsbGVyeS0w\" data-rl_><img loading=\"lazy\" decoding=\"async\" width=\"900\" height=\"675\" src=\"data:image\/svg+xml,%3Csvg%20xmlns=\" http:=\"\" class=\"attachment-large size-large\" alt=\"\" aria-describedby=\"gallery--164896\" data-lazy- data-lazy- data-lazy-src=\"https:\/\/www.europesays.com\/fr\/wp-content\/uploads\/2025\/09\/Lyon-People-Salon-de-lAuto-HD-23.jpg\"\/><\/a><\/p>\n<p>\n                                23. Stand BMW : Pierre \u00c9douard Dieu, Benjamin Lespinasse, Cl\u00e9ment Charvier (BMW altitude 69) devant le nouveau X3 <\/p>\n<p>                                <a href=\"https:\/\/www.europesays.com\/fr\/wp-content\/uploads\/2025\/09\/Lyon-People-Salon-de-lAuto-HD-24.jpg\" title=\"24. Sylvain Sanchez (Banque Populaire), Aur\u00e9lien Armanini (Smart Brotteaux) et Nicolas Winckler (Lyon People)\" data-rl_title=\"24. Sylvain Sanchez (Banque Populaire), Aur\u00e9lien Armanini (Smart Brotteaux) et Nicolas Winckler (Lyon People)\" class=\"rl-gallery-link\" data-rl_caption=\"\" data-rel=\"lightbox-gallery-bGlnaHRib3gtZ2FsbGVyeS0w\" data-rl_><img loading=\"lazy\" decoding=\"async\" width=\"900\" height=\"675\" src=\"data:image\/svg+xml,%3Csvg%20xmlns=\" http:=\"\" class=\"attachment-large size-large\" alt=\"\" aria-describedby=\"gallery--164897\" data-lazy- data-lazy- data-lazy-src=\"https:\/\/www.europesays.com\/fr\/wp-content\/uploads\/2025\/09\/Lyon-People-Salon-de-lAuto-HD-24.jpg\"\/><\/a><\/p>\n<p>\n                                24. Sylvain Sanchez (Banque Populaire), Aur\u00e9lien Armanini (Smart Brotteaux) et Nicolas Winckler (Lyon People)<\/p>\n<p><br style=\"clear: both\"\/><\/p>\n<p>                                <a href=\"https:\/\/www.europesays.com\/fr\/wp-content\/uploads\/2025\/09\/Lyon-People-Salon-de-lAuto-HD-25.jpg\" title=\"25. Stand Ferrari : Arnaud Gauduel et Jean-Rodolphe Guigonnet (Gauduel Sport)\" data-rl_title=\"25. Stand Ferrari : Arnaud Gauduel et Jean-Rodolphe Guigonnet (Gauduel Sport)\" class=\"rl-gallery-link\" data-rl_caption=\"\" data-rel=\"lightbox-gallery-bGlnaHRib3gtZ2FsbGVyeS0w\" data-rl_><img loading=\"lazy\" decoding=\"async\" width=\"900\" height=\"675\" src=\"data:image\/svg+xml,%3Csvg%20xmlns=\" http:=\"\" class=\"attachment-large size-large\" alt=\"\" aria-describedby=\"gallery--164898\" data-lazy- data-lazy- data-lazy-src=\"https:\/\/www.europesays.com\/fr\/wp-content\/uploads\/2025\/09\/Lyon-People-Salon-de-lAuto-HD-25.jpg\"\/><\/a><\/p>\n<p>\n                                25. Stand Ferrari : Arnaud Gauduel et Jean-Rodolphe Guigonnet (Gauduel Sport) <\/p>\n<p>                                <a href=\"https:\/\/www.europesays.com\/fr\/wp-content\/uploads\/2025\/09\/Lyon-People-Salon-de-lAuto-HD-26.jpg\" title=\"26. St\u00e9phane Albr\u00e8gue, directeur communication Ferrari Lyon, Alix Chalus (Sauvannet) et Philippe Besson (Le Tout Lyon)\" data-rl_title=\"26. St\u00e9phane Albr\u00e8gue, directeur communication Ferrari Lyon, Alix Chalus (Sauvannet) et Philippe Besson (Le Tout Lyon)\" class=\"rl-gallery-link\" data-rl_caption=\"\" data-rel=\"lightbox-gallery-bGlnaHRib3gtZ2FsbGVyeS0w\" data-rl_><img loading=\"lazy\" decoding=\"async\" width=\"900\" height=\"675\" src=\"data:image\/svg+xml,%3Csvg%20xmlns=\" http:=\"\" class=\"attachment-large size-large\" alt=\"\" aria-describedby=\"gallery--164899\" data-lazy- data-lazy- data-lazy-src=\"https:\/\/www.europesays.com\/fr\/wp-content\/uploads\/2025\/09\/Lyon-People-Salon-de-lAuto-HD-26.jpg\"\/><\/a><\/p>\n<p>\n                                26. St\u00e9phane Albr\u00e8gue, directeur communication Ferrari Lyon, Alix Chalus (Sauvannet) et Philippe Besson (Le Tout Lyon)<\/p>\n<p><br style=\"clear: both\"\/><\/p>\n<p>                                <a href=\"https:\/\/www.europesays.com\/fr\/wp-content\/uploads\/2025\/09\/Lyon-People-Salon-de-lAuto-HD-27.jpg\" title=\"27. Justin Delorme, patron de McLaren Lyon\" data-rl_title=\"27. Justin Delorme, patron de McLaren Lyon\" class=\"rl-gallery-link\" data-rl_caption=\"\" data-rel=\"lightbox-gallery-bGlnaHRib3gtZ2FsbGVyeS0w\" data-rl_><img loading=\"lazy\" decoding=\"async\" width=\"900\" height=\"675\" src=\"data:image\/svg+xml,%3Csvg%20xmlns=\" http:=\"\" class=\"attachment-large size-large\" alt=\"\" aria-describedby=\"gallery--164900\" data-lazy- data-lazy- data-lazy-src=\"https:\/\/www.europesays.com\/fr\/wp-content\/uploads\/2025\/09\/Lyon-People-Salon-de-lAuto-HD-27.jpg\"\/><\/a><\/p>\n<p>\n                                27. Justin Delorme, patron de McLaren Lyon <\/p>\n<p>                                <a href=\"https:\/\/www.europesays.com\/fr\/wp-content\/uploads\/2025\/09\/Lyon-People-Salon-de-lAuto-HD-28.jpg\" title=\"28. Guy Bouvier et St\u00e9phane Abate, sur le stand Maserati\" data-rl_title=\"28. Guy Bouvier et St\u00e9phane Abate, sur le stand Maserati\" class=\"rl-gallery-link\" data-rl_caption=\"\" data-rel=\"lightbox-gallery-bGlnaHRib3gtZ2FsbGVyeS0w\" data-rl_><img loading=\"lazy\" decoding=\"async\" width=\"900\" height=\"600\" src=\"data:image\/svg+xml,%3Csvg%20xmlns=\" http:=\"\" class=\"attachment-large size-large\" alt=\"\" aria-describedby=\"gallery--164901\" data-lazy- data-lazy- data-lazy-src=\"https:\/\/www.europesays.com\/fr\/wp-content\/uploads\/2025\/09\/Lyon-People-Salon-de-lAuto-HD-28.jpg\"\/><\/a><\/p>\n<p>\n                                28. Guy Bouvier et St\u00e9phane Abate, sur le stand Maserati <\/p>\n<p><br style=\"clear: both\"\/><\/p>\n<p>                                <a href=\"https:\/\/www.europesays.com\/fr\/wp-content\/uploads\/2025\/09\/Lyon-People-Salon-de-lAuto-HD-29.jpg\" title=\"29. Stand Maserati : Justin Delorme, directeur g\u00e9n\u00e9ral de Symbol Cars et St\u00e9phane Abate, general manager Maserati Lyon\" data-rl_title=\"29. Stand Maserati : Justin Delorme, directeur g\u00e9n\u00e9ral de Symbol Cars et St\u00e9phane Abate, general manager Maserati Lyon\" class=\"rl-gallery-link\" data-rl_caption=\"\" data-rel=\"lightbox-gallery-bGlnaHRib3gtZ2FsbGVyeS0w\" data-rl_><img loading=\"lazy\" decoding=\"async\" width=\"900\" height=\"675\" src=\"data:image\/svg+xml,%3Csvg%20xmlns=\" http:=\"\" class=\"attachment-large size-large\" alt=\"\" aria-describedby=\"gallery--164902\" data-lazy- data-lazy- data-lazy-src=\"https:\/\/www.europesays.com\/fr\/wp-content\/uploads\/2025\/09\/Lyon-People-Salon-de-lAuto-HD-29.jpg\"\/><\/a><\/p>\n<p>\n                                29. Stand Maserati : Justin Delorme, directeur g\u00e9n\u00e9ral de Symbol Cars et St\u00e9phane Abate, general manager Maserati Lyon<\/p>\n<p>                                <a href=\"https:\/\/www.europesays.com\/fr\/wp-content\/uploads\/2025\/09\/Lyon-People-Salon-de-lAuto-HD-30.jpg\" title=\"30. Nicolas Winckler (Lyon People) et Quentin Chopard, vice-pr\u00e9sident Groupe Chopard\" data-rl_title=\"30. Nicolas Winckler (Lyon People) et Quentin Chopard, vice-pr\u00e9sident Groupe Chopard\" class=\"rl-gallery-link\" data-rl_caption=\"\" data-rel=\"lightbox-gallery-bGlnaHRib3gtZ2FsbGVyeS0w\" data-rl_><img loading=\"lazy\" decoding=\"async\" width=\"900\" height=\"675\" src=\"data:image\/svg+xml,%3Csvg%20xmlns=\" http:=\"\" class=\"attachment-large size-large\" alt=\"\" aria-describedby=\"gallery--164903\" data-lazy- data-lazy- data-lazy-src=\"https:\/\/www.europesays.com\/fr\/wp-content\/uploads\/2025\/09\/Lyon-People-Salon-de-lAuto-HD-30.jpg\"\/><\/a><\/p>\n<p>\n                                30. Nicolas Winckler (Lyon People) et Quentin Chopard, vice-pr\u00e9sident Groupe Chopard <\/p>\n<p><br style=\"clear: both\"\/><\/p>\n<p>                                <a href=\"https:\/\/www.europesays.com\/fr\/wp-content\/uploads\/2025\/09\/Lyon-People-Salon-de-lAuto-HD-31.jpg\" title=\"31. Quentin Chopard, sur le stand Lotus. La marque britannique est d\u00e9sormais distribu\u00e9e par le groupe Chopard\" data-rl_title=\"31. Quentin Chopard, sur le stand Lotus. La marque britannique est d\u00e9sormais distribu\u00e9e par le groupe Chopard\" class=\"rl-gallery-link\" data-rl_caption=\"\" data-rel=\"lightbox-gallery-bGlnaHRib3gtZ2FsbGVyeS0w\" data-rl_><img loading=\"lazy\" decoding=\"async\" width=\"900\" height=\"600\" src=\"data:image\/svg+xml,%3Csvg%20xmlns=\" http:=\"\" class=\"attachment-large size-large\" alt=\"\" aria-describedby=\"gallery--164904\" data-lazy- data-lazy- data-lazy-src=\"https:\/\/www.europesays.com\/fr\/wp-content\/uploads\/2025\/09\/Lyon-People-Salon-de-lAuto-HD-31.jpg\"\/><\/a><\/p>\n<p>\n                                31. Quentin Chopard, sur le stand Lotus. La marque britannique est d\u00e9sormais distribu\u00e9e par le groupe Chopard<\/p>\n<p>                                <a href=\"https:\/\/www.europesays.com\/fr\/wp-content\/uploads\/2025\/09\/Lyon-People-Salon-de-lAuto-HD-32.jpg\" title=\"32. Stand Porsche : la team autour du chef Gilles Reinhardt (Paul Bocuse) et du directeur Jacques Revello\" data-rl_title=\"32. Stand Porsche : la team autour du chef Gilles Reinhardt (Paul Bocuse) et du directeur Jacques Revello\" class=\"rl-gallery-link\" data-rl_caption=\"\" data-rel=\"lightbox-gallery-bGlnaHRib3gtZ2FsbGVyeS0w\" data-rl_><img loading=\"lazy\" decoding=\"async\" width=\"900\" height=\"599\" src=\"data:image\/svg+xml,%3Csvg%20xmlns=\" http:=\"\" class=\"attachment-large size-large\" alt=\"\" aria-describedby=\"gallery--164905\" data-lazy- data-lazy- data-lazy-src=\"https:\/\/www.europesays.com\/fr\/wp-content\/uploads\/2025\/09\/Lyon-People-Salon-de-lAuto-HD-32.jpg\"\/><\/a><\/p>\n<p>\n                                32. Stand Porsche : la team autour du chef Gilles Reinhardt (Paul Bocuse) et du directeur Jacques Revello <\/p>\n<p><br style=\"clear: both\"\/><\/p>\n<p>                                <a href=\"https:\/\/www.europesays.com\/fr\/wp-content\/uploads\/2025\/09\/Lyon-People-Salon-de-lAuto-HD-33.jpg\" title=\"33. Thierry Cottet (RRBC Lyon) Lo\u00efc et Julie Mignotte, Activium, avec Nico, Lyon People\" data-rl_title=\"33. Thierry Cottet (RRBC Lyon) Lo\u00efc et Julie Mignotte, Activium, avec Nico, Lyon People\" class=\"rl-gallery-link\" data-rl_caption=\"\" data-rel=\"lightbox-gallery-bGlnaHRib3gtZ2FsbGVyeS0w\" data-rl_><img loading=\"lazy\" decoding=\"async\" width=\"900\" height=\"675\" src=\"data:image\/svg+xml,%3Csvg%20xmlns=\" http:=\"\" class=\"attachment-large size-large\" alt=\"\" aria-describedby=\"gallery--164906\" data-lazy- data-lazy- data-lazy-src=\"https:\/\/www.europesays.com\/fr\/wp-content\/uploads\/2025\/09\/Lyon-People-Salon-de-lAuto-HD-33.jpg\"\/><\/a><\/p>\n<p>\n                                33. Thierry Cottet (RRBC Lyon) Lo\u00efc et Julie Mignotte, Activium, avec Nico, Lyon People<\/p>\n<p>                                <a href=\"https:\/\/www.europesays.com\/fr\/wp-content\/uploads\/2025\/09\/Lyon-People-Salon-de-lAuto-HD-34.jpg\" title=\"34. Stand Aston Martin : Fr\u00e9d\u00e9ric Blanc, directeur de la concession Aston Martin Lyon\" data-rl_title=\"34. Stand Aston Martin : Fr\u00e9d\u00e9ric Blanc, directeur de la concession Aston Martin Lyon\" class=\"rl-gallery-link\" data-rl_caption=\"\" data-rel=\"lightbox-gallery-bGlnaHRib3gtZ2FsbGVyeS0w\" data-rl_><img loading=\"lazy\" decoding=\"async\" width=\"900\" height=\"675\" src=\"data:image\/svg+xml,%3Csvg%20xmlns=\" http:=\"\" class=\"attachment-large size-large\" alt=\"\" aria-describedby=\"gallery--164907\" data-lazy- data-lazy- data-lazy-src=\"https:\/\/www.europesays.com\/fr\/wp-content\/uploads\/2025\/09\/Lyon-People-Salon-de-lAuto-HD-34.jpg\"\/><\/a><\/p>\n<p>\n                                34. Stand Aston Martin : Fr\u00e9d\u00e9ric Blanc, directeur de la concession Aston Martin Lyon<\/p>\n<p><br style=\"clear: both\"\/><\/p>\n<p>                                <a href=\"https:\/\/www.europesays.com\/fr\/wp-content\/uploads\/2025\/09\/Lyon-People-Salon-de-lAuto-HD-35.jpg\" title=\"35. Nicolas Winckler (Lyon People), Benjamin Lavorel (La Maison), et Arthur Donjon (Azar)\" data-rl_title=\"35. Nicolas Winckler (Lyon People), Benjamin Lavorel (La Maison), et Arthur Donjon (Azar)\" class=\"rl-gallery-link\" data-rl_caption=\"\" data-rel=\"lightbox-gallery-bGlnaHRib3gtZ2FsbGVyeS0w\" data-rl_><img loading=\"lazy\" decoding=\"async\" width=\"900\" height=\"600\" src=\"data:image\/svg+xml,%3Csvg%20xmlns=\" http:=\"\" class=\"attachment-large size-large\" alt=\"\" aria-describedby=\"gallery--164908\" data-lazy- data-lazy- data-lazy-src=\"https:\/\/www.europesays.com\/fr\/wp-content\/uploads\/2025\/09\/Lyon-People-Salon-de-lAuto-HD-35.jpg\"\/><\/a><\/p>\n<p>\n                                35. Nicolas Winckler (Lyon People), Benjamin Lavorel (La Maison), et Arthur Donjon (Azar)<\/p>\n<p>                                <a href=\"https:\/\/www.europesays.com\/fr\/wp-content\/uploads\/2025\/09\/Lyon-People-Salon-de-lAuto-HD-36.jpg\" title=\"36. Charles Mathex, Audrey Monnot, Groupe Chopard et Nico, Lyon People\" data-rl_title=\"36. Charles Mathex, Audrey Monnot, Groupe Chopard et Nico, Lyon People\" class=\"rl-gallery-link\" data-rl_caption=\"\" data-rel=\"lightbox-gallery-bGlnaHRib3gtZ2FsbGVyeS0w\" data-rl_><img loading=\"lazy\" decoding=\"async\" width=\"900\" height=\"600\" src=\"data:image\/svg+xml,%3Csvg%20xmlns=\" http:=\"\" class=\"attachment-large size-large\" alt=\"\" aria-describedby=\"gallery--164909\" data-lazy- data-lazy- data-lazy-src=\"https:\/\/www.europesays.com\/fr\/wp-content\/uploads\/2025\/09\/Lyon-People-Salon-de-lAuto-HD-36.jpg\"\/><\/a><\/p>\n<p>\n                                36. Charles Mathex, Audrey Monnot, Groupe Chopard et Nico, Lyon People<\/p>\n<p><br style=\"clear: both\"\/><\/p>\n<p>                                <a href=\"https:\/\/www.europesays.com\/fr\/wp-content\/uploads\/2025\/09\/Lyon-People-Salon-de-lAuto-HD-37.jpg\" title=\"37. Stand Audi : Julien Fran\u00e7on (Audi) et Edouard Coquillat, directeur g\u00e9n\u00e9ral GCA\" data-rl_title=\"37. Stand Audi : Julien Fran\u00e7on (Audi) et Edouard Coquillat, directeur g\u00e9n\u00e9ral GCA\" class=\"rl-gallery-link\" data-rl_caption=\"\" data-rel=\"lightbox-gallery-bGlnaHRib3gtZ2FsbGVyeS0w\" data-rl_><img loading=\"lazy\" decoding=\"async\" width=\"900\" height=\"600\" src=\"data:image\/svg+xml,%3Csvg%20xmlns=\" http:=\"\" class=\"attachment-large size-large\" alt=\"\" aria-describedby=\"gallery--164910\" data-lazy- data-lazy- data-lazy-src=\"https:\/\/www.europesays.com\/fr\/wp-content\/uploads\/2025\/09\/Lyon-People-Salon-de-lAuto-HD-37.jpg\"\/><\/a><\/p>\n<p>\n                                37. Stand Audi : Julien Fran\u00e7on (Audi) et Edouard Coquillat, directeur g\u00e9n\u00e9ral GCA <\/p>\n<p>                                <a href=\"https:\/\/www.europesays.com\/fr\/wp-content\/uploads\/2025\/09\/Lyon-People-Salon-de-lAuto-HD-38.jpg\" title=\"38. Nico, Lyon People, Laurent et son \u00e9pouse Nathalie Weiss.\" data-rl_title=\"38. Nico, Lyon People, Laurent et son \u00e9pouse Nathalie Weiss.\" class=\"rl-gallery-link\" data-rl_caption=\"\" data-rel=\"lightbox-gallery-bGlnaHRib3gtZ2FsbGVyeS0w\" data-rl_><img loading=\"lazy\" decoding=\"async\" width=\"900\" height=\"675\" src=\"data:image\/svg+xml,%3Csvg%20xmlns=\" http:=\"\" class=\"attachment-large size-large\" alt=\"\" aria-describedby=\"gallery--164911\" data-lazy- data-lazy- data-lazy-src=\"https:\/\/www.europesays.com\/fr\/wp-content\/uploads\/2025\/09\/Lyon-People-Salon-de-lAuto-HD-38.jpg\"\/><\/a><\/p>\n<p>\n                                38. Nico, Lyon People, Laurent et son \u00e9pouse Nathalie Weiss.<\/p>\n<p><br style=\"clear: both\"\/><\/p>\n","protected":false},"excerpt":{"rendered":"Texte\u00a0: Marco Polisson \u2013 L\u2019\u00e9v\u00e9nement auto de l\u2019ann\u00e9e a d\u00e9marr\u00e9 sur les chapeaux de roues. Nos reporters ont&hellip;\n","protected":false},"author":2,"featured_media":418220,"comment_status":"","ping_status":"","sticky":false,"template":"","format":"standard","meta":{"footnotes":""},"categories":[1889],"tags":[4257,1111,47,4258,11,2430,1777,674,1011,27,2428,12,25,53799],"class_list":{"0":"post-418219","1":"post","2":"type-post","3":"status-publish","4":"format-standard","5":"has-post-thumbnail","7":"category-lyon","8":"tag-0top","9":"tag-actu","10":"tag-actualite","11":"tag-actualite-lyon","12":"tag-actualites","13":"tag-auvergne-rhone-alpes","14":"tag-eu","15":"tag-europe","16":"tag-fr","17":"tag-france","18":"tag-lyon","19":"tag-news","20":"tag-republique-francaise","21":"tag-salon-de-lauto"},"share_on_mastodon":{"url":"https:\/\/pubeurope.com\/@fr\/115269005748481345","error":""},"_links":{"self":[{"href":"https:\/\/www.europesays.com\/fr\/wp-json\/wp\/v2\/posts\/418219","targetHints":{"allow":["GET"]}}],"collection":[{"href":"https:\/\/www.europesays.com\/fr\/wp-json\/wp\/v2\/posts"}],"about":[{"href":"https:\/\/www.europesays.com\/fr\/wp-json\/wp\/v2\/types\/post"}],"author":[{"embeddable":true,"href":"https:\/\/www.europesays.com\/fr\/wp-json\/wp\/v2\/users\/2"}],"replies":[{"embeddable":true,"href":"https:\/\/www.europesays.com\/fr\/wp-json\/wp\/v2\/comments?post=418219"}],"version-history":[{"count":0,"href":"https:\/\/www.europesays.com\/fr\/wp-json\/wp\/v2\/posts\/418219\/revisions"}],"wp:featuredmedia":[{"embeddable":true,"href":"https:\/\/www.europesays.com\/fr\/wp-json\/wp\/v2\/media\/418220"}],"wp:attachment":[{"href":"https:\/\/www.europesays.com\/fr\/wp-json\/wp\/v2\/media?parent=418219"}],"wp:term":[{"taxonomy":"category","embeddable":true,"href":"https:\/\/www.europesays.com\/fr\/wp-json\/wp\/v2\/categories?post=418219"},{"taxonomy":"post_tag","embeddable":true,"href":"https:\/\/www.europesays.com\/fr\/wp-json\/wp\/v2\/tags?post=418219"}],"curies":[{"name":"wp","href":"https:\/\/api.w.org\/{rel}","templated":true}]}}