{"id":418227,"date":"2025-09-26T05:45:12","date_gmt":"2025-09-26T05:45:12","guid":{"rendered":"https:\/\/www.europesays.com\/fr\/418227\/"},"modified":"2025-09-26T05:45:12","modified_gmt":"2025-09-26T05:45:12","slug":"a-paris-louis-vuitton-inaugure-une-grande-exposition-gratuite-consacree-a-lart-deco","status":"publish","type":"post","link":"https:\/\/www.europesays.com\/fr\/418227\/","title":{"rendered":"\u00c0 Paris, Louis Vuitton inaugure une grande exposition gratuite consacr\u00e9e \u00e0 l&rsquo;Art D\u00e9co"},"content":{"rendered":"<p>C&rsquo;est, aujourd&rsquo;hui encore, l&rsquo;un de nos d\u00e9fil\u00e9s favoris de l&rsquo;\u00e8re <a href=\"https:\/\/www.vogue.fr\/dossier\/marc-jacobs\" isautogenerated=\"true\" target=\"_blank\" rel=\"noopener\"><strong>Marc Jacobs<\/strong><\/a> chez <a href=\"https:\/\/www.vogue.fr\/dossier\/louis-vuitton\" isautogenerated=\"true\" target=\"_blank\" rel=\"noopener\"><strong>Louis Vuitton<\/strong><\/a>. La collection <a href=\"https:\/\/www.vogue.fr\/dossier\/automne\" isautogenerated=\"true\" target=\"_blank\" rel=\"noopener\">automne<\/a>&#8211;<a href=\"https:\/\/www.vogue.fr\/dossier\/hiver\" isautogenerated=\"true\" target=\"_blank\" rel=\"noopener\">hiver<\/a> 2012\/2013 se d\u00e9voile dans la cour carr\u00e9e du <a href=\"https:\/\/www.vogue.fr\/dossier\/louvre\" isautogenerated=\"true\" target=\"_blank\" rel=\"noopener\">Louvre<\/a>, transform\u00e9e pour l&rsquo;occasion en gare. Entre alors un train, un vrai, de couleur bleu nuit, comme un nouvel Orient-Express, et dans son wagon, des mannequins aux chapeaux cloche, typiques des ann\u00e9es 1920, se d\u00e9coupent en ombres chinoises. Celles-ci descendent alors sur le quai, chacune accompagn\u00e9e par un porteur de malles. Clin d&rsquo;\u0153il appuy\u00e9 \u00e0 l&rsquo;effervescence qui animait la maison <strong>Vuitton<\/strong> au c\u0153ur des \u201cRoaring Twenties\u201d \u2013 p\u00e9riode de croissance \u00e9conomique et de faste, durant laquelle les <a href=\"https:\/\/www.vogue.fr\/dossier\/voyages\" isautogenerated=\"true\" target=\"_blank\" rel=\"noopener\">voyages<\/a> se multiplient, et avec eux, les besoins de ces nouveaux aventuriers issus de la haute bourgeoisie occidentale. Un peu \u00e0 l&rsquo;image de l&rsquo;ultime roman d&rsquo;<strong>Edith Wharton<\/strong>, Les Boucani\u00e8res, dans lequel l&rsquo;autrice retrace l&rsquo;immersion de jeunes am\u00e9ricaines au c\u0153ur de la noblesse anglaise. Une exposition qui a ouvert ses portes ce 26 septembre 2025, et qui devrait durer plus d&rsquo;un an.<\/p>\n<p>De l&rsquo;Exposition internationale des Arts D\u00e9coratifs\u2026<\/p>\n<p>Nous sommes le 28 avril 1925. Maintes fois report\u00e9e, l&rsquo;Exposition internationale des Arts D\u00e9coratifs ouvre enfin ses portes, inaugurant un rendez-vous immanquable de l&rsquo;<a href=\"https:\/\/www.vogue.fr\/dossier\/art\" isautogenerated=\"true\" target=\"_blank\" rel=\"noopener\">art<\/a> moderne, qui conna\u00eet au c\u0153ur des ann\u00e9es 1920 son acm\u00e9. \u00c9tendue jusqu&rsquo;\u00e0 novembre, elle consacre <a href=\"https:\/\/www.vogue.fr\/dossier\/paris\" isautogenerated=\"true\" target=\"_blank\" rel=\"noopener\">Paris<\/a> comme capitale des arts, en pleine \u00e9closion du mouvement Art Nouveau qui gr\u00e2ce de ses courbes la plupart des cr\u00e9ations contemporaines, des arr\u00eats de m\u00e9tro sign\u00e9s <strong>Hector Guimard<\/strong> aux affiches publicitaires des spectacles de <strong>Sarah Bernhardt<\/strong> que l&rsquo;on doit \u00e0 <strong>Alphonse Mucha<\/strong> \u2013 depuis milles fois copi\u00e9s.<\/p>\n<p>Au m\u00eame moment, c&rsquo;est <strong>Gaston Vuitton<\/strong>, petit-fils de <strong>Louis<\/strong>, qui se trouve aux r\u00eanes de la maison. D&rsquo;un temp\u00e9rament curieux et passionn\u00e9 par les arts en tout genre (l&rsquo;exposition montre des aquarelles comme des photographies captur\u00e9es par ses soins), il s&rsquo;\u00e9panouit dans la maison familiale d&rsquo;Asni\u00e8res, dont le salon est con\u00e7u en miroir de la tendance Art Nouveau avec ses motifs floraux et v\u00e9g\u00e9taux tr\u00e8s stylis\u00e9s. L&rsquo;exposition se propose ainsi de red\u00e9couvrir la demeure \u00e0 travers des tableaux et autres photographies, et la personnalit\u00e9 de <strong>Gaston Vuitton<\/strong> gr\u00e2ce \u00e0 ses lectures de jeunesse comme l&rsquo;hebdomadaire Le Journal des voyages et des aventures de terre et de mer, paru entre 1877 et 1949.<\/p>\n","protected":false},"excerpt":{"rendered":"C&rsquo;est, aujourd&rsquo;hui encore, l&rsquo;un de nos d\u00e9fil\u00e9s favoris de l&rsquo;\u00e8re Marc Jacobs chez Louis Vuitton. La collection automne&#8211;hiver&hellip;\n","protected":false},"author":2,"featured_media":418228,"comment_status":"","ping_status":"","sticky":false,"template":"","format":"standard","meta":{"footnotes":""},"categories":[1888],"tags":[1111,1928,11,1927,1777,674,1349,15957,1011,27,3797,12,1926,626,1925,25],"class_list":{"0":"post-418227","1":"post","2":"type-post","3":"status-publish","4":"format-standard","5":"has-post-thumbnail","7":"category-paris","8":"tag-actu","9":"tag-actu-paris","10":"tag-actualites","11":"tag-actualites-paris","12":"tag-eu","13":"tag-europe","14":"tag-expositions","15":"tag-expositions-mode","16":"tag-fr","17":"tag-france","18":"tag-louis-vuitton","19":"tag-news","20":"tag-news-paris","21":"tag-paris","22":"tag-paris-news","23":"tag-republique-francaise"},"share_on_mastodon":{"url":"https:\/\/pubeurope.com\/@fr\/115269017462026027","error":""},"_links":{"self":[{"href":"https:\/\/www.europesays.com\/fr\/wp-json\/wp\/v2\/posts\/418227","targetHints":{"allow":["GET"]}}],"collection":[{"href":"https:\/\/www.europesays.com\/fr\/wp-json\/wp\/v2\/posts"}],"about":[{"href":"https:\/\/www.europesays.com\/fr\/wp-json\/wp\/v2\/types\/post"}],"author":[{"embeddable":true,"href":"https:\/\/www.europesays.com\/fr\/wp-json\/wp\/v2\/users\/2"}],"replies":[{"embeddable":true,"href":"https:\/\/www.europesays.com\/fr\/wp-json\/wp\/v2\/comments?post=418227"}],"version-history":[{"count":0,"href":"https:\/\/www.europesays.com\/fr\/wp-json\/wp\/v2\/posts\/418227\/revisions"}],"wp:featuredmedia":[{"embeddable":true,"href":"https:\/\/www.europesays.com\/fr\/wp-json\/wp\/v2\/media\/418228"}],"wp:attachment":[{"href":"https:\/\/www.europesays.com\/fr\/wp-json\/wp\/v2\/media?parent=418227"}],"wp:term":[{"taxonomy":"category","embeddable":true,"href":"https:\/\/www.europesays.com\/fr\/wp-json\/wp\/v2\/categories?post=418227"},{"taxonomy":"post_tag","embeddable":true,"href":"https:\/\/www.europesays.com\/fr\/wp-json\/wp\/v2\/tags?post=418227"}],"curies":[{"name":"wp","href":"https:\/\/api.w.org\/{rel}","templated":true}]}}