{"id":418231,"date":"2025-09-26T05:47:11","date_gmt":"2025-09-26T05:47:11","guid":{"rendered":"https:\/\/www.europesays.com\/fr\/418231\/"},"modified":"2025-09-26T05:47:11","modified_gmt":"2025-09-26T05:47:11","slug":"davide-lopollo-latam-developper-encore-plus-la-route-paris","status":"publish","type":"post","link":"https:\/\/www.europesays.com\/fr\/418231\/","title":{"rendered":"Davide Lopollo (LATAM) : \u00ab d\u00e9velopper encore plus la route Paris"},"content":{"rendered":"<p>\t\t\t\t\t <b>TourMaG &#8211; LATAM a connu des difficult\u00e9s pendant les ann\u00e9es Covid. Quelle est la situation aujourd\u2019hui ? <\/b><\/p>\n<p><a class=\"liens\" href=\"https:\/\/www.linkedin.com\/in\/davideioppolo\/?originalSubdomain=it\" target=\"_blank\" rel=\"noopener\">Davide Lopollo<\/a> : Nous allons mieux, avec un bon deuxi\u00e8me trimestre o\u00f9 nous sortons un b\u00e9n\u00e9fice de 242 M$ de r\u00e9sultat net au deuxi\u00e8me trimestre. &#13;\t\t\t\t\t <\/p>\n<p>Au-del\u00e0 de ce chiffre, ma satisfaction est de constater que cela correspond \u00e0 une augmentation de +66% quand on le compare \u00e0 la m\u00eame p\u00e9riode en 2024. C\u2019est une performance solide qui confirme la croissance et la visibilit\u00e9 de <a class=\"liens\" href=\"https:\/\/www.latamairlines.com\/fr\/fr\/a-propos-de-latam\" target=\"_blank\" rel=\"noopener\">LATAM<\/a> en Europe et en France.&#13;\t\t\t\t\t <\/p>\n<p><b>TourMaG &#8211; En cette ann\u00e9e du Br\u00e9sil en France, comment marche la ligne entre Paris et Sao Paulo ?&#13;\t\t\t\t\t <\/b><\/p>\n<p>Davide Lopollo : La ligne marche bien et nous avons l\u2019objectif de maintenir et de d\u00e9velopper encore plus cette route importante, afin de permettre aux Fran\u00e7ais de conna\u00eetre mieux le march\u00e9 sud-am\u00e9ricain. &#13;\t\t\t\t\t <\/p>\n<p>Je veux dire que la France et la route de Paris \u00e0 Sao Paulo est une route tr\u00e8s strat\u00e9gique, une destination parfaite pour les Br\u00e9siliens et pour l\u2019Am\u00e9rique du sud. &#13;\t\t\t\t\t <\/p>\n<p>Paris, ce n&rsquo;est pas seulement la porte d&rsquo;entr\u00e9e en France pour les Sud-Am\u00e9ricains, mais aussi la porte d&rsquo;entr\u00e9e de l&rsquo;Europe. Beaucoup de Br\u00e9siliens, beaucoup de Sud-Am\u00e9ricains rentrent en Europe par Paris pour aller ensuite en Italie ou en Espagne. &#13;\t\t\t\t\t <\/p>\n<p>Et ce qui est tr\u00e8s int\u00e9ressant avec nous, c&rsquo;est qu&rsquo;ils ne doivent pas retourner \u00e0 Paris pour retourner en Am\u00e9rique du Sud. Ils peuvent repartir de Milan, de Rome, de Francfort ou encore de Madrid. C\u2019est ce qui fait notre force.&#13;\t\t\t\t\t <\/p>\n<p>Egalement les Fran\u00e7ais qui arrivent \u00e0 Sao Paulo ou Santiago ou Lima peuvent continuer sur les 140 destinations que nous proposons.\n\t\t\t\t <\/p>\n","protected":false},"excerpt":{"rendered":"TourMaG &#8211; LATAM a connu des difficult\u00e9s pendant les ann\u00e9es Covid. Quelle est la situation aujourd\u2019hui ? Davide&hellip;\n","protected":false},"author":2,"featured_media":418232,"comment_status":"","ping_status":"","sticky":false,"template":"","format":"standard","meta":{"footnotes":""},"categories":[1888],"tags":[11,54789,1777,674,1011,27,53856,54790,54791,12,626,25],"class_list":{"0":"post-418231","1":"post","2":"type-post","3":"status-publish","4":"format-standard","5":"has-post-thumbnail","7":"category-paris","8":"tag-actualites","9":"tag-davide-lopollo","10":"tag-eu","11":"tag-europe","12":"tag-fr","13":"tag-france","14":"tag-iftm","15":"tag-iftm2025","16":"tag-latam","17":"tag-news","18":"tag-paris","19":"tag-republique-francaise"},"share_on_mastodon":{"url":"https:\/\/pubeurope.com\/@fr\/115269025330442332","error":""},"_links":{"self":[{"href":"https:\/\/www.europesays.com\/fr\/wp-json\/wp\/v2\/posts\/418231","targetHints":{"allow":["GET"]}}],"collection":[{"href":"https:\/\/www.europesays.com\/fr\/wp-json\/wp\/v2\/posts"}],"about":[{"href":"https:\/\/www.europesays.com\/fr\/wp-json\/wp\/v2\/types\/post"}],"author":[{"embeddable":true,"href":"https:\/\/www.europesays.com\/fr\/wp-json\/wp\/v2\/users\/2"}],"replies":[{"embeddable":true,"href":"https:\/\/www.europesays.com\/fr\/wp-json\/wp\/v2\/comments?post=418231"}],"version-history":[{"count":0,"href":"https:\/\/www.europesays.com\/fr\/wp-json\/wp\/v2\/posts\/418231\/revisions"}],"wp:featuredmedia":[{"embeddable":true,"href":"https:\/\/www.europesays.com\/fr\/wp-json\/wp\/v2\/media\/418232"}],"wp:attachment":[{"href":"https:\/\/www.europesays.com\/fr\/wp-json\/wp\/v2\/media?parent=418231"}],"wp:term":[{"taxonomy":"category","embeddable":true,"href":"https:\/\/www.europesays.com\/fr\/wp-json\/wp\/v2\/categories?post=418231"},{"taxonomy":"post_tag","embeddable":true,"href":"https:\/\/www.europesays.com\/fr\/wp-json\/wp\/v2\/tags?post=418231"}],"curies":[{"name":"wp","href":"https:\/\/api.w.org\/{rel}","templated":true}]}}