{"id":418235,"date":"2025-09-26T05:49:14","date_gmt":"2025-09-26T05:49:14","guid":{"rendered":"https:\/\/www.europesays.com\/fr\/418235\/"},"modified":"2025-09-26T05:49:14","modified_gmt":"2025-09-26T05:49:14","slug":"les-polonais-accusent-ils-vraiment-lukraine-detre-responsable-de-la-recente-incursion-de-drones","status":"publish","type":"post","link":"https:\/\/www.europesays.com\/fr\/418235\/","title":{"rendered":"Les Polonais accusent-ils vraiment l&rsquo;Ukraine d&rsquo;\u00eatre responsable de la r\u00e9cente incursion de drones\u00a0?"},"content":{"rendered":"<p>\n         Publi\u00e9 le<br \/>\n            25\/09\/2025 &#8211; 17:00 UTC+2\n            <\/p>\n<p>          <img decoding=\"async\" class=\"c-ad__placeholder__logo\" src=\"https:\/\/static.euronews.com\/website\/images\/logos\/logo-euronews-stacked-outlined-72x72-grey-9.svg\" width=\"72\" height=\"72\" alt=\"\" loading=\"lazy\"\/><br \/>\n          PUBLICIT\u00c9<\/p>\n<p>Un rapport sorti de son contexte affirme \u00e0 tort qu&rsquo;une majorit\u00e9 de Polonais tiennent l&rsquo;Ukraine pour responsable de <a href=\"https:\/\/fr.euronews.com\/2025\/09\/12\/lincursion-de-drones-russes-est-une-menace-pour-leurope-declare-donald-tusk\" target=\"_blank\" rel=\"noopener\"><strong>la r\u00e9cente incursion de drones<\/strong><\/a> dans l&rsquo;espace a\u00e9rien polonais.<\/p>\n<p>Les analystes de Res Futura, une ONG polonaise sp\u00e9cialis\u00e9e dans la s\u00e9curit\u00e9 de l&rsquo;information, ont recueilli 179 000 messages et commentaires sur les r\u00e9seaux sociaux polonais \u00e0 la suite de l&rsquo;incursion dans la nuit du 9 au 10 septembre, et ont constat\u00e9 que 38 % de ces publications accusaient l&rsquo;Ukraine et 34 % la Russie.<\/p>\n<p>La d\u00e9sinformation russe s&rsquo;alimente elle-m\u00eame<\/p>\n<p>Selon <a href=\"https:\/\/x.com\/Polityka_wSieci\/status\/1965701477990543537\" target=\"_blank\" rel=\"noreferrer\"><strong>Res Futura<\/strong><\/a>, cette situation est le r\u00e9sultat d&rsquo;une \u00ab\u00a0campagne de d\u00e9sinformation organis\u00e9e\u00a0\u00bb coordonn\u00e9e par des comptes pro-russes et visant \u00e0 d\u00e9cr\u00e9dibiliser le gouvernement polonais et l&rsquo;OTAN.<\/p>\n<p>Les messages en question pr\u00e9sentaient un \u00ab\u00a0sch\u00e9ma coh\u00e9rent\u00a0\u00bb typique de la d\u00e9sinformation pro-russe, indiquant une \u00ab\u00a0op\u00e9ration d&rsquo;information et de psychologie d\u00e9lib\u00e9r\u00e9e\u00a0\u00bb, selon l&rsquo;analyse de Res Futura.<\/p>\n<p>Le rapport comprend un graphique \u00e0 barres montrant le pourcentage de commentaires sur les r\u00e9seaux sociaux qui attribuent la responsabilit\u00e9 \u00e0 diff\u00e9rents acteurs.<\/p>\n<p>Parmi ces commentaires, 38 % d\u00e9signaient l&rsquo;Ukraine comme responsable, 34 % bl\u00e2maient la Russie, tandis que 15 % d\u00e9signaient le gouvernement polonais.<\/p>\n<p>Mais le m\u00eame graphique est maintenant utilis\u00e9 dans une vague de messages trompeurs sur les r\u00e9seaux sociaux, qui pr\u00e9tendent qu&rsquo;il s&rsquo;agit du r\u00e9sultat d&rsquo;un r\u00e9cent sondage d&rsquo;opinion.<\/p>\n<p>L&rsquo;\u00e9quipe de v\u00e9rification des faits d&rsquo;Euronews, EuroVerify, a d\u00e9tect\u00e9 ces messages en plusieurs langues &#8211; notamment en anglais, arabe, espagnol, fran\u00e7ais, hongrois et polonais &#8211; sur Facebook, Telegram, Instagram et X, recueillant des millions de vues.<\/p>\n<p>Plusieurs m\u00e9dias ont \u00e9galement propag\u00e9 ces fausses informations, affirmant qu'\u00a0\u00bbun Polonais sur trois tient l&rsquo;Ukraine responsable de l&rsquo;incursion de drones dans l&rsquo;espace a\u00e9rien polonais\u00a0\u00bb.<\/p>\n<p><strong>Une guerre \u00ab\u00a0psychologique\u00a0\u00bb<\/strong><\/p>\n<p>L&rsquo;\u00e9tude de Res Futura ne sugg\u00e8re en aucun cas que la population polonaise tient l&rsquo;Ukraine pour responsable de l&rsquo;incursion, mais plut\u00f4t qu&rsquo;il s&rsquo;agit l\u00e0 du r\u00e9cit le plus r\u00e9pandu sur les r\u00e9seaux sociaux, aliment\u00e9 par des acteurs de la d\u00e9sinformation.<\/p>\n<p>Les analystes ont constat\u00e9 que ce discours s&rsquo;inscrivait dans le cadre d&rsquo;une vaste campagne de d\u00e9sinformation lanc\u00e9e sur les r\u00e9seaux sociaux imm\u00e9diatement apr\u00e8s l&rsquo;incursion des drones.<\/p>\n<p>\u00ab\u00a0L&rsquo;espace d&rsquo;information en Pologne est devenu polaris\u00e9, rempli de versions contradictoires, de commentaires hostiles et d&rsquo;accusations \u00e9motionnelles\u00a0\u00bb, explique l&rsquo;analyse, ajoutant que l&rsquo;absence d&rsquo;un r\u00e9cit \u00ab\u00a0dominant et cr\u00e9dible\u00a0\u00bb de la part du gouvernement polonais a contribu\u00e9 \u00e0 alimenter les conspirations.<\/p>\n<p>Des rapports contradictoires sur l&rsquo;\u00e9valuation de l&rsquo;incursion par les services de renseignement polonais ont aliment\u00e9 des affirmations trompeuses sur les plateformes sociales imm\u00e9diatement apr\u00e8s l&rsquo;attaque. <\/p>\n<p>EuroVerify avait d\u00e9j\u00e0 d\u00e9tect\u00e9 <a href=\"https:\/\/fr.euronews.com\/my-europe\/2025\/09\/18\/la-desinformation-pro-russe-diffuse-un-faux-recit-sur-lincursion-dun-drone-en-pologne\" target=\"_blank\" rel=\"noopener\"><strong>d&rsquo;autres fausses informations<\/strong><\/a> li\u00e9es \u00e0 l&rsquo;incursion et colport\u00e9s par des acteurs pro-russes.<\/p>\n<p>Une vingtaine de drones ont p\u00e9n\u00e9tr\u00e9 dans l&rsquo;espace a\u00e9rien polonais dans la nuit du 9 au 10 septembre, provoquant l&rsquo;intervention de plusieurs avions de chasse polonais et de l&rsquo;OTAN.<\/p>\n<p>Depuis, trois chasseurs russes MIG-31 ont viol\u00e9 l&rsquo;espace a\u00e9rien estonien, ce qui a incit\u00e9 les alli\u00e9s europ\u00e9ens \u00e0 avertir que les objets p\u00e9n\u00e9trant dans l&rsquo;espace a\u00e9rien de l&rsquo;OTAN seraient d\u00e9sormais intercept\u00e9s.<\/p>\n","protected":false},"excerpt":{"rendered":"Publi\u00e9 le 25\/09\/2025 &#8211; 17:00 UTC+2 PUBLICIT\u00c9 Un rapport sorti de son contexte affirme \u00e0 tort qu&rsquo;une majorit\u00e9&hellip;\n","protected":false},"author":2,"featured_media":418236,"comment_status":"","ping_status":"","sticky":false,"template":"","format":"standard","meta":{"footnotes":""},"categories":[1590],"tags":[11,2024,1777,674,842,131,12,2437,132,220],"class_list":{"0":"post-418235","1":"post","2":"type-post","3":"status-publish","4":"format-standard","5":"has-post-thumbnail","7":"category-ukraine","8":"tag-actualites","9":"tag-drones","10":"tag-eu","11":"tag-europe","12":"tag-fake-news","13":"tag-guerre-en-ukraine","14":"tag-news","15":"tag-pologne","16":"tag-russie","17":"tag-ukraine"},"share_on_mastodon":{"url":"https:\/\/pubeurope.com\/@fr\/115269034359433476","error":""},"_links":{"self":[{"href":"https:\/\/www.europesays.com\/fr\/wp-json\/wp\/v2\/posts\/418235","targetHints":{"allow":["GET"]}}],"collection":[{"href":"https:\/\/www.europesays.com\/fr\/wp-json\/wp\/v2\/posts"}],"about":[{"href":"https:\/\/www.europesays.com\/fr\/wp-json\/wp\/v2\/types\/post"}],"author":[{"embeddable":true,"href":"https:\/\/www.europesays.com\/fr\/wp-json\/wp\/v2\/users\/2"}],"replies":[{"embeddable":true,"href":"https:\/\/www.europesays.com\/fr\/wp-json\/wp\/v2\/comments?post=418235"}],"version-history":[{"count":0,"href":"https:\/\/www.europesays.com\/fr\/wp-json\/wp\/v2\/posts\/418235\/revisions"}],"wp:featuredmedia":[{"embeddable":true,"href":"https:\/\/www.europesays.com\/fr\/wp-json\/wp\/v2\/media\/418236"}],"wp:attachment":[{"href":"https:\/\/www.europesays.com\/fr\/wp-json\/wp\/v2\/media?parent=418235"}],"wp:term":[{"taxonomy":"category","embeddable":true,"href":"https:\/\/www.europesays.com\/fr\/wp-json\/wp\/v2\/categories?post=418235"},{"taxonomy":"post_tag","embeddable":true,"href":"https:\/\/www.europesays.com\/fr\/wp-json\/wp\/v2\/tags?post=418235"}],"curies":[{"name":"wp","href":"https:\/\/api.w.org\/{rel}","templated":true}]}}