{"id":418255,"date":"2025-09-26T06:03:16","date_gmt":"2025-09-26T06:03:16","guid":{"rendered":"https:\/\/www.europesays.com\/fr\/418255\/"},"modified":"2025-09-26T06:03:16","modified_gmt":"2025-09-26T06:03:16","slug":"bagnaia-de-retour-au-sommet-du-classement","status":"publish","type":"post","link":"https:\/\/www.europesays.com\/fr\/418255\/","title":{"rendered":"Bagnaia de retour au sommet du classement\u00a0!"},"content":{"rendered":"<p>C&rsquo;est un week-end chaud bouillant qui a d\u00e9but\u00e9 ce matin sur le circuit de Motegi, et ce \u00e0 bien des \u00e9gards. En plus de la perspective tr\u00e8s forte de voir Marc M\u00e1rquez f\u00eater son neuvi\u00e8me titre mondial dimanche, le thermom\u00e8tre contribue \u00e0 l&rsquo;effervescence ambiante avec d\u00e9j\u00e0 pr\u00e8s de 29\u00b0C enregistr\u00e9s durant cette premi\u00e8re s\u00e9ance de 45 minutes.<\/p>\n<p>Lire aussi :<\/p>\n<p>Ce passage par le Japon marque le d\u00e9but d&rsquo;une tourn\u00e9e outre-mer intense, qui comprendra quatre Grands Prix en l&rsquo;espace de cinq semaines. Et les constructeurs ont mis le paquet pour proposer des nouveaut\u00e9s techniques \u00e0 exploiter. Johann Zarco en profite, lui qui a <a href=\"https:\/\/fr.motorsport.com\/motogp\/news\/zarco-retrouver-top-10-nouveautes-honda\/10762218\/\" target=\"_self\" rel=\"noopener\">enfin re\u00e7u toutes les mises \u00e0 jour disponibles sur sa Honda<\/a>. Engag\u00e9 en tant que wild-card, le pilote essayeur Takaaki Nakagami exp\u00e9rimente quant \u00e0 lui un dosseret de selle diff\u00e9rent de la norme sur la RC213V.<\/p>\n<p>Du c\u00f4t\u00e9 de Yamaha, un nouvel \u00e9chappement est apparu sur les motos de Fabio Quartararo, \u00c1lex Rins et Jack Miller. Enfin, Pecco Bagnaia semble \u00eatre revenu au bras oscillant de la Ducati de l&rsquo;an dernier, alors qu&rsquo;il est toujours en qu\u00eate de sensations apr\u00e8s une ann\u00e9e cauchemardesque.<\/p>\n<p>Et ce tout d\u00e9but de week-end a ramen\u00e9 l&rsquo;espoir dans le stand du pilote italien\u00a0!\u00a0Bagnaia s&rsquo;est en effet rapidement install\u00e9 au sommet du classement, avant de confirmer ce niveau en am\u00e9liorant sa marque \u00e0 plusieurs reprises.\u00a0Il a \u00e9t\u00e9 le premier \u00e0 passer sous la barre des 1&rsquo;45 au tour, avant que Marc M\u00e1rquez n&rsquo;am\u00e9liore la r\u00e9f\u00e9rence de quelques milli\u00e8mes.<\/p>\n<p>Bagnaia s&rsquo;est non seulement montr\u00e9 rapide, mais il a \u00e9galement eu du r\u00e9pondant car il a r\u00e9cup\u00e9r\u00e9 la premi\u00e8re place quelques minutes plus tard, en prenant cette fois un dixi\u00e8me d&rsquo;avance sur son co\u00e9quipier. Son chrono de 1&rsquo;44&Prime;857 allait rester invaincu par la suite, <a href=\"https:\/\/fr.motorsport.com\/motogp\/news\/bagnaia-retour-espoir-revient-ducati\/10762463\/\" target=\"_self\" rel=\"noopener\">lui permettant pour la premi\u00e8re fois de l&rsquo;ann\u00e9e d&rsquo;entamer un week-end avec le meilleur temps<\/a>.<\/p>\n<p>Mart\u00edn deuxi\u00e8me devant\u00a0M\u00e1rquez<\/p>\n<p>Derri\u00e8re le duo de l&rsquo;\u00e9quipe officielle Ducati, rest\u00e9 au sommet durant la majeure partie de cette s\u00e9ance, certains pilotes se sont particuli\u00e8rement illustr\u00e9s. C&rsquo;est le cas notamment de Franco Morbidelli, au guidon de la Desmosedici de 2024, qui s&rsquo;est install\u00e9 parmi les premi\u00e8res places d\u00e8s l&rsquo;entame de ces essais et n&rsquo;a recul\u00e9 que dans les derni\u00e8res minutes.<\/p>\n<p>La derni\u00e8re partie de la s\u00e9ance a en effet vu quelques nouveaux noms grimper vers les premiers rangs du classement. Il y a d&rsquo;abord eu Luca Marini, au guidon d&rsquo;une Honda qu&rsquo;il m\u00e8ne de plus en plus haut actuellement et finalement r\u00e9compens\u00e9 par le cinqui\u00e8me temps.\u00a0Fabio Di Giannantonio est lui aussi all\u00e9 chercher un tr\u00e8s beau quatri\u00e8me chrono dans les derniers instants.<\/p>\n<p>Mais on retient en particulier Jorge Mart\u00edn, qui a r\u00e9ussi \u00e0 se montrer tr\u00e8s rapide sur l&rsquo;Aprilia, \u00e0 tel point qu&rsquo;il s&rsquo;est intercal\u00e9 entre Bagnaia et M\u00e1rquez. Le signe du travail efficace r\u00e9alis\u00e9 lors du test de Misano\u00a0?\u00a0En tout cas, l&rsquo;Espagnol a brill\u00e9 avec un pneu arri\u00e8re tendre, qu&rsquo;il a \u00e9t\u00e9 le seul \u00e0 monter parmi les premiers class\u00e9s, et ce alors qu&rsquo;il a jusqu&rsquo;ici pein\u00e9 dans l&rsquo;exercice du time attack avec la RS-GP.<\/p>\n<p>Ces progressions diverses ont fait reculer Pedro Acosta au septi\u00e8me rang, lui qui a une nouvelle fois domin\u00e9 le clan KTM ce matin. Ses trois coll\u00e8gues sont bien plus bas, r\u00e9unis aux derni\u00e8res places, et avec au passage une chute dans le cas d&rsquo;Enea Bastianini qui s&rsquo;est fait pi\u00e9ger en toute fin de s\u00e9ance.<\/p>\n<p>\u00a0<\/p>\n<p>Tandis que le pilote Tech3 tombait au virage 10, Franco Morbidelli et Jack Miller se retrouvaient eux aussi dans les graviers, dans le virage 5 du circuit japonais. Beaucoup plus t\u00f4t, une double chute avait d\u00e9j\u00e0 provoqu\u00e9 la sortie des drapeaux jaunes dans les premi\u00e8res minutes, celles de Ra\u00fal Fern\u00e1ndez au virage 8 et de Marco Bezzecchi au virage 10.<\/p>\n<p>Si Bezzecchi semblait avoir simplement forc\u00e9 un peu trop \u00e0 cet instant-l\u00e0, la suite de la s\u00e9ance ne l&rsquo;a pas aid\u00e9 \u00e0 se relancer. Il est en effet tomb\u00e9 \u00e0 nouveau, cette fois dans le virage 5, et bien qu&rsquo;il occupait \u00e0 cet instant une tr\u00e8s bonne position, il n&rsquo;a pas pu aller plus loin puisqu&rsquo;il n&rsquo;avait d\u00e9sormais plus de moto \u00e0 sa disposition.<\/p>\n<p>En manquant ainsi le dernier quart d&rsquo;heure, Bezzecchi a gliss\u00e9 au 11e rang du classement. On notera encore la performance modeste d&rsquo;\u00c1lex M\u00e1rquez, 15e ce matin, encadr\u00e9 par les Fran\u00e7ais\u00a0:\u00a0Johann Zarco est 13e et Fabio Quartararo 16e.<\/p>\n<p>Les pilotes reprendront la piste \u00e0 8h heure fran\u00e7aise pour une seconde s\u00e9ance d&rsquo;une heure, d\u00e9j\u00e0 d\u00e9terminante pour offrir aux dix plus rapides l&rsquo;acc\u00e8s direct \u00e0 la phase finale des qualifications.<\/p>\n<p>GP du Japon MotoGP &#8211; Essais Libres 1<\/p>\n<\/p><\/p>\n","protected":false},"excerpt":{"rendered":"C&rsquo;est un week-end chaud bouillant qui a d\u00e9but\u00e9 ce matin sur le circuit de Motegi, et ce \u00e0&hellip;\n","protected":false},"author":2,"featured_media":418256,"comment_status":"","ping_status":"","sticky":false,"template":"","format":"standard","meta":{"footnotes":""},"categories":[1413],"tags":[54793,1011,27,1581,1457,1456,1458,60,51359],"class_list":{"0":"post-418255","1":"post","2":"type-post","3":"status-publish","4":"format-standard","5":"has-post-thumbnail","7":"category-moto","8":"tag-el1-bagnaia-de-retour-au-sommet-du-classementu00a0","9":"tag-fr","10":"tag-france","11":"tag-gp-du-japon","12":"tag-moto","13":"tag-motocycle","14":"tag-motogp","15":"tag-sports","16":"tag-twin-ring-motegi"},"share_on_mastodon":{"url":"https:\/\/pubeurope.com\/@fr\/115269088384296291","error":""},"_links":{"self":[{"href":"https:\/\/www.europesays.com\/fr\/wp-json\/wp\/v2\/posts\/418255","targetHints":{"allow":["GET"]}}],"collection":[{"href":"https:\/\/www.europesays.com\/fr\/wp-json\/wp\/v2\/posts"}],"about":[{"href":"https:\/\/www.europesays.com\/fr\/wp-json\/wp\/v2\/types\/post"}],"author":[{"embeddable":true,"href":"https:\/\/www.europesays.com\/fr\/wp-json\/wp\/v2\/users\/2"}],"replies":[{"embeddable":true,"href":"https:\/\/www.europesays.com\/fr\/wp-json\/wp\/v2\/comments?post=418255"}],"version-history":[{"count":0,"href":"https:\/\/www.europesays.com\/fr\/wp-json\/wp\/v2\/posts\/418255\/revisions"}],"wp:featuredmedia":[{"embeddable":true,"href":"https:\/\/www.europesays.com\/fr\/wp-json\/wp\/v2\/media\/418256"}],"wp:attachment":[{"href":"https:\/\/www.europesays.com\/fr\/wp-json\/wp\/v2\/media?parent=418255"}],"wp:term":[{"taxonomy":"category","embeddable":true,"href":"https:\/\/www.europesays.com\/fr\/wp-json\/wp\/v2\/categories?post=418255"},{"taxonomy":"post_tag","embeddable":true,"href":"https:\/\/www.europesays.com\/fr\/wp-json\/wp\/v2\/tags?post=418255"}],"curies":[{"name":"wp","href":"https:\/\/api.w.org\/{rel}","templated":true}]}}