{"id":418273,"date":"2025-09-26T06:12:49","date_gmt":"2025-09-26T06:12:49","guid":{"rendered":"https:\/\/www.europesays.com\/fr\/418273\/"},"modified":"2025-09-26T06:12:49","modified_gmt":"2025-09-26T06:12:49","slug":"le-manga-sakamoto-days-adapte-en-film-live-25-septembre-2025","status":"publish","type":"post","link":"https:\/\/www.europesays.com\/fr\/418273\/","title":{"rendered":"Le manga SAKAMOTO DAYS adapt\u00e9 en film live !, 25 Septembre 2025"},"content":{"rendered":"<p>Apr\u00e8s sa version anim\u00e9e, c&rsquo;est une autre adaptation qui attend le manga <a href=\"https:\/\/www.manga-news.com\/index.php\/serie\/Sakamoto-Days\" rel=\"nofollow noopener\" target=\"_blank\"><strong xmlns=\"http:\/\/www.w3.org\/1999\/xhtml\">SAKAMOTO DAYS<\/strong><\/a><strong\/> : un film en pris\u00e9 de vue r\u00e9elle !<\/p>\n<p>Le <a href=\"https:\/\/www.manga-news.com\/index.php\/drama\/SAKAMOTO-DAYS\" rel=\"nofollow noopener\" target=\"_blank\"><strong xmlns=\"http:\/\/www.w3.org\/1999\/xhtml\">film live SAKAMOTO DAYS<\/strong><\/a><strong\/> verra le jour pour le Golden Week 2026, soit entre le 29 avril et le 6 mai, dans les cin\u00e9mas du Japon. <a href=\"https:\/\/www.manga-news.com\/index.php\/auteur\/FUKUDA-Yuichi\" rel=\"nofollow noopener\" target=\"_blank\">Y\u00fbichi Fukuda<\/a>, bien connu pour l&rsquo;adaptation live de Gintama qui d\u00e9nombre plusieurs s\u00e9ries et films, assure aussi bien la r\u00e9alisation que l&rsquo;\u00e9criture du sc\u00e9nario. Keiya Tabuchi, qui a notamment travaill\u00e9 sur les versions live de L&rsquo;Attaque des Titans, chor\u00e9graphie les sc\u00e8nes d&rsquo;action. Le studio CREDEUS assure la production tandis que Toho distribuera le film.<\/p>\n<p><img decoding=\"async\" src=\"https:\/\/www.europesays.com\/fr\/wp-content\/uploads\/2025\/09\/Sakamoto-Days-live-action-affiche-1.webp.webp\" alt=\"\" style=\"width: 100%; max-width: 315px; height: auto; max-height: 446px;\"\/>\u00a0<img decoding=\"async\" src=\"https:\/\/www.europesays.com\/fr\/wp-content\/uploads\/2025\/09\/Sakamoto-Days-live-action-affiche-2.webp.webp\" style=\"width: 100%; max-width: 315px; height: auto; max-height: 446px;\" alt=\"\"\/><\/p>\n<p>C\u00f4t\u00e9 casting, c&rsquo;est <strong>Ren Meguro<\/strong>, idole du boys band Snow Man, qui campera un Sakamoto plus vrai que nature. Deux premi\u00e8res affiches l&rsquo;illustrent dans son r\u00f4le tandis qu&rsquo;un premier teaser teint\u00e9 d&rsquo;action a \u00e9t\u00e9 d\u00e9voil\u00e9.<\/p>\n<p>Le com\u00e9dien a partag\u00e9 ses premi\u00e8res impressions. Il a d&rsquo;abord lu le manga original il y a quelques ann\u00e9es de cela. Tandis que, d&rsquo;habitude, il joue pour transmettre des \u00e9motions au public, il confie avoir, cette fois, incarn\u00e9 Taro Sakamoto pour lui-m\u00eame. Il partage ainsi sa vision du personnage : \u00ab\u00a0Autrefois, Sakamoto \u00e9tait un tueur \u00e0 gages l\u00e9gendaire qui inspirait la peur. Mais, aujourd&rsquo;hui, c&rsquo;est un p\u00e8re de famille paisible qui accorde fait passer les siens au premier plan. C&rsquo;est ce contraste qui rend ce personnage si fascinant et vraiment cool.\u00a0\u00bb<\/p>\n<p>Selon les dires du r\u00e9alisateur, le tournage et le montage sont aujourd&rsquo;hui termin\u00e9s, mais les effets sp\u00e9ciaux et la musique n&rsquo;ont pas encore \u00e9t\u00e9 incorpor\u00e9s. Confiant, Y\u00fbichi Fukuda a d\u00e9clar\u00e9 que m\u00eame sans ces \u00e9l\u00e9ments, le film est tellement g\u00e9nial qu&rsquo;il pourrait sortir en salles.<\/p>\n<p><\/p>\n<p>Rappelons que le film adapte le manga SAKAMOTO DAYS de <a href=\"https:\/\/www.manga-news.com\/index.php\/auteur\/SUZUKI-Yuto\" rel=\"nofollow noopener\" target=\"_blank\"><strong xmlns=\"http:\/\/www.w3.org\/1999\/xhtml\">Y\u00fbto Suzuki<\/strong><\/a><strong\/>. En cours depuis 2020 dans le <a href=\"https:\/\/www.manga-news.com\/index.php\/magazine\/Shonen-Jump\" rel=\"nofollow noopener\" target=\"_blank\">Sh\u00f4nen Jump<\/a>, il compte \u00e0 ce jour 23 tomes au Japon. Chez nous, il est publi\u00e9 aux \u00e9ditions Gl\u00e9nat avec 18 volumes disponibles.<\/p>\n<p>Une <a href=\"https:\/\/www.manga-news.com\/index.php\/dvd\/Sakamoto-DAYS\" rel=\"nofollow noopener\" target=\"_blank\"><strong xmlns=\"http:\/\/www.w3.org\/1999\/xhtml\">adaptation anim\u00e9e<\/strong><\/a><strong\/> chapeaut\u00e9e par le studio <a href=\"https:\/\/www.manga-news.com\/index.php\/auteur\/TMS-Entertainment\" rel=\"nofollow noopener\" target=\"_blank\">TMS Entertainment<\/a> et r\u00e9alis\u00e9e par <a href=\"https:\/\/www.manga-news.com\/index.php\/auteur\/WATANABE-Masaki\" rel=\"nofollow noopener\" target=\"_blank\">Masaki Watanabe<\/a> fut diffus\u00e9e cette ann\u00e9e. Longue de 22 \u00e9pisodes, elle est propos\u00e9e chez nous sur Netflix.<\/p>\n<p><img decoding=\"async\" src=\"https:\/\/www.europesays.com\/fr\/wp-content\/uploads\/2025\/09\/Sakamoto_Days_1_glenat_temp.webp.webp\" alt=\"\" style=\"width: 100%; max-width: 272px; height: auto; max-height: 425px;\"\/>\u00a0<img decoding=\"async\" src=\"https:\/\/www.europesays.com\/fr\/wp-content\/uploads\/2025\/09\/Sakamoto-Dats-anime-visual.webp.webp\" style=\"width: 100%; max-width: 300px; height: auto; max-height: 425px;\" alt=\"\"\/><\/p>\n<p><strong>Synopsis &#8211; SAKAMOTO DAYS :<br \/><\/strong><br \/>Taro Sakamoto est un assassin l\u00e9gendaire, le meilleur d&rsquo;entre tous, craint par tous les gangsters, adul\u00e9 par ses pairs. Mais un beau jour\u2026 il tombe amoureux ! S&rsquo;ensuivent retraite, mariage, paternit\u00e9\u2026 et prise de poids. Sakamoto est aujourd&rsquo;hui patron d&rsquo;une petite \u00e9picerie de quartier et coule des jours heureux avec sa famille. Mais lorsque son pass\u00e9 le rattrape sous les traits de Shin, un jeune assassin t\u00e9l\u00e9pathe, Sakamoto reprend du service\u2026 et malgr\u00e9 son apparence, il est toujours aussi charismatique lorsqu&rsquo;il passe \u00e0 l&rsquo;action !<\/p>\n","protected":false},"excerpt":{"rendered":"Apr\u00e8s sa version anim\u00e9e, c&rsquo;est une autre adaptation qui attend le manga SAKAMOTO DAYS : un film en&hellip;\n","protected":false},"author":2,"featured_media":418274,"comment_status":"","ping_status":"","sticky":false,"template":"","format":"standard","meta":{"footnotes":""},"categories":[1354],"tags":[1111,47,58,6679,59,1346,1011,27,1922,54794,6681,6683,2567,6682,1360,1404],"class_list":{"0":"post-418273","1":"post","2":"type-post","3":"status-publish","4":"format-standard","5":"has-post-thumbnail","7":"category-films","8":"tag-actu","9":"tag-actualite","10":"tag-divertissement","11":"tag-drama","12":"tag-entertainment","13":"tag-films","14":"tag-fr","15":"tag-france","16":"tag-info","17":"tag-le-manga-sakamoto-days-adapte-en-film-live","18":"tag-manga","19":"tag-manga-news","20":"tag-manga-news-com","21":"tag-mangas","22":"tag-movies","23":"tag-quotidien"},"share_on_mastodon":{"url":"https:\/\/pubeurope.com\/@fr\/115269127999977873","error":""},"_links":{"self":[{"href":"https:\/\/www.europesays.com\/fr\/wp-json\/wp\/v2\/posts\/418273","targetHints":{"allow":["GET"]}}],"collection":[{"href":"https:\/\/www.europesays.com\/fr\/wp-json\/wp\/v2\/posts"}],"about":[{"href":"https:\/\/www.europesays.com\/fr\/wp-json\/wp\/v2\/types\/post"}],"author":[{"embeddable":true,"href":"https:\/\/www.europesays.com\/fr\/wp-json\/wp\/v2\/users\/2"}],"replies":[{"embeddable":true,"href":"https:\/\/www.europesays.com\/fr\/wp-json\/wp\/v2\/comments?post=418273"}],"version-history":[{"count":0,"href":"https:\/\/www.europesays.com\/fr\/wp-json\/wp\/v2\/posts\/418273\/revisions"}],"wp:featuredmedia":[{"embeddable":true,"href":"https:\/\/www.europesays.com\/fr\/wp-json\/wp\/v2\/media\/418274"}],"wp:attachment":[{"href":"https:\/\/www.europesays.com\/fr\/wp-json\/wp\/v2\/media?parent=418273"}],"wp:term":[{"taxonomy":"category","embeddable":true,"href":"https:\/\/www.europesays.com\/fr\/wp-json\/wp\/v2\/categories?post=418273"},{"taxonomy":"post_tag","embeddable":true,"href":"https:\/\/www.europesays.com\/fr\/wp-json\/wp\/v2\/tags?post=418273"}],"curies":[{"name":"wp","href":"https:\/\/api.w.org\/{rel}","templated":true}]}}