{"id":418311,"date":"2025-09-26T06:36:21","date_gmt":"2025-09-26T06:36:21","guid":{"rendered":"https:\/\/www.europesays.com\/fr\/418311\/"},"modified":"2025-09-26T06:36:21","modified_gmt":"2025-09-26T06:36:21","slug":"on-voit-le-bout-du-tunnel-on-sait-enfin-quand-le-plus-vieil-incinerateur-de-france-va-redemarrer","status":"publish","type":"post","link":"https:\/\/www.europesays.com\/fr\/418311\/","title":{"rendered":"\u00ab\u00a0On voit le bout du tunnel\u00a0\u00bb\u2026 On sait enfin quand le plus vieil incin\u00e9rateur de France va red\u00e9marrer"},"content":{"rendered":"<p>Un vrai soulagement. Il y a quelques jours, les services de Rennes m\u00e9tropole ont re\u00e7u le feu vert qu\u2019elles attendaient tant. Emp\u00eatr\u00e9e dans <a href=\"https:\/\/www.20minutes.fr\/rennes\/4082641-20240322-rennes-taxe-enlevement-ordures-menageres-va-flamber-franchement-prevu\" class=\"c-link c-link--is-underlined\" target=\"_blank\" rel=\"noopener\">un chantier tr\u00e8s co\u00fbteux de r\u00e9novation de son incin\u00e9rateur<\/a>, la collectivit\u00e9 bretonne a pu remettre sous pression l\u2019une des deux chaudi\u00e8res de son usine. Un test effectu\u00e9 sous une pression dingue de 138 bars, bien au-del\u00e0 de la pression de 57 bars qui r\u00e8gne habituellement dans l\u2019\u00e9quipement. \u00ab\u00a0C\u2019est une \u00e9tape majeure dans le processus de red\u00e9marrage. On voit le bout du tunnel\u00a0\u00bb, reconna\u00eet Laurent Hamon.<\/p>\n<p>Le vice-pr\u00e9sident de la m\u00e9tropole d\u00e9l\u00e9gu\u00e9 aux d\u00e9chets esp\u00e8re que l\u2019unit\u00e9 de valorisation \u00e9nerg\u00e9tique pourra reprendre du service \u00ab\u00a0\u00e0 l\u2019\u00e9t\u00e9\u00a02026\u00a0\u00bb et engloutir les 100.000 tonnes de d\u00e9chets r\u00e9siduels balanc\u00e9s par ses 400.000 habitants. Il \u00e9tait temps. Fig\u00e9 pendant plusieurs mois en raison <a href=\"https:\/\/www.20minutes.fr\/rennes\/4108431-20240904-rennes-metropole-separe-societe-chargee-renover-incinerateur-apres-mois-arret\" class=\"c-link c-link--is-underlined\" target=\"_blank\" rel=\"noopener\">d\u2019un litige entre Rennes m\u00e9tropole et l\u2019entreprise italienne Ruths<\/a>, le colossal chantier de r\u00e9novation semblait ne plus pouvoir s\u2019achever.<\/p>\n<\/p>\n<p>Pour parvenir \u00e0 cette conformit\u00e9 aux exigeantes normes europ\u00e9ennes, <a href=\"https:\/\/www.20minutes.fr\/rennes\/4067862-20231222-rennes-pourquoi-incinerateur-villejean-peut-redemarrer-facture-va-flamber\" class=\"c-link c-link--is-underlined\" target=\"_blank\" rel=\"noopener\">la collectivit\u00e9 a d\u00fb rajouter 25\u00a0millions d\u2019euros <\/a>et faire appel \u00e0 la soci\u00e9t\u00e9 Est Industrie Sentis. \u00ab\u00a0Il a fallu reprendre pr\u00e8s de 6.000 soudures. Certaines prennent deux \u00e0 trois heures. D\u2019autres peuvent durer toute une journ\u00e9e\u00a0\u00bb, poursuit l\u2019\u00e9lu en charge du dossier.<\/p>\n<p><img decoding=\"async\" alt=\"L'unit\u00e9 de valorisation \u00e9nerg\u00e9tique de Villejean, \u00e0 Rennes, est une usine d'incin\u00e9ration de d\u00e9chets produisant de la chaleur et de l'\u00e9lectricit\u00e9. \" class=\"c-img\" loading=\"lazy\" fetchpriority=\"auto\" width=\"718\"  src=\"https:\/\/img.20mn.fr\/ny_cUfBXTFaJwf0cxB5LYik\/718x0\" \/>L&rsquo;unit\u00e9 de valorisation \u00e9nerg\u00e9tique de Villejean, \u00e0 Rennes, est une usine d&rsquo;incin\u00e9ration de d\u00e9chets produisant de la chaleur et de l&rsquo;\u00e9lectricit\u00e9. \u2002-\u00a0C. Allain\/20 Minutes<\/p>\n<p>C\u2019est sur cette question des soudures <a href=\"https:\/\/www.20minutes.fr\/planete\/4095123-20240607-rennes-images-pourquoi-plus-vieil-incinerateur-france-carafe\" class=\"c-link c-link--is-underlined\" target=\"_blank\" rel=\"noopener\">que la m\u00e9tropole et la soci\u00e9t\u00e9 Ruths n\u2019ont cess\u00e9 de se disputer<\/a>, chacun y allant de son expertise. \u00ab\u00a0On a tout d\u00e9coup\u00e9 et on a pu v\u00e9rifier ce que l\u2019on avan\u00e7ait. Les soudures n\u2019\u00e9taient pas tout \u00e0 fait compl\u00e8tes. Elles ne respectaient pas les normes\u00a0\u00bb, assure Marie Basquin, cheffe de ce projet de r\u00e9novation qui a d\u00e9j\u00e0 co\u00fbt\u00e9 plus de 180\u00a0millions d\u2019euros. Saisie, la justice a fini par donner raison \u00e0 la collectivit\u00e9 rennaise et \u00e0 imposer \u00e0 l\u2019entreprise italienne de fournir l\u2019ensemble de la documentation li\u00e9e au chantier. Depuis plusieurs mois, Ruths n\u2019est plus pr\u00e9sente sur le site. \u00ab\u00a0Si on obtient cette documentation, on devrait pouvoir red\u00e9marrer l\u2019\u00e9t\u00e9 prochain\u00a0\u00bb, poursuit Marie Basquin.<\/p>\n<p>Plus de chaleur et plus d\u2019\u00e9lectricit\u00e9<\/p>\n<p>Inaugur\u00e9 en\u00a01968, le plus vieil incin\u00e9rateur de France affichera alors des performances s\u00e9duisantes, accentuant sa production d\u2019\u00e9lectricit\u00e9 de 120\u00a0% et sa production de chaleur de 40\u00a0%. Un \u00e9quipement essentiel qui permet de valoriser les d\u00e9chets en chauffant des dizaines de milliers de logements. Pour comprendre son utilit\u00e9, il n\u2019y a qu\u2019\u00e0 regarder les cons\u00e9quences de sa mise en veille.<\/p>\n<p><img decoding=\"async\" alt=\"L'unit\u00e9 de valorisation \u00e9nerg\u00e9tique de Villejean, \u00e0 Rennes, a \u00e9t\u00e9 mise \u00e0 l'arr\u00eat en raison de probl\u00e8mes de soudures et d'un litige avec l'entreprise Ruths.\" class=\"c-img\" loading=\"lazy\" fetchpriority=\"auto\" width=\"718\"  src=\"https:\/\/img.20mn.fr\/Tdejk6iwQkGJ__Yi0t_VnCk\/718x0\" \/>L&rsquo;unit\u00e9 de valorisation \u00e9nerg\u00e9tique de Villejean, \u00e0 Rennes, a \u00e9t\u00e9 mise \u00e0 l&rsquo;arr\u00eat en raison de probl\u00e8mes de soudures et d&rsquo;un litige avec l&rsquo;entreprise Ruths.\u2002-\u00a0C. Allain\/20 Minutes<\/p>\n<p>L\u2019arr\u00eat depuis le printemps\u00a02022 de l\u2019usine de valorisation \u00e9nerg\u00e9tique (UVE) <a href=\"https:\/\/www.20minutes.fr\/planete\/4054360-20230923-rennes-incinerateur-arret-metropole-va-continuer-exporter-dechets\" class=\"c-link c-link--is-underlined\" target=\"_blank\" rel=\"noopener\">oblige la collectivit\u00e9 \u00e0 envoyer ses d\u00e9chets ailleurs<\/a>. Un d\u00e9tournement qui co\u00fbte une blinde\u00a0: 2,8\u00a0millions d\u2019euros par mois. Si l\u2019interruption devait durer cinquante mois, on serait d\u00e9j\u00e0 \u00e0 une facture flirtant avec les 150\u00a0millions d\u2019euros. Auxquels il faut ajouter le manque \u00e0 gagner de l\u2019absence de production de chaleur et d\u2019\u00e9lectricit\u00e9. \u00ab\u00a0A un moment viendra le temps de l\u2019addition\u00a0\u00bb, pr\u00e9vient Laurent Hamon. Addition que la m\u00e9tropole compte bien envoyer \u00e0 Ruths.<\/p>\n","protected":false},"excerpt":{"rendered":"Un vrai soulagement. Il y a quelques jours, les services de Rennes m\u00e9tropole ont re\u00e7u le feu vert&hellip;\n","protected":false},"author":2,"featured_media":418312,"comment_status":"","ping_status":"","sticky":false,"template":"","format":"standard","meta":{"footnotes":""},"categories":[2821],"tags":[1111,11,829,27378,3008,579,893,1777,674,1011,27,848,342,12,9662,1306,584,25,2549],"class_list":{"0":"post-418311","1":"post","2":"type-post","3":"status-publish","4":"format-standard","5":"has-post-thumbnail","7":"category-rennes","8":"tag-actu","9":"tag-actualites","10":"tag-bretagne","11":"tag-chauffage","12":"tag-dechets","13":"tag-electricite","14":"tag-energie","15":"tag-eu","16":"tag-europe","17":"tag-fr","18":"tag-france","19":"tag-ille-et-vilaine","20":"tag-impots","21":"tag-news","22":"tag-poubelle","23":"tag-regions","24":"tag-rennes","25":"tag-republique-francaise","26":"tag-taxe"},"share_on_mastodon":{"url":"https:\/\/pubeurope.com\/@fr\/115269218557468254","error":""},"_links":{"self":[{"href":"https:\/\/www.europesays.com\/fr\/wp-json\/wp\/v2\/posts\/418311","targetHints":{"allow":["GET"]}}],"collection":[{"href":"https:\/\/www.europesays.com\/fr\/wp-json\/wp\/v2\/posts"}],"about":[{"href":"https:\/\/www.europesays.com\/fr\/wp-json\/wp\/v2\/types\/post"}],"author":[{"embeddable":true,"href":"https:\/\/www.europesays.com\/fr\/wp-json\/wp\/v2\/users\/2"}],"replies":[{"embeddable":true,"href":"https:\/\/www.europesays.com\/fr\/wp-json\/wp\/v2\/comments?post=418311"}],"version-history":[{"count":0,"href":"https:\/\/www.europesays.com\/fr\/wp-json\/wp\/v2\/posts\/418311\/revisions"}],"wp:featuredmedia":[{"embeddable":true,"href":"https:\/\/www.europesays.com\/fr\/wp-json\/wp\/v2\/media\/418312"}],"wp:attachment":[{"href":"https:\/\/www.europesays.com\/fr\/wp-json\/wp\/v2\/media?parent=418311"}],"wp:term":[{"taxonomy":"category","embeddable":true,"href":"https:\/\/www.europesays.com\/fr\/wp-json\/wp\/v2\/categories?post=418311"},{"taxonomy":"post_tag","embeddable":true,"href":"https:\/\/www.europesays.com\/fr\/wp-json\/wp\/v2\/tags?post=418311"}],"curies":[{"name":"wp","href":"https:\/\/api.w.org\/{rel}","templated":true}]}}