{"id":418313,"date":"2025-09-26T06:37:11","date_gmt":"2025-09-26T06:37:11","guid":{"rendered":"https:\/\/www.europesays.com\/fr\/418313\/"},"modified":"2025-09-26T06:37:11","modified_gmt":"2025-09-26T06:37:11","slug":"strasbourg-une-vente-aux-encheres-au-profit-des-peuples-racines-ce-26-septembre","status":"publish","type":"post","link":"https:\/\/www.europesays.com\/fr\/418313\/","title":{"rendered":"Strasbourg. Une vente aux ench\u00e8res au profit des peuples racines ce 26 septembre"},"content":{"rendered":"<p>Cet \u00e9v\u00e9nement, ouvert \u00e0 tous, a pour objectif de financer des actions essentielles de sauvegarde des traditions, des savoirs ancestraux et des territoires des peuples autochtones en danger \u00e0 travers le monde.<\/p>\n<p><a href=\"https:\/\/www.dna.fr\/culture-loisirs\/2025\/09\/21\/il-est-encore-possible-de-construire-un-monde-meilleur-l-emotion-transmise-par-les-peuples-racines-au-parlement\" target=\"_blank\" rel=\"nofollow noopener\">Les peuples racines, gardiens de 80\u00a0% de la biodiversit\u00e9 mondiale et d\u00e9positaires de savoirs mill\u00e9naires<\/a> , font face \u00e0 de nombreuses menaces\u00a0: accaparement des terres, disparition des langues, \u00e9rosion des pratiques culturelles. Depuis 2014, Ligne verte terre de paix \u0153uvre pour soutenir ces communaut\u00e9s, en favorisant le dialogue interculturel et en finan\u00e7ant des projets concrets\u00a0: production de rem\u00e8des traditionnels \u00e0 Madagascar, transmission de danses rituelles au Maroc, protection des for\u00eats en Malaisie ou encore valorisation des arts anciens au Br\u00e9sil.<\/p>\n<p>Cette ann\u00e9e, la vente aux ench\u00e8res proposera des \u0153uvres originales g\u00e9n\u00e9reusement offertes par des artistes locaux et internationaux, parmi lesquels des cr\u00e9ations de <a href=\"https:\/\/www.dna.fr\/p\/tomi-ungerer\" target=\"_blank\" rel=\"nofollow noopener\">Tomi Ungerer<\/a> et Raymond Waydelich et d\u2019autres talents. Les fonds r\u00e9colt\u00e9s permettront de soutenir directement cinq projets port\u00e9s par des communaut\u00e9s mayas du Mexique, b\u00e9nin\u00e9sarakas de Madagascar, kariri-xoc\u00f3s du Br\u00e9sil, amazighs du Maroc et p\u00e9nans de Malaisie.<\/p>\n<p>Ce contenu est bloqu\u00e9 car vous n&rsquo;avez pas accept\u00e9 les cookies et autres traceurs.<\/p>\n<p>En cliquant sur \u00ab J\u2019accepte \u00bb, les cookies et autres traceurs seront d\u00e9pos\u00e9s et vous pourrez visualiser les contenus  (<a href=\"\" class=\"consentModule_policy\" target=\"_blank\" title=\"Consulter la politique de protection des donn\u00e9es du fournisseur\">plus d&rsquo;informations<\/a>).<\/p>\n<p>En cliquant sur \u00ab J\u2019accepte tous les cookies \u00bb, vous autorisez des d\u00e9p\u00f4ts de cookies et autres traceurs pour le stockage de vos donn\u00e9es sur nos sites et applications \u00e0 des fins de personnalisation et de ciblage publicitaire.<\/p>\n<p class=\"consentModule_secondaryText\">Vous gardez la possibilit\u00e9 de retirer votre consentement \u00e0 tout moment en consultant notre <a href=\"https:\/\/www.dna.fr\/protection-des-donnees\" target=\"_blank\" title=\"Consulter notre politique de protection des donn\u00e9es\" rel=\"nofollow noopener\">politique de protection des donn\u00e9es<\/a>. <br \/>&#13;<br \/>\n            <a href=\"https:\/\/www.dna.fr\/societe\/2025\/09\/26\/javascript:Didomi.notice.show()\" class=\"consentModule_cmp\" rel=\"nofollow noopener\" target=\"_blank\">G\u00e9rer mes choix<\/a>&#13;\n        <\/p>\n<p>&#13;<br \/>\n                        J&rsquo;accepte&#13;<br \/>\n            J&rsquo;accepte tous les cookies&#13;\n        <\/p>\n<p>  Une exposition ouverte au public<\/p>\n<p>Les \u0153uvres mises en vente seront accessibles au public \u00e0 partir de 14\u00a0h \u00e0 l\u2019Aubette, offrant \u00e0 chacun l\u2019opportunit\u00e9 de d\u00e9couvrir des pi\u00e8ces uniques, tout en contribuant \u00e0 une cause humanitaire et environnementale d\u2019envergure. La vente aux ench\u00e8res d\u00e9butera \u00e0 18\u00a0h\u00a030.<\/p>\n<p>\u00ab\u00a0Cette soir\u00e9e est une occasion unique de s\u2019unir pour pr\u00e9server la richesse culturelle et naturelle de notre plan\u00e8te. Chaque ench\u00e8re est un geste de solidarit\u00e9 envers ceux qui prot\u00e8gent nos racines communes\u00a0\u00bb, souligne <a href=\"https:\/\/www.dna.fr\/culture-loisirs\/2025\/09\/22\/l-art-de-la-joie-au-forum-des-peuples-racines\" target=\"_blank\" rel=\"nofollow noopener\">Philippe Studer, pr\u00e9sident de Ligne verte terre de paix<\/a>.<\/p>\n<p> Cette derni\u00e8re \u0153uvre depuis plus de vingt ans pour la reconnaissance et la protection des peuples autochtones, en organisant des forums, des marches symboliques et des \u00e9v\u00e9nements culturels. Son action s\u2019inscrit dans une d\u00e9marche apolitique et areligieuse, centr\u00e9e sur le respect des liens fondamentaux entre l\u2019humain et la nature. <\/p>\n<p class=\"note\">Vendredi 26\u00a0septembre. Exposition des \u0153uvres \u00e0 partir de 14\u00a0h. Vente aux ench\u00e8res\u00a0: 18\u00a0h\u00a030. \u00c0 l\u2019Aubette, place Kl\u00e9ber, Strasbourg. Entr\u00e9e libre \u2013 Tout public. R\u00e9servations\u00a0: www.ligneverteterredepaix.org<\/p>\n","protected":false},"excerpt":{"rendered":"Cet \u00e9v\u00e9nement, ouvert \u00e0 tous, a pour objectif de financer des actions essentielles de sauvegarde des traditions, des&hellip;\n","protected":false},"author":2,"featured_media":418314,"comment_status":"","ping_status":"","sticky":false,"template":"","format":"standard","meta":{"footnotes":""},"categories":[2820],"tags":[1111,11,2649,2880,1777,674,107,1011,27,775,12,25,104,640,2879,1631],"class_list":{"0":"post-418313","1":"post","2":"type-post","3":"status-publish","4":"format-standard","5":"has-post-thumbnail","7":"category-strasbourg","8":"tag-actu","9":"tag-actualites","10":"tag-bas-rhin","11":"tag-edition-strasbourg","12":"tag-eu","13":"tag-europe","14":"tag-fil-info","15":"tag-fr","16":"tag-france","17":"tag-grand-est","18":"tag-news","19":"tag-republique-francaise","20":"tag-societe","21":"tag-strasbourg","22":"tag-strasbourg-ville","23":"tag-vie-associative"},"share_on_mastodon":{"url":"https:\/\/pubeurope.com\/@fr\/115269222007211483","error":""},"_links":{"self":[{"href":"https:\/\/www.europesays.com\/fr\/wp-json\/wp\/v2\/posts\/418313","targetHints":{"allow":["GET"]}}],"collection":[{"href":"https:\/\/www.europesays.com\/fr\/wp-json\/wp\/v2\/posts"}],"about":[{"href":"https:\/\/www.europesays.com\/fr\/wp-json\/wp\/v2\/types\/post"}],"author":[{"embeddable":true,"href":"https:\/\/www.europesays.com\/fr\/wp-json\/wp\/v2\/users\/2"}],"replies":[{"embeddable":true,"href":"https:\/\/www.europesays.com\/fr\/wp-json\/wp\/v2\/comments?post=418313"}],"version-history":[{"count":0,"href":"https:\/\/www.europesays.com\/fr\/wp-json\/wp\/v2\/posts\/418313\/revisions"}],"wp:featuredmedia":[{"embeddable":true,"href":"https:\/\/www.europesays.com\/fr\/wp-json\/wp\/v2\/media\/418314"}],"wp:attachment":[{"href":"https:\/\/www.europesays.com\/fr\/wp-json\/wp\/v2\/media?parent=418313"}],"wp:term":[{"taxonomy":"category","embeddable":true,"href":"https:\/\/www.europesays.com\/fr\/wp-json\/wp\/v2\/categories?post=418313"},{"taxonomy":"post_tag","embeddable":true,"href":"https:\/\/www.europesays.com\/fr\/wp-json\/wp\/v2\/tags?post=418313"}],"curies":[{"name":"wp","href":"https:\/\/api.w.org\/{rel}","templated":true}]}}