{"id":418315,"date":"2025-09-26T06:38:20","date_gmt":"2025-09-26T06:38:20","guid":{"rendered":"https:\/\/www.europesays.com\/fr\/418315\/"},"modified":"2025-09-26T06:38:20","modified_gmt":"2025-09-26T06:38:20","slug":"diffusion-strasbourg-om-a-quelle-heure-et-sur-quelle-chaine-voir-le-match-en-direct","status":"publish","type":"post","link":"https:\/\/www.europesays.com\/fr\/418315\/","title":{"rendered":"Diffusion Strasbourg \u2013 OM : \u00e0 quelle heure et sur quelle cha\u00eene voir le match en direct ?"},"content":{"rendered":"<p class=\"paragraph text_align_left lp-f-body-02\">Ce vendredi, ne manquez pas le choc RCSA \u2013 Marseille, l\u2019une des affiches les plus attendues de la sixi\u00e8me journ\u00e9e de championnat. \u00c0 l\u2019heure actuelle, le RC Strasbourg Alsace occupe la quatri\u00e8me place du classement. Les Strasbourgeois totalisent douze points, gr\u00e2ce \u00e0 quatre victoires contre le FC Metz (0-1), le FC Nantes (1-0), Le Havre (1-0) et le Paris FC (2-3). Au coude \u00e0 coude avec Lyon, le PSG et Monaco, le RCSA n\u2019a pas d\u2019autre choix que de s\u2019imposer pour rester dans la course \u00e0 la premi\u00e8re place. De son c\u00f4t\u00e9, Marseille sort d\u2019une victoire contre le Paris Saint-Germain (1-0). Les hommes de Roberto De Zerbi prennent ainsi la sixi\u00e8me position, avec neuf points au compteur. Ce vendredi, les co\u00e9quipiers de Mason Greenwood n\u2019ont pas le droit \u00e0 l\u2019erreur, au risque de s\u2019\u00e9loigner du podium. Pour m\u00e9moire, la derni\u00e8re confrontation entre les deux \u00e9quipes s\u2019est sold\u00e9e par un match nul (1-1). Dans ces lignes on vous dit \u00e0 quelle heure et sur quelle cha\u00eene regarder le match Strasbourg \u2013 OM en direct ce vendredi soir.<\/p>\n<p class=\"paragraph text_align_left lp-f-body-02\"><b>Le match qui oppose le RC Strasbourg Alsace et l\u2019Olympique de Marseille est diffus\u00e9 ce vendredi 26 septembre <\/b><a href=\"https:\/\/www.tkqlhce.com\/click-100434109-17139035\" target=\"_blank\" rel=\"sponsored noopener\"><b>en direct sur Ligue 1+<\/b><\/a><b>.<\/b> <b>La rencontre est pr\u00e9vue \u00e0 20h45 \u00e0 La Meinau.<\/b> D\u00e8s 20 heures, Thibault Le Rol pr\u00e9sente le magazine \u201cKick-off\u201d. Vous retrouvez ainsi les derni\u00e8res actualit\u00e9s du championnat et des \u00e9quipes, et une pr\u00e9sentation de l\u2019affiche du vendredi soir. Les commentateurs prennent ensuite le relais pour analyser les performances des clubs et d\u00e9crypter les temps forts de la soir\u00e9e.<\/p>\n<p class=\"paragraph text_align_left lp-f-body-02\"><b>Les bons plans pour s\u2019abonner \u00e0 Ligue 1+ :<\/b><\/p>\n","protected":false},"excerpt":{"rendered":"Ce vendredi, ne manquez pas le choc RCSA \u2013 Marseille, l\u2019une des affiches les plus attendues de la&hellip;\n","protected":false},"author":2,"featured_media":418316,"comment_status":"","ping_status":"","sticky":false,"template":"","format":"standard","meta":{"footnotes":""},"categories":[2820],"tags":[1111,11,1777,674,1011,27,775,749,12,25,640,54801,54802,6718],"class_list":{"0":"post-418315","1":"post","2":"type-post","3":"status-publish","4":"format-standard","5":"has-post-thumbnail","7":"category-strasbourg","8":"tag-actu","9":"tag-actualites","10":"tag-eu","11":"tag-europe","12":"tag-fr","13":"tag-france","14":"tag-grand-est","15":"tag-guide-shopping","16":"tag-news","17":"tag-republique-francaise","18":"tag-strasbourg","19":"tag-strasbourg-om","20":"tag-strasbourg-om-heure","21":"tag-tv-streaming"},"share_on_mastodon":{"url":"https:\/\/pubeurope.com\/@fr\/115269225951557825","error":""},"_links":{"self":[{"href":"https:\/\/www.europesays.com\/fr\/wp-json\/wp\/v2\/posts\/418315","targetHints":{"allow":["GET"]}}],"collection":[{"href":"https:\/\/www.europesays.com\/fr\/wp-json\/wp\/v2\/posts"}],"about":[{"href":"https:\/\/www.europesays.com\/fr\/wp-json\/wp\/v2\/types\/post"}],"author":[{"embeddable":true,"href":"https:\/\/www.europesays.com\/fr\/wp-json\/wp\/v2\/users\/2"}],"replies":[{"embeddable":true,"href":"https:\/\/www.europesays.com\/fr\/wp-json\/wp\/v2\/comments?post=418315"}],"version-history":[{"count":0,"href":"https:\/\/www.europesays.com\/fr\/wp-json\/wp\/v2\/posts\/418315\/revisions"}],"wp:featuredmedia":[{"embeddable":true,"href":"https:\/\/www.europesays.com\/fr\/wp-json\/wp\/v2\/media\/418316"}],"wp:attachment":[{"href":"https:\/\/www.europesays.com\/fr\/wp-json\/wp\/v2\/media?parent=418315"}],"wp:term":[{"taxonomy":"category","embeddable":true,"href":"https:\/\/www.europesays.com\/fr\/wp-json\/wp\/v2\/categories?post=418315"},{"taxonomy":"post_tag","embeddable":true,"href":"https:\/\/www.europesays.com\/fr\/wp-json\/wp\/v2\/tags?post=418315"}],"curies":[{"name":"wp","href":"https:\/\/api.w.org\/{rel}","templated":true}]}}