{"id":418317,"date":"2025-09-26T06:39:10","date_gmt":"2025-09-26T06:39:10","guid":{"rendered":"https:\/\/www.europesays.com\/fr\/418317\/"},"modified":"2025-09-26T06:39:10","modified_gmt":"2025-09-26T06:39:10","slug":"bataille-en-eaux-troubles-pour-la-concession-dun-port-de-la-cote-dazur-la-justice-tranche","status":"publish","type":"post","link":"https:\/\/www.europesays.com\/fr\/418317\/","title":{"rendered":"Bataille en eaux troubles pour la concession d&rsquo;un port de la C\u00f4te d&rsquo;Azur, la justice tranche"},"content":{"rendered":"<p>            Par<br \/>\n        <strong><br \/>\n            <a href=\"https:\/\/actu.fr\/auteur\/ugo-maillard\" title=\"Consulter tous les articles de Ugo Maillard\" rel=\"nofollow noopener\" target=\"_blank\">Ugo Maillard<\/a><br \/>\n        <\/strong><\/p>\n<p>        Publi\u00e9 le<\/p>\n<p>            26 sept. 2025 \u00e0 6h16        <\/p>\n<p>Le dossier de la concession du port de Saint-Laurent-du-Var est d\u00e9finitivement clos. Le tribunal administratif de Nice a rendu son verdict quant \u00e0 la saisie du juge des r\u00e9f\u00e9r\u00e9s concernant l\u2019<strong>attribution de la concession du port<\/strong> de la commune des <a href=\"https:\/\/actu.fr\/provence-alpes-cote-d-azur\/alpes-maritimes_06\" rel=\"nofollow noopener\" target=\"_blank\">Alpes-Maritimes<\/a>. Ce 17\u00a0septembre 2025, la justice a<strong> rejet\u00e9 la demande d\u2019annulation<\/strong> de l\u2019attribution du contrat de concession de l\u2019exploitation et de la gestion du service public portuaire du port de Saint-Laurent-du-Var \u00e0 la Chambre de commerce et d\u2019industrie Nice C\u00f4te d\u2019Azur. Cette demande a \u00e9t\u00e9 formul\u00e9e durant l\u2019\u00e9t\u00e9 2025 par deux entreprises priv\u00e9es.<\/p>\n<p>Un contrat jug\u00e9 r\u00e9gulier<\/p>\n<p class=\" wall-content\">Les soci\u00e9t\u00e9s Renaudi Holding et D-Marin France ont saisi le juge apr\u00e8s que leurs offres ne sont pas retenues par la M\u00e9tropole de Nice pour la gestion du service public portuaire du port de Saint-Laurent-du-Var, a appris <a href=\"https:\/\/actu.fr\/nice\/\" rel=\"nofollow noopener\" target=\"_blank\">actu Nice<\/a> aupr\u00e8s du tribunal.<\/p>\n<blockquote class=\"ac-article-quote wall-content\">\n<p>Le juge des r\u00e9f\u00e9r\u00e9s a tout d\u2019abord rappel\u00e9 qu\u2019il lui appartient, dans le cas o\u00f9 il est saisi d\u2019une contestation de la conformit\u00e9 de l\u2019offre retenue au regard des exigences du r\u00e8glement de la consultation et d\u2019une d\u00e9naturation all\u00e9gu\u00e9e dans l\u2019analyse d\u2019une autre offre, de proc\u00e9der \u00e0 une v\u00e9rification \u00e0 partir des documents que les parties sont seules \u00e0 d\u00e9tenir.<\/p>\n<p>    <strong>Tribunal administratif de Nice<\/strong>\n            <\/p><\/blockquote>\n<p class=\" wall-content\">L\u2019offre formul\u00e9e par la CCI n\u2019a donc rien d\u2019irr\u00e9guli\u00e8re, selon le juge. D\u2019autre part, il a consid\u00e9r\u00e9, \u00e0 la lecture du rapport d\u2019analyse des offres produits par la M\u00e9tropole, que l\u2019offre de la soci\u00e9t\u00e9 D-Marin France n\u2019avait pas \u00e9t\u00e9 d\u00e9natur\u00e9e lors de son analyse par l\u2019autorit\u00e9 administrative.<\/p>\n<p>Une exploitation sur 20\u00a0ans<\/p>\n<p class=\" wall-content\">L\u2019attribution de la concession du port de Saint-Laurent-du-Var \u00e0 la Chambre de commerce et d\u2019industrie sera effective d\u00e8s le 1\u1d49\u02b3 janvier\u00a02026.<\/p>\n<p class=\" wall-content\">Ce contrat est <strong>sign\u00e9 pour 20\u00a0ans<\/strong>. Un budget de 34\u00a0millions d\u2019euros est pr\u00e9vu, notamment pour des travaux de modernisation et la cr\u00e9ation de deux parkings.<\/p>\n<p class=\" wall-content\">Personnalisez votre actualit\u00e9 en ajoutant vos villes et m\u00e9dias en favori avec <a href=\"https:\/\/moncompte.actu.fr\" title=\"D\u00e9couvez Mon Actu\" rel=\"nofollow noopener\" data-trk=\"{&quot;cta&quot;:{&quot;action&quot;:&quot;https:\\\/\\\/moncompte.actu.fr&quot;,&quot;category&quot;:&quot;mon compte&quot;,&quot;from&quot;:&quot;article footer&quot;,&quot;name&quot;:&quot;Mon actu&quot;,&quot;type&quot;:&quot;cta&quot;}}\" target=\"_blank\">Mon Actu<\/a>.<\/p>\n","protected":false},"excerpt":{"rendered":"Par Ugo Maillard Publi\u00e9 le 26 sept. 2025 \u00e0 6h16 Le dossier de la concession du port de&hellip;\n","protected":false},"author":2,"featured_media":418318,"comment_status":"","ping_status":"","sticky":false,"template":"","format":"standard","meta":{"footnotes":""},"categories":[2819],"tags":[1111,11,33,1777,674,1011,27,303,6127,12,2401,882,25],"class_list":{"0":"post-418317","1":"post","2":"type-post","3":"status-publish","4":"format-standard","5":"has-post-thumbnail","7":"category-nice","8":"tag-actu","9":"tag-actualites","10":"tag-economie","11":"tag-eu","12":"tag-europe","13":"tag-fr","14":"tag-france","15":"tag-justice","16":"tag-mer","17":"tag-news","18":"tag-nice","19":"tag-provence-alpes-cote-dazur","20":"tag-republique-francaise"},"share_on_mastodon":{"url":"https:\/\/pubeurope.com\/@fr\/115269229937503518","error":""},"_links":{"self":[{"href":"https:\/\/www.europesays.com\/fr\/wp-json\/wp\/v2\/posts\/418317","targetHints":{"allow":["GET"]}}],"collection":[{"href":"https:\/\/www.europesays.com\/fr\/wp-json\/wp\/v2\/posts"}],"about":[{"href":"https:\/\/www.europesays.com\/fr\/wp-json\/wp\/v2\/types\/post"}],"author":[{"embeddable":true,"href":"https:\/\/www.europesays.com\/fr\/wp-json\/wp\/v2\/users\/2"}],"replies":[{"embeddable":true,"href":"https:\/\/www.europesays.com\/fr\/wp-json\/wp\/v2\/comments?post=418317"}],"version-history":[{"count":0,"href":"https:\/\/www.europesays.com\/fr\/wp-json\/wp\/v2\/posts\/418317\/revisions"}],"wp:featuredmedia":[{"embeddable":true,"href":"https:\/\/www.europesays.com\/fr\/wp-json\/wp\/v2\/media\/418318"}],"wp:attachment":[{"href":"https:\/\/www.europesays.com\/fr\/wp-json\/wp\/v2\/media?parent=418317"}],"wp:term":[{"taxonomy":"category","embeddable":true,"href":"https:\/\/www.europesays.com\/fr\/wp-json\/wp\/v2\/categories?post=418317"},{"taxonomy":"post_tag","embeddable":true,"href":"https:\/\/www.europesays.com\/fr\/wp-json\/wp\/v2\/tags?post=418317"}],"curies":[{"name":"wp","href":"https:\/\/api.w.org\/{rel}","templated":true}]}}