{"id":418319,"date":"2025-09-26T06:40:16","date_gmt":"2025-09-26T06:40:16","guid":{"rendered":"https:\/\/www.europesays.com\/fr\/418319\/"},"modified":"2025-09-26T06:40:16","modified_gmt":"2025-09-26T06:40:16","slug":"le-bea-fait-un-point-sur-lenquete","status":"publish","type":"post","link":"https:\/\/www.europesays.com\/fr\/418319\/","title":{"rendered":"le BEA fait un point sur l&rsquo;enqu\u00eate"},"content":{"rendered":"<p>            Par<br \/>\n        <strong><br \/>\n            <a href=\"https:\/\/actu.fr\/auteur\/ugo-maillard\" title=\"Consulter tous les articles de Ugo Maillard\" rel=\"nofollow noopener\" target=\"_blank\">Ugo Maillard<\/a><br \/>\n        <\/strong><\/p>\n<p>        Publi\u00e9 le<\/p>\n<p>            26 sept. 2025 \u00e0 7h16        <\/p>\n<p>Quid des responsabilit\u00e9s\u2009? Deux avions sont pass\u00e9s <a href=\"https:\/\/actu.fr\/provence-alpes-cote-d-azur\/nice_06088\/un-crash-evite-de-justesse-a-l-aeroport-de-nice-deux-avions-manquent-de-se-percuter_63194026.html\" rel=\"nofollow noopener\" target=\"_blank\">\u00e0 quelques m\u00e8tres de se percuter<\/a> sur le tarmac de <strong>l\u2019a\u00e9roport de Nice<\/strong> (<a href=\"https:\/\/actu.fr\/provence-alpes-cote-d-azur\/alpes-maritimes_06\" rel=\"nofollow noopener\" target=\"_blank\">Alpes-Maritimes<\/a>), le dimanche 21\u00a0septembre 2025, aux alentours de 23\u2009h\u200930. Sans une r\u00e9action du pilote en phase d\u2019atterrissage, les deux Airbus A320 des <a href=\"https:\/\/actu.fr\/provence-alpes-cote-d-azur\/nice_06088\/crash-evite-a-l-aeroport-de-nice-les-compagnies-easyjet-et-nouvelair-donnent-de-premiers-elements_63206164.html\" rel=\"nofollow noopener\" target=\"_blank\">compagnies easyJet et Nouvelair<\/a> auraient pu entrer en collision. Un <strong>incident grave<\/strong> qui a engendr\u00e9 l\u2019ouverture de plusieurs enqu\u00eates pour d\u00e9terminer les causes et les \u00e9ventuelles responsabilit\u00e9s.<\/p>\n<p class=\" wall-content\">Ce jeudi 25\u00a0septembre, le Bureau d\u2019enqu\u00eate et d\u2019analyse pour la s\u00e9curit\u00e9 de l\u2019aviation civile (BEA) a dress\u00e9 un point d\u2019\u00e9tape et a \u00e9voqu\u00e9 les premi\u00e8res avanc\u00e9es de l\u2019enqu\u00eate.<\/p>\n<p>Les premiers \u00e9l\u00e9ments de l\u2019enqu\u00eate<\/p>\n<p class=\" wall-content\">Parmi les entit\u00e9s investies pour l\u2019enqu\u00eate, on retrouve donc le Bureau d\u2019enqu\u00eate et d\u2019analyse pour la s\u00e9curit\u00e9 de l\u2019aviation civile. Le BEA qui qualifie ce crash \u00e9vit\u00e9 \u00ab\u2009d\u2019incident grave\u2009\u00bb a ouvert une enqu\u00eate de s\u00e9curit\u00e9.<\/p>\n<p class=\" wall-content\">L\u2019institution en charge de mani\u00e8re syst\u00e9matique des incidents de l\u2019aviation civile en France a d\u00e9voil\u00e9 l\u2019avanc\u00e9e de l\u2019enqu\u00eate en ce jeudi matin.<\/p>\n<p class=\" wall-content\">Selon un communiqu\u00e9 officiel, les quatre enregistreurs de vol (2 par avion), plus commun\u00e9ment appel\u00e9s <strong>\u00ab\u2009bo\u00eetes noires\u2009\u00bb<\/strong>, ont \u00e9t\u00e9 ramen\u00e9s au laboratoire du BEA au Bourget. Les donn\u00e9es contenues dans les enregistreurs sont en cours d\u2019analyses par les enqu\u00eateurs.<\/p>\n<p class=\" wall-content\">Par ailleurs, \u00ab\u2009le recueil des t\u00e9moignages des diff\u00e9rentes parties prenantes se poursuit jusqu\u2019\u00e0 la semaine prochaine\u2009\u00bb, pr\u00e9cise le BEA.<\/p>\n<p>Deux autres enqu\u00eates en cours<\/p>\n<p class=\" wall-content\">De son c\u00f4t\u00e9, le parquet de Nice a \u00e9galement <a href=\"https:\/\/actu.fr\/provence-alpes-cote-d-azur\/nice_06088\/crash-evite-a-l-aeroport-de-nice-une-enquete-ouverte-pour-mise-en-danger-de-la-vie-d-autrui_63202536.html\" rel=\"nofollow noopener\" target=\"_blank\">ouvert une enqu\u00eate<\/a> pour \u00ab\u2009mise en danger de la vie d\u2019autrui\u2009\u00bb. Le Service de la navigation a\u00e9rienne (SNA) enqu\u00eate \u00e9galement sur l\u2019incident.<\/p>\n<p class=\" wall-content\">Personnalisez votre actualit\u00e9 en ajoutant vos villes et m\u00e9dias en favori avec <a href=\"https:\/\/moncompte.actu.fr\" title=\"D\u00e9couvez Mon Actu\" rel=\"nofollow noopener\" data-trk=\"{&quot;cta&quot;:{&quot;action&quot;:&quot;https:\\\/\\\/moncompte.actu.fr&quot;,&quot;category&quot;:&quot;mon compte&quot;,&quot;from&quot;:&quot;article footer&quot;,&quot;name&quot;:&quot;Mon actu&quot;,&quot;type&quot;:&quot;cta&quot;}}\" target=\"_blank\">Mon Actu<\/a>.<\/p>\n","protected":false},"excerpt":{"rendered":"Par Ugo Maillard Publi\u00e9 le 26 sept. 2025 \u00e0 7h16 Quid des responsabilit\u00e9s\u2009? Deux avions sont pass\u00e9s \u00e0&hellip;\n","protected":false},"author":2,"featured_media":270687,"comment_status":"","ping_status":"","sticky":false,"template":"","format":"standard","meta":{"footnotes":""},"categories":[2819],"tags":[1111,11,54041,1777,674,1011,27,303,12,2401,882,25,104],"class_list":{"0":"post-418319","1":"post","2":"type-post","3":"status-publish","4":"format-standard","5":"has-post-thumbnail","7":"category-nice","8":"tag-actu","9":"tag-actualites","10":"tag-crash-avion","11":"tag-eu","12":"tag-europe","13":"tag-fr","14":"tag-france","15":"tag-justice","16":"tag-news","17":"tag-nice","18":"tag-provence-alpes-cote-dazur","19":"tag-republique-francaise","20":"tag-societe"},"share_on_mastodon":{"url":"https:\/\/pubeurope.com\/@fr\/115269233807971397","error":""},"_links":{"self":[{"href":"https:\/\/www.europesays.com\/fr\/wp-json\/wp\/v2\/posts\/418319","targetHints":{"allow":["GET"]}}],"collection":[{"href":"https:\/\/www.europesays.com\/fr\/wp-json\/wp\/v2\/posts"}],"about":[{"href":"https:\/\/www.europesays.com\/fr\/wp-json\/wp\/v2\/types\/post"}],"author":[{"embeddable":true,"href":"https:\/\/www.europesays.com\/fr\/wp-json\/wp\/v2\/users\/2"}],"replies":[{"embeddable":true,"href":"https:\/\/www.europesays.com\/fr\/wp-json\/wp\/v2\/comments?post=418319"}],"version-history":[{"count":0,"href":"https:\/\/www.europesays.com\/fr\/wp-json\/wp\/v2\/posts\/418319\/revisions"}],"wp:featuredmedia":[{"embeddable":true,"href":"https:\/\/www.europesays.com\/fr\/wp-json\/wp\/v2\/media\/270687"}],"wp:attachment":[{"href":"https:\/\/www.europesays.com\/fr\/wp-json\/wp\/v2\/media?parent=418319"}],"wp:term":[{"taxonomy":"category","embeddable":true,"href":"https:\/\/www.europesays.com\/fr\/wp-json\/wp\/v2\/categories?post=418319"},{"taxonomy":"post_tag","embeddable":true,"href":"https:\/\/www.europesays.com\/fr\/wp-json\/wp\/v2\/tags?post=418319"}],"curies":[{"name":"wp","href":"https:\/\/api.w.org\/{rel}","templated":true}]}}