{"id":418323,"date":"2025-09-26T06:43:20","date_gmt":"2025-09-26T06:43:20","guid":{"rendered":"https:\/\/www.europesays.com\/fr\/418323\/"},"modified":"2025-09-26T06:43:20","modified_gmt":"2025-09-26T06:43:20","slug":"de-nouvelles-regles-pour-trottinettes-dans-le-centre-de-cette-ville-de-dordogne","status":"publish","type":"post","link":"https:\/\/www.europesays.com\/fr\/418323\/","title":{"rendered":"De nouvelles r\u00e8gles pour trottinettes dans le centre de cette ville de Dordogne !"},"content":{"rendered":"<p>Depuis ce lundi 22 septembre 2025, circuler en trottinette \u00e9lectrique ou en engin de d\u00e9placement personnel motoris\u00e9 (EDPM) \u00e0 <a href=\"https:\/\/perigueux.fr\" target=\"_blank\" rel=\"noreferrer noopener nofollow\">P\u00e9rigueux<\/a> n\u2019est plus tout \u00e0 fait la m\u00eame chose. La mairie vient de mettre en place un arr\u00eat\u00e9 pour limiter les d\u00e9bordements et s\u00e9curiser les rues du centre.<\/p>\n<p style=\"font-size:16px\">Les chiffres parlent d\u2019eux-m\u00eames : en seulement huit mois,\u00a0<strong>24 accidents impliquant des trottinettes<\/strong>\u00a0ont \u00e9t\u00e9 enregistr\u00e9s dans la ville.<strong> C\u2019est deux fois plus qu\u2019en 2024<\/strong>. Face \u00e0 cette hausse, la municipalit\u00e9 a choisi de revoir les conditions de circulation dans le secteur sauvegard\u00e9, c\u2019est-\u00e0-dire le c\u0153ur historique de P\u00e9rigueux.<\/p>\n<p style=\"font-size:16px\">Avant m\u00eame les mesures locales, les conducteurs <strong>d\u2019EDPM<\/strong> doivent respecter plusieurs r\u00e8gles obligatoires :<\/p>\n<ul class=\"wp-block-list\">\n<li style=\"font-size:16px\">avoir au moins 14 ans,<\/li>\n<li style=\"font-size:16px\">porter un casque et un \u00e9quipement r\u00e9tro-r\u00e9fl\u00e9chissant la nuit,<\/li>\n<li style=\"font-size:16px\">rouler \u00e0 25 km\/h maximum,<\/li>\n<li style=\"font-size:16px\">ne jamais transporter de passager,<\/li>\n<li style=\"font-size:16px\">\u00e9quiper l\u2019engin d\u2019un frein, d\u2019un avertisseur sonore et de feux avant\/arri\u00e8re,<\/li>\n<li style=\"font-size:16px\">ne pas utiliser d\u2019\u00e9couteurs ni de t\u00e9l\u00e9phone en main,<\/li>\n<li style=\"font-size:16px\">poss\u00e9der une assurance,<\/li>\n<li style=\"font-size:16px\">ne pas circuler sur les trottoirs,<\/li>\n<li style=\"font-size:16px\">emprunter les pistes cyclables lorsqu\u2019elles existent.<\/li>\n<\/ul>\n<p><img fetchpriority=\"high\" decoding=\"async\" width=\"900\" height=\"601\" src=\"https:\/\/www.europesays.com\/fr\/wp-content\/uploads\/2025\/09\/Trottinette-electrique-a-Bordeaux-JML.jpeg\" alt=\"\" class=\"wp-image-84104\"  \/>Les nouvelles r\u00e8gles pour trottinettes et EDPM \u00e0 P\u00e9rigueux obligent d\u00e9sormais les usagers \u00e0 circuler pied \u00e0 terre dans le centre historique pour s\u00e9curiser les pi\u00e9tons.\u00a9Jugeote Media<\/p>\n<p style=\"font-size:16px\">Dans le p\u00e9rim\u00e8tre d\u00e9limit\u00e9 par le cours <strong>F\u00e9nelon, la place Francheville, la place Bugeaud, le boulevard Michel de Montaigne et les rues du centre<\/strong>, de nouvelles r\u00e8gles locales s\u2019appliquent :<\/p>\n<ul class=\"wp-block-list\">\n<li style=\"font-size:16px\"><strong>Zones pi\u00e9tonnes et place Andr\u00e9-Maurois<\/strong>\u00a0: circulation interdite, les usagers doivent marcher avec leur trottinette.<\/li>\n<li style=\"font-size:16px\"><strong>Zones de rencontre<\/strong>\u00a0: vitesse limit\u00e9e \u00e0 10 km\/h entre 6h et 11h. Le reste de la journ\u00e9e, obligation de circuler \u00e0 pied.<\/li>\n<li style=\"font-size:16px\"><strong>Stationnement<\/strong>\u00a0: possible sur les emplacements deux-roues et sur les trottoirs, \u00e0 condition de ne pas bloquer les pi\u00e9tons.<\/li>\n<\/ul>\n<p style=\"font-size:16px\">Les contrevenants s\u2019exposent \u00e0 des\u00a0<strong>amendes allant de 135 \u00e0 1 500 euros<\/strong>\u00a0selon l\u2019infraction commise.<\/p>\n<p style=\"font-size:16px\">Avec ces nouvelles r\u00e8gles, la mairie entend calmer les exc\u00e8s et\u00a0<strong>rendre le centre-ville plus s\u00fbr pour les pi\u00e9tons<\/strong>. Un choix assum\u00e9, alors que les EDPM s\u00e9duisent de plus en plus d\u2019usagers mais continuent de poser des probl\u00e8mes de cohabitation.<\/p>\n<p style=\"font-size:16px\">\u00c0 lire aussi : <a href=\"https:\/\/www.bougerabordeaux.com\/actu\/marera-golf-cup-2025-sport-et-solidarite-pour-lhopital-des-enfants-de-bordeaux\/\" target=\"_blank\" rel=\"noreferrer noopener nofollow\">MAR\u00c9RA GOLF CUP 2025 : sport et solidarit\u00e9 pour l\u2019H\u00f4pital des Enfants de Bordeaux<\/a><\/p>\n","protected":false},"excerpt":{"rendered":"Depuis ce lundi 22 septembre 2025, circuler en trottinette \u00e9lectrique ou en engin de d\u00e9placement personnel motoris\u00e9 (EDPM)&hellip;\n","protected":false},"author":2,"featured_media":418324,"comment_status":"","ping_status":"","sticky":false,"template":"","format":"standard","meta":{"footnotes":""},"categories":[2817],"tags":[1111,11,1997,1777,674,1011,27,12,2219,25],"class_list":{"0":"post-418323","1":"post","2":"type-post","3":"status-publish","4":"format-standard","5":"has-post-thumbnail","7":"category-bordeaux","8":"tag-actu","9":"tag-actualites","10":"tag-bordeaux","11":"tag-eu","12":"tag-europe","13":"tag-fr","14":"tag-france","15":"tag-news","16":"tag-nouvelle-aquitaine","17":"tag-republique-francaise"},"share_on_mastodon":{"url":"https:\/\/pubeurope.com\/@fr\/115269245764521671","error":""},"_links":{"self":[{"href":"https:\/\/www.europesays.com\/fr\/wp-json\/wp\/v2\/posts\/418323","targetHints":{"allow":["GET"]}}],"collection":[{"href":"https:\/\/www.europesays.com\/fr\/wp-json\/wp\/v2\/posts"}],"about":[{"href":"https:\/\/www.europesays.com\/fr\/wp-json\/wp\/v2\/types\/post"}],"author":[{"embeddable":true,"href":"https:\/\/www.europesays.com\/fr\/wp-json\/wp\/v2\/users\/2"}],"replies":[{"embeddable":true,"href":"https:\/\/www.europesays.com\/fr\/wp-json\/wp\/v2\/comments?post=418323"}],"version-history":[{"count":0,"href":"https:\/\/www.europesays.com\/fr\/wp-json\/wp\/v2\/posts\/418323\/revisions"}],"wp:featuredmedia":[{"embeddable":true,"href":"https:\/\/www.europesays.com\/fr\/wp-json\/wp\/v2\/media\/418324"}],"wp:attachment":[{"href":"https:\/\/www.europesays.com\/fr\/wp-json\/wp\/v2\/media?parent=418323"}],"wp:term":[{"taxonomy":"category","embeddable":true,"href":"https:\/\/www.europesays.com\/fr\/wp-json\/wp\/v2\/categories?post=418323"},{"taxonomy":"post_tag","embeddable":true,"href":"https:\/\/www.europesays.com\/fr\/wp-json\/wp\/v2\/tags?post=418323"}],"curies":[{"name":"wp","href":"https:\/\/api.w.org\/{rel}","templated":true}]}}