{"id":418325,"date":"2025-09-26T06:44:11","date_gmt":"2025-09-26T06:44:11","guid":{"rendered":"https:\/\/www.europesays.com\/fr\/418325\/"},"modified":"2025-09-26T06:44:11","modified_gmt":"2025-09-26T06:44:11","slug":"les-tops-et-flops-de-julien-bee-apres-bordeaux-angouleme","status":"publish","type":"post","link":"https:\/\/www.europesays.com\/fr\/418325\/","title":{"rendered":"Les Tops et Flops de Julien B\u00e9e apr\u00e8s Bordeaux-Angoul\u00eame"},"content":{"rendered":"<p><img width=\"773\" height=\"380\" data-lazy-type=\"image\" src=\"https:\/\/www.europesays.com\/fr\/wp-content\/uploads\/2025\/09\/DSC_3814-retravaille-45x30-hdr-signe_OK-773x380.jpg\" class=\"lazy lazy-hidden attachment-alchemists_thumbnail-lg size-alchemists_thumbnail-lg wp-post-image\" alt=\"\" decoding=\"async\" fetchpriority=\"high\"\/><\/p>\n<p>Photo Pierrick Chassine<\/p>\n<p>Sur Forever et dans <a href=\"https:\/\/www.foreverlaradio.fr\/inconstance-a-domicile-faiblesse-defensive-bergerac-coups-francs-est-en-ligne\" rel=\"nofollow noopener\" target=\"_blank\"><br \/>\nl\u2019\u00e9mission Coups Francs<\/a>, le commentateur\u00a0<strong>Julien<br \/>\nB\u00e9e<\/strong> a donn\u00e9 ses Tops et Flops de la rencontre entre les<br \/>\nGirondins de Bordeaux et Angoul\u00eame. Les voici.<\/p>\n<p>Les Tops<\/p>\n<p>\u00ab\u00a0<strong>Jean Grillot<\/strong>, et <strong>Driss<br \/>\nTrichard<\/strong>. M\u00eame si pour ce dernier il y a encore du d\u00e9chet<br \/>\nsur les centres, il a de l\u2019activit\u00e9. On a chang\u00e9 90% de l\u2019effectif,<br \/>\net mes deux tops sont Grillot et Trichard, les deux seuls qui<br \/>\nrestent de la saison derni\u00e8re\u2026 Ce sont nos deux meilleurs joueurs<br \/>\ndepuis le d\u00e9but de la saison. On est en droit de se poser des<br \/>\nquestions sur le fait d\u2019avoir chang\u00e9 tout cet effectif\u00a0\u00bb.<\/p>\n<p>Les Flops<\/p>\n<p>\u00ab\u00a0Le flop num\u00e9ro 1 pour moi c\u2019est <strong>Oualid El<br \/>\nHajjam<\/strong>, outre le fait qu\u2019il ait \u00e9t\u00e9 \u00e9nerv\u00e9 tout le match.<br \/>\nJe ne le sens pas du tout en condition, il n\u2019est pas pr\u00eat. En plus,<br \/>\nquand je demande au coach pourquoi il le fait jouer \u00e0 la place de<br \/>\nL\u00e9o Jousselin en attendant qu\u2019il soit pr\u00eat, il me r\u00e9pond que Oualid<br \/>\nest meilleur que L\u00e9o\u2026 Bon, c\u2019est son choix, mais je pense que ce<br \/>\njoueur-l\u00e0 n\u2019est pas du tout pr\u00eat. Ce n\u2019est pas parce que tu<br \/>\ndescends d\u2019un club de Ligue 1 avec lequel tu n\u2019as pas jou\u00e9 depuis<br \/>\nun moment, que tu vas \u00eatre pr\u00eat tout de suite en National 2, qui<br \/>\nest un championnat r\u00e9put\u00e9 pour \u00eatre physique. Je l\u2019ai senti tr\u00e8s<br \/>\n\u00e9nerv\u00e9, et pas du tout dans le bon mood \u00bb<\/p>\n<p>\u00ab\u00a0Je rajouterais <strong>notre milieu de terrain<\/strong>,<br \/>\ndans sa globalit\u00e9. Apr\u00e8s la sortie d\u2019Abou Ba, on n\u2019a \u00e9t\u00e9 incapables<br \/>\nde s\u2019imposer sur ce match. Ni Guillaume Odru ni Adama Diop n\u2019ont<br \/>\n\u00e9t\u00e9 en capacit\u00e9 de vraiment d\u00e9ranger Angoul\u00eame. Je me dis qu\u2019on est<br \/>\nBordeaux, et on a un milieu de terrain qui n\u2019est pas capable de<br \/>\nprendre la mesure d\u2019Angoul\u00eame. Alors, il faut qu\u2019on se mette dans<br \/>\nla t\u00eate qu\u2019on est en N2, mais cela fait un peu mal de voir que par<br \/>\nmoment on est un peu trop tendres et apathiques\u00a0\u00bb.<\/p>\n<p>\u00ab\u00a0<strong>Bruno Irles<\/strong> est aussi pour un flop, mais<br \/>\nil n\u2019avait pas de solutions pour faire changer \u00e7a. Je serais lui,<br \/>\nje serais inquiet sur la dur\u00e9e, le long terme. Est-ce qu\u2019on<br \/>\narrivera \u00e0 changer \u00e7a, \u00e7a m\u2019inqui\u00e8te un peu\u00a0\u00bb.<\/p>\n<p style=\"text-align: right;\"><a href=\"http:\/\/girondins4ever.com\" rel=\"nofollow noopener\" target=\"_blank\">Retranscription Girondins4Ever<\/a><\/p><\/p>\n","protected":false},"excerpt":{"rendered":"Photo Pierrick Chassine Sur Forever et dans l\u2019\u00e9mission Coups Francs, le commentateur\u00a0Julien B\u00e9e a donn\u00e9 ses Tops et&hellip;\n","protected":false},"author":2,"featured_media":418326,"comment_status":"","ping_status":"","sticky":false,"template":"","format":"standard","meta":{"footnotes":""},"categories":[2817],"tags":[1111,11,1997,1777,674,1011,27,12,2219,25],"class_list":{"0":"post-418325","1":"post","2":"type-post","3":"status-publish","4":"format-standard","5":"has-post-thumbnail","7":"category-bordeaux","8":"tag-actu","9":"tag-actualites","10":"tag-bordeaux","11":"tag-eu","12":"tag-europe","13":"tag-fr","14":"tag-france","15":"tag-news","16":"tag-nouvelle-aquitaine","17":"tag-republique-francaise"},"share_on_mastodon":{"url":"https:\/\/pubeurope.com\/@fr\/115269249605330004","error":""},"_links":{"self":[{"href":"https:\/\/www.europesays.com\/fr\/wp-json\/wp\/v2\/posts\/418325","targetHints":{"allow":["GET"]}}],"collection":[{"href":"https:\/\/www.europesays.com\/fr\/wp-json\/wp\/v2\/posts"}],"about":[{"href":"https:\/\/www.europesays.com\/fr\/wp-json\/wp\/v2\/types\/post"}],"author":[{"embeddable":true,"href":"https:\/\/www.europesays.com\/fr\/wp-json\/wp\/v2\/users\/2"}],"replies":[{"embeddable":true,"href":"https:\/\/www.europesays.com\/fr\/wp-json\/wp\/v2\/comments?post=418325"}],"version-history":[{"count":0,"href":"https:\/\/www.europesays.com\/fr\/wp-json\/wp\/v2\/posts\/418325\/revisions"}],"wp:featuredmedia":[{"embeddable":true,"href":"https:\/\/www.europesays.com\/fr\/wp-json\/wp\/v2\/media\/418326"}],"wp:attachment":[{"href":"https:\/\/www.europesays.com\/fr\/wp-json\/wp\/v2\/media?parent=418325"}],"wp:term":[{"taxonomy":"category","embeddable":true,"href":"https:\/\/www.europesays.com\/fr\/wp-json\/wp\/v2\/categories?post=418325"},{"taxonomy":"post_tag","embeddable":true,"href":"https:\/\/www.europesays.com\/fr\/wp-json\/wp\/v2\/tags?post=418325"}],"curies":[{"name":"wp","href":"https:\/\/api.w.org\/{rel}","templated":true}]}}