{"id":418333,"date":"2025-09-26T06:48:12","date_gmt":"2025-09-26T06:48:12","guid":{"rendered":"https:\/\/www.europesays.com\/fr\/418333\/"},"modified":"2025-09-26T06:48:12","modified_gmt":"2025-09-26T06:48:12","slug":"lille-tourne-la-page-actualites","status":"publish","type":"post","link":"https:\/\/www.europesays.com\/fr\/418333\/","title":{"rendered":"Lille tourne la page \/ Actualit\u00e9s"},"content":{"rendered":"<p><strong>Du 3 au 5 octobre<\/strong>, le <strong>Festival des Livres d\u2019en haut investit le Bazaar St So<\/strong>. Ce rendez-vous incontournable r\u00e9unit 128 auteurs et autrices, des librairies ind\u00e9pendantes, des maisons d\u2019\u00e9dition, des biblioth\u00e8ques et des lecteurs.<\/p>\n<p>\u00ab\u00a0Il y en a pour tous les \u00e2ges et tous les go\u00fbts\u00a0!\u00a0Litt\u00e9rature jeunesse, litt\u00e9rature classique, mangas, BD, sciences humaines, polar, litt\u00e9rature de l\u2019imaginaire\u2026 L\u2019id\u00e9e est de partir des rayons d\u2019une librairie et de faire une proposition un peu compl\u00e8te pour avoir un panorama de ce qui se fait aujourd\u2019hui\u00a0\u00bb, remarque\u00a0Nolwenn\u00a0Vandestien, directrice du Festival.<\/p>\n<p>Organis\u00e9 par l\u2019association Les Libraires d\u2019en haut, en collaboration avec des librairies ind\u00e9pendantes de la MEL, Le festival propose plus de 30 animations\u00a0: rencontres, s\u00e9ances de d\u00e9dicaces, tables-rondes, lectures dessin\u00e9es, performances, masterclass,\u00a0spectacles, lectures musicales, lectures \u00e0 voix haute pour les tout-petits.<\/p>\n<p>Le Qu\u00e9bec invit\u00e9<\/p>\n<p>La programmation 2025 met \u00e0 l\u2019honneur des talents venus de France, de Belgique, d\u2019Italie, du Royaume-Uni, du Chili, des \u00c9tats-Unis ou encore du Soudan. Mais aussi une dizaine d\u2019invit\u00e9s qu\u00e9b\u00e9cois qui font le d\u00e9placement avec une vingtaine de maisons d\u2019\u00e9dition pour partager leurs cr\u00e9ations.<\/p>\n<p>\u00ab\u00a0On a senti une vraie curiosit\u00e9 de la part des Lillois, quelle que soit la notori\u00e9t\u00e9 des auteurs et pas seulement les t\u00eates d\u2019affiche. On s\u2019est dit qu\u2019on pouvait donc explorer d\u2019autres litt\u00e9ratures, notamment \u00e0 l\u2019\u00e9tranger\u00a0\u00bb, poursuit la\u00a0directrice du Festival. \u00ab\u00a0Cette ann\u00e9e, le Qu\u00e9bec est \u00e0 l\u2019honneur. Cet \u00eelot francophone au milieu d\u2019un oc\u00e9an anglophone a besoin de changer de continent pour trouver d\u2019autres lecteurs.\u00a0\u00bb<\/p>\n<p>L\u2019occasion de d\u00e9couvrir des propositions diff\u00e9rentes de ce qui est publi\u00e9 en France\u00a0: comme de la po\u00e9sie, des r\u00e9cits sur la question de l\u2019\u00e9cologie, des ouvrages pratiques pour que les citoyens s\u2019emparent de certaines questions, notamment f\u00e9ministes. \u00ab\u00a0\u00c7a tient au fait qu\u2019au Qu\u00e9bec, de nombreuses maisons d\u2019\u00e9dition sont g\u00e9r\u00e9es par des femmes depuis les ann\u00e9es 70. C\u2019est int\u00e9ressant de confronter ce qui se fait dans un pays o\u00f9 l\u2019on parle la m\u00eame langue mais avec une fa\u00e7on diff\u00e9rente de chez nous de voir le monde. \u00bb<\/p>\n<p>            <img src-full=\"\/var\/www\/storage\/images\/mediatheque\/mairie-de-lille\/actualites\/images\/2025\/septembre-2025\/festival-livres-d-en-haut-2\/3853041-1-fre-FR\/Festival-Livres-d-en-haut-2.jpg\" width=\"320\" height=\"183\" alt=\"Festival Livres d'en haut 2\" title=\"Festival Livres d'en haut 2\" class=\"align-\"\/>\n    <\/p>\n<p>Nouveaut\u00e9 2025<\/p>\n<p>Pour la premi\u00e8re fois, en partenariat avec la Cit\u00e9 \u00c9ducative, le Festival ouvre d\u00e8s le vendredi matin avec une demi-journ\u00e9e d\u00e9di\u00e9e \u00e0 plus de 200 scolaires\u00a0: 3 expositions BD in\u00e9dites, une \u00ab\u00a0Foire aux histoires\u00a0\u00bb ludique et immersive et des activit\u00e9s p\u00e9dagogiques autour du livre.<\/p>\n<p>Librairies et m\u00e9diath\u00e8ques lilloises<\/p>\n<p>Du 1er\u00a0au 31 octobre, les festivit\u00e9s se poursuivent dans les librairies et m\u00e9diath\u00e8ques lilloises.\u00a0<\/p>\n<p><strong>Dans les m\u00e9diath\u00e8ques<\/strong>\u00a0: d\u00e8s le samedi 27 septembre, retirez l\u2019un des 120 tickets d\u2019or gagnants dissimul\u00e9s dans les ouvrages de six m\u00e9diath\u00e8ques (Bois-Blancs, Fives, Moulins, Lille-Sud, Saint-Maurice Pellevoisin, et Wazemmes) pour tenter de remporter des lots. Puis, rendez-vous au Bazaar St So pour des surprises pr\u00e9vues par la Bibliomobile.\u00a0<\/p>\n<p>Le samedi 4 octobre de 10h30 \u00e0 11h45 : rencontre avec l\u2019illustratrice M\u00e9lodie Baschet et un atelier jeunesse \u00ab\u00a0Camouflages\u00a0\u00bb autour de son univers graphique (m\u00e9diath\u00e8que de Saint-Maurice Pellevoisin).<\/p>\n<p>Infos pratiques<\/p>\n<p><strong>Horaires<\/strong> : vendredi\u00a0de 14h \u00e0 19h, samedi\u00a0de 10h \u00e0 19h et dimanche\u00a0de 10h \u00e0 19h au Bazaar St So.\u00a0<\/p>\n<p><strong>Librairies lilloises participant au Festival<\/strong>\u00a0:\u00a0La Lison, Le Bateau Livre, AstroCity, Manga Dokaze, La chouette librairie, Le Biglemoi, Nouvelle librairie internationale V.O et Le Monde d&rsquo;Uranie.<\/p>\n<p><strong>Maisons d&rsquo;\u00e9dition lilloises\u00a0pr\u00e9sentes<\/strong>\u00a0:\u00a0La Contre All\u00e9e, Bel et Bien, Les \u00c9ditions de l&rsquo;Horloge et Obriart.<\/p>\n<p>. 3, 4 et 5 octobre au Bazaar St So. Entr\u00e9e gratuite. Programme sur\u00a0<a href=\"http:\/\/www.festivaldeslivresdenhaut.com\" target=\"_self\" class=\"lien_interne\" rel=\"noopener\">www.festivaldeslivresdenhaut.com<\/a><\/p>\n<p><strong>Par Sabine Duez<\/strong><\/p>\n","protected":false},"excerpt":{"rendered":"Du 3 au 5 octobre, le Festival des Livres d\u2019en haut investit le Bazaar St So. Ce rendez-vous&hellip;\n","protected":false},"author":2,"featured_media":418334,"comment_status":"","ping_status":"","sticky":false,"template":"","format":"standard","meta":{"footnotes":""},"categories":[2815],"tags":[1111,11,4763,1777,674,1011,27,811,1307,5415,12,25],"class_list":{"0":"post-418333","1":"post","2":"type-post","3":"status-publish","4":"format-standard","5":"has-post-thumbnail","7":"category-lille","8":"tag-actu","9":"tag-actualites","10":"tag-agenda","11":"tag-eu","12":"tag-europe","13":"tag-fr","14":"tag-france","15":"tag-hauts-de-france","16":"tag-lille","17":"tag-mairie","18":"tag-news","19":"tag-republique-francaise"},"share_on_mastodon":{"url":"https:\/\/pubeurope.com\/@fr\/115269265205465577","error":""},"_links":{"self":[{"href":"https:\/\/www.europesays.com\/fr\/wp-json\/wp\/v2\/posts\/418333","targetHints":{"allow":["GET"]}}],"collection":[{"href":"https:\/\/www.europesays.com\/fr\/wp-json\/wp\/v2\/posts"}],"about":[{"href":"https:\/\/www.europesays.com\/fr\/wp-json\/wp\/v2\/types\/post"}],"author":[{"embeddable":true,"href":"https:\/\/www.europesays.com\/fr\/wp-json\/wp\/v2\/users\/2"}],"replies":[{"embeddable":true,"href":"https:\/\/www.europesays.com\/fr\/wp-json\/wp\/v2\/comments?post=418333"}],"version-history":[{"count":0,"href":"https:\/\/www.europesays.com\/fr\/wp-json\/wp\/v2\/posts\/418333\/revisions"}],"wp:featuredmedia":[{"embeddable":true,"href":"https:\/\/www.europesays.com\/fr\/wp-json\/wp\/v2\/media\/418334"}],"wp:attachment":[{"href":"https:\/\/www.europesays.com\/fr\/wp-json\/wp\/v2\/media?parent=418333"}],"wp:term":[{"taxonomy":"category","embeddable":true,"href":"https:\/\/www.europesays.com\/fr\/wp-json\/wp\/v2\/categories?post=418333"},{"taxonomy":"post_tag","embeddable":true,"href":"https:\/\/www.europesays.com\/fr\/wp-json\/wp\/v2\/tags?post=418333"}],"curies":[{"name":"wp","href":"https:\/\/api.w.org\/{rel}","templated":true}]}}