{"id":418335,"date":"2025-09-26T06:49:11","date_gmt":"2025-09-26T06:49:11","guid":{"rendered":"https:\/\/www.europesays.com\/fr\/418335\/"},"modified":"2025-09-26T06:49:11","modified_gmt":"2025-09-26T06:49:11","slug":"a-actoral-lia-rodrigues-transperce-les-frontieres","status":"publish","type":"post","link":"https:\/\/www.europesays.com\/fr\/418335\/","title":{"rendered":"\u00c0 Actoral, Lia Rodrigues transperce les fronti\u00e8res"},"content":{"rendered":"\n<p>Apr\u00e8s son ouverture mercredi au Th\u00e9\u00e2tre des Calanques avec Puff, d\u2019Alice Ripoll et Hiltinho Fantastico, la 25e\u00a0\u00e9dition du festival Actoral poursuit son tropisme br\u00e9silien en invitant la chor\u00e9graphe Lia Rodrigues samedi 27 et dimanche 28 septembre au Th\u00e9\u00e2tre Joliette. Elle c\u00e9l\u00e8bre \u00e0 cette occasion les 35\u00a0ans de sa compagnie avec Borda, mot rev\u00eatant aussi bien le sens de fronti\u00e8re que de r\u00eave et fantasme, spectacle qui \u00ab\u00a0fait rena\u00eetre sur sc\u00e8ne des costumes et des objets d\u2019archives issus de ses spectacles embl\u00e9matiques\u00a0\u00bb, indique le programme. \u00ab\u00a0Avec la notion de f\u00eate, de r\u00e9union et de partage\u00a0\u00bb, pr\u00e9cise Hubert Colas directeur d\u2019Actoral.<\/p>\n<p> Casser la \u00ab\u00a0borda\u00a0\u00bb\n              <\/p>\n<p>\u00ab\u00a0Lia Rodrigues a cr\u00e9\u00e9 en 2009 un centre d\u2019art avec l\u2019ONG Redes dans la favela de Mar\u00e9, l\u2019une des plus grandes de Rio de Janeiro avec 100\u00a0000\u00a0habitants. Comme il n\u2019y avait pas de services publics, elle a pris le relais du pouvoir dans le quartier\u00a0\u00bb, situe Nathalie Huerta. La directrice du Th\u00e9\u00e2tre Joliette d\u00e9veloppe avec admiration\u00a0: \u00ab\u00a0Les habitants se sont appropri\u00e9 ce lieu o\u00f9 il y a une \u00e9cole de danse, un accompagnement vers un dipl\u00f4me en universit\u00e9. Et en parall\u00e8le, quand elle montre ses spectacles dans le centre d\u2019art, c\u2019est le tout Copacabana qui se presse dans la favela, alors que les gens du centre-ville n\u2019y mettent jamais les pieds d\u2019habitude. Et cela, malgr\u00e9 la pr\u00e9sence des trafiquants et de l\u2019arm\u00e9e qui tirent.\u00a0\u00bb<\/p>\n<p> P.A.\n              <\/p>\n","protected":false},"excerpt":{"rendered":"Apr\u00e8s son ouverture mercredi au Th\u00e9\u00e2tre des Calanques avec Puff, d\u2019Alice Ripoll et Hiltinho Fantastico, la 25e\u00a0\u00e9dition du&hellip;\n","protected":false},"author":2,"featured_media":418336,"comment_status":"","ping_status":"","sticky":false,"template":"","format":"standard","meta":{"footnotes":""},"categories":[2814],"tags":[1111,11,1777,674,849,1011,27,884,12,882,25],"class_list":{"0":"post-418335","1":"post","2":"type-post","3":"status-publish","4":"format-standard","5":"has-post-thumbnail","7":"category-marseille","8":"tag-actu","9":"tag-actualites","10":"tag-eu","11":"tag-europe","12":"tag-festival","13":"tag-fr","14":"tag-france","15":"tag-marseille","16":"tag-news","17":"tag-provence-alpes-cote-dazur","18":"tag-republique-francaise"},"share_on_mastodon":{"url":"https:\/\/pubeurope.com\/@fr\/115269269206848942","error":""},"_links":{"self":[{"href":"https:\/\/www.europesays.com\/fr\/wp-json\/wp\/v2\/posts\/418335","targetHints":{"allow":["GET"]}}],"collection":[{"href":"https:\/\/www.europesays.com\/fr\/wp-json\/wp\/v2\/posts"}],"about":[{"href":"https:\/\/www.europesays.com\/fr\/wp-json\/wp\/v2\/types\/post"}],"author":[{"embeddable":true,"href":"https:\/\/www.europesays.com\/fr\/wp-json\/wp\/v2\/users\/2"}],"replies":[{"embeddable":true,"href":"https:\/\/www.europesays.com\/fr\/wp-json\/wp\/v2\/comments?post=418335"}],"version-history":[{"count":0,"href":"https:\/\/www.europesays.com\/fr\/wp-json\/wp\/v2\/posts\/418335\/revisions"}],"wp:featuredmedia":[{"embeddable":true,"href":"https:\/\/www.europesays.com\/fr\/wp-json\/wp\/v2\/media\/418336"}],"wp:attachment":[{"href":"https:\/\/www.europesays.com\/fr\/wp-json\/wp\/v2\/media?parent=418335"}],"wp:term":[{"taxonomy":"category","embeddable":true,"href":"https:\/\/www.europesays.com\/fr\/wp-json\/wp\/v2\/categories?post=418335"},{"taxonomy":"post_tag","embeddable":true,"href":"https:\/\/www.europesays.com\/fr\/wp-json\/wp\/v2\/tags?post=418335"}],"curies":[{"name":"wp","href":"https:\/\/api.w.org\/{rel}","templated":true}]}}