{"id":418351,"date":"2025-09-26T07:04:13","date_gmt":"2025-09-26T07:04:13","guid":{"rendered":"https:\/\/www.europesays.com\/fr\/418351\/"},"modified":"2025-09-26T07:04:13","modified_gmt":"2025-09-26T07:04:13","slug":"bella-hadid-fait-une-premiere-apparition-a-paris-apres-son-hospitalisation","status":"publish","type":"post","link":"https:\/\/www.europesays.com\/fr\/418351\/","title":{"rendered":"Bella Hadid fait une premi\u00e8re apparition \u00e0 Paris apr\u00e8s son hospitalisation"},"content":{"rendered":"<p>    Bella Hadid \u00e0 Londres le 18 mai dernier pour le lancement de son parfum Orebella.<br \/>\n                Splash News\/ABACA<\/p>\n<p>Atteinte de la maladie de Lyme depuis de nombreuses ann\u00e9es, la mannequin avait \u00e9t\u00e9 hospitalis\u00e9e la semaine derni\u00e8re.<\/p>\n<p class=\"fig-paragraph\"><a href=\"https:\/\/madame.lefigaro.fr\/tag\/bella-hadid\" target=\"_blank\" data-fig-type=\"Keyword\" rel=\"sponsored noopener nofollow\" data-gtm-custom-categorie=\"navigation\" data-gtm-custom-action=\"crossclick\" data-gtm-custom-label=\"Contextuel\" data-gtm-event=\"customEventSPE\" data-fig-domain=\"MADAME\">Bella Hadid<\/a>\u00a0semble avoir repris des forces, quelques jours seulement apr\u00e8s son hospitalisation en raison de la maladie de Lyme, dont elle souffre depuis des ann\u00e9es. Alors que sa m\u00e8re\u00a0<a href=\"https:\/\/madame.lefigaro.fr\/tag\/yolanda-hadid\" target=\"_blank\" data-fig-type=\"Keyword\" rel=\"sponsored noopener nofollow\" data-gtm-custom-categorie=\"navigation\" data-gtm-custom-action=\"crossclick\" data-gtm-custom-label=\"Contextuel\" data-gtm-event=\"customEventSPE\" data-fig-domain=\"MADAME\">Yolanda Hadid<\/a>\u00a0avait partag\u00e9 il y a une semaine des clich\u00e9s de sa fille allong\u00e9e sur son lit d\u2019h\u00f4pital et sous perfusion, la s\u0153ur de Gigi a \u00e9t\u00e9 aper\u00e7ue \u00e0 Paris ce mercredi 24 septembre, v\u00eatue d\u2019un trench-coat marron Mango, d\u2019un chemisier blanc et d\u2019un jean. Tr\u00e8s chic, la jeune femme de 28 ans avait assorti sa tenue de lunettes de soleil ovales noires, d\u2019un collier dor\u00e9, d\u2019escarpins bronze \u00e0 bout pointu et de chaussettes blanches. Elle avait \u00e9galement les cheveux relev\u00e9s par un serre-t\u00eate marron et portait un sac \u00e0 Coach Tabby 26 en cuir.<\/p>\n<p>    Bella Hadid \u00e0 Paris le mercredi 24 septembre 2025.<br \/>\n                Tiziano Da Silva \/ Backgrid<\/p>\n<p class=\"fig-paragraph\">Cette sortie \u00e0 Paris a eu lieu le jour m\u00eame o\u00f9 elle a publi\u00e9 sur son compte Instagram une story, sur laquelle on peut la voir sur un tapis de sport. La top model a accompagn\u00e9 ce clich\u00e9 de la mention\u00a0: \u00abPremier jour \u00e0 la salle de sport depuis longtemps\u00a0! Je ne fais que marcher, mais je retrouve mon endurance\u00a0!\u00bb.<\/p>\n<p>                                    <a class=\"fig-a11y-skip a11y-hidden\" href=\"#fig-a11y-skip-main-inarticle\"><br \/>\n        Passer la publicit\u00e9<br \/>\n    <\/a><\/p>\n<p>Le soutien infaillible de Yolanda Hadid<\/p>\n<p class=\"fig-paragraph\">\u00c0 la suite de cette story Instagram, le clich\u00e9 a ensuite \u00e9t\u00e9 repartag\u00e9 par sa m\u00e8re Yolanda Hadid, avec la l\u00e9gende \u00abAllez Bella&#8230; Chaque chose en son temps\u00bb. Il y a une semaine seulement, le jeudi 18 septembre, celle-ci avait d\u00e9taill\u00e9 le traitement que sa fille suivait pour lutter contre la maladie de Lyme. \u00abComme vous le comprendrez en voyant ma Bella lutter en silence, cela a creus\u00e9 en moi un profond sentiment de d\u00e9sespoir\u00bb, avait-elle \u00e9crit sur Instagram. Le handicap invisible que repr\u00e9sente la maladie neurologique chronique de Lyme est difficile \u00e0 expliquer ou \u00e0 comprendre pour quiconque\u00bb. Aujourd\u2019hui, il semble que Bella Hadid soit sur le chemin de la gu\u00e9rison.<\/p>\n","protected":false},"excerpt":{"rendered":"Bella Hadid \u00e0 Londres le 18 mai dernier pour le lancement de son parfum Orebella. Splash News\/ABACA Atteinte&hellip;\n","protected":false},"author":2,"featured_media":418352,"comment_status":"","ping_status":"","sticky":false,"template":"","format":"standard","meta":{"footnotes":""},"categories":[1888],"tags":[11,21268,1777,674,1011,27,12,626,25,54805],"class_list":{"0":"post-418351","1":"post","2":"type-post","3":"status-publish","4":"format-standard","5":"has-post-thumbnail","7":"category-paris","8":"tag-actualites","9":"tag-bella-hadid","10":"tag-eu","11":"tag-europe","12":"tag-fr","13":"tag-france","14":"tag-news","15":"tag-paris","16":"tag-republique-francaise","17":"tag-yolanda-hadid"},"share_on_mastodon":{"url":"https:\/\/pubeurope.com\/@fr\/115269328239868036","error":""},"_links":{"self":[{"href":"https:\/\/www.europesays.com\/fr\/wp-json\/wp\/v2\/posts\/418351","targetHints":{"allow":["GET"]}}],"collection":[{"href":"https:\/\/www.europesays.com\/fr\/wp-json\/wp\/v2\/posts"}],"about":[{"href":"https:\/\/www.europesays.com\/fr\/wp-json\/wp\/v2\/types\/post"}],"author":[{"embeddable":true,"href":"https:\/\/www.europesays.com\/fr\/wp-json\/wp\/v2\/users\/2"}],"replies":[{"embeddable":true,"href":"https:\/\/www.europesays.com\/fr\/wp-json\/wp\/v2\/comments?post=418351"}],"version-history":[{"count":0,"href":"https:\/\/www.europesays.com\/fr\/wp-json\/wp\/v2\/posts\/418351\/revisions"}],"wp:featuredmedia":[{"embeddable":true,"href":"https:\/\/www.europesays.com\/fr\/wp-json\/wp\/v2\/media\/418352"}],"wp:attachment":[{"href":"https:\/\/www.europesays.com\/fr\/wp-json\/wp\/v2\/media?parent=418351"}],"wp:term":[{"taxonomy":"category","embeddable":true,"href":"https:\/\/www.europesays.com\/fr\/wp-json\/wp\/v2\/categories?post=418351"},{"taxonomy":"post_tag","embeddable":true,"href":"https:\/\/www.europesays.com\/fr\/wp-json\/wp\/v2\/tags?post=418351"}],"curies":[{"name":"wp","href":"https:\/\/api.w.org\/{rel}","templated":true}]}}