{"id":418361,"date":"2025-09-26T07:09:16","date_gmt":"2025-09-26T07:09:16","guid":{"rendered":"https:\/\/www.europesays.com\/fr\/418361\/"},"modified":"2025-09-26T07:09:16","modified_gmt":"2025-09-26T07:09:16","slug":"le-chancelier-allemand-friedrich-merz-tente-de-reprendre-la-main-sur-les-affaires-interieures","status":"publish","type":"post","link":"https:\/\/www.europesays.com\/fr\/418361\/","title":{"rendered":"Le chancelier allemand Friedrich Merz tente de reprendre la main sur les affaires int\u00e9rieures"},"content":{"rendered":"<p>    R\u00e9sum\u00e9 en 20 secondes<\/p>\n<p>        En savoir plus sur ce type de contenu<\/p>\n<p>Ce r\u00e9sum\u00e9 peut avoir \u00e9t\u00e9 \u00e9crit avec l&rsquo;assistance d\u2019une IA g\u00e9n\u00e9rative. <a href=\"https:\/\/www.letemps.ch\/cyber\/l-usage-de-l-ia-generative-par-les-journalistes-du-temps\" target=\"_blank\" rel=\"noopener\">En savoir plus<\/a><\/p>\n<p class=\"article__abstract-call-to-action\" data-ariato=\"TrackableElement\" data-trackable-element-type=\"article_abstract_cta\" data-trackable-element-location=\"article_header\" data-trackable-element-id=\"506963\">\n        <a data-event=\"click-&gt;clicked\" href=\"https:\/\/www.letemps.ch\/abonnements\" target=\"_blank\" rel=\"noopener\">Abonnez-vous<\/a> pour acc\u00e9der au r\u00e9sum\u00e9 en 20 secondes.\n      <\/p>\n<p>Cette semaine, Friedrich Merz a choisi de privil\u00e9gier la politique int\u00e9rieure \u00e0 la politique \u00e9trang\u00e8re. Critiqu\u00e9 au d\u00e9but de son mandat pour avoir pass\u00e9 plus de temps en visite \u00e0 l\u2019\u00e9tranger que dans son propre pays, le chancelier allemand s\u2019est adress\u00e9 ce mercredi \u00e0 ses coll\u00e8gues d\u00e9put\u00e9s lors d\u2019un d\u00e9bat parlementaire autour du budget 2026.<\/p>\n<p>Ce chr\u00e9tien-d\u00e9mocrate aura donc failli \u00e0 la tradition voulant que le chef de gouvernement repr\u00e9sente l\u2019Allemagne \u00e0 l\u2019Assembl\u00e9e g\u00e9n\u00e9rale de l\u2019ONU. A sa place, c\u2019est le ministre des Affaires \u00e9trang\u00e8res, Johann Wadephul, qui s\u2019est rendu lundi \u00e0 New York. \u00abUne erreur\u00bb selon la d\u00e9put\u00e9e Britta Hasselmann. Selon cette \u00e9lue \u00e9cologiste, le chancelier \u00abaurait d\u00fb r\u00e9pondre de mani\u00e8re v\u00e9h\u00e9mente\u00bb au pr\u00e9sident am\u00e9ricain Donald Trump \u00abqui a insult\u00e9 l\u2019Union europ\u00e9enne\u00bb mardi lors de son discours aux Nations Unies.<\/p>\n","protected":false},"excerpt":{"rendered":"R\u00e9sum\u00e9 en 20 secondes En savoir plus sur ce type de contenu Ce r\u00e9sum\u00e9 peut avoir \u00e9t\u00e9 \u00e9crit&hellip;\n","protected":false},"author":2,"featured_media":418362,"comment_status":"","ping_status":"","sticky":false,"template":"","format":"standard","meta":{"footnotes":""},"categories":[1587],"tags":[11,672,1804,1805,1803,1777,674,1801,12,301,1802],"class_list":{"0":"post-418361","1":"post","2":"type-post","3":"status-publish","4":"format-standard","5":"has-post-thumbnail","7":"category-allemagne","8":"tag-actualites","9":"tag-allemagne","10":"tag-bundesrepublik-deutschland","11":"tag-de","12":"tag-deutschland","13":"tag-eu","14":"tag-europe","15":"tag-germany","16":"tag-news","17":"tag-premium","18":"tag-republique-federale-dallemagne"},"share_on_mastodon":{"url":"https:\/\/pubeurope.com\/@fr\/115269347919547985","error":""},"_links":{"self":[{"href":"https:\/\/www.europesays.com\/fr\/wp-json\/wp\/v2\/posts\/418361","targetHints":{"allow":["GET"]}}],"collection":[{"href":"https:\/\/www.europesays.com\/fr\/wp-json\/wp\/v2\/posts"}],"about":[{"href":"https:\/\/www.europesays.com\/fr\/wp-json\/wp\/v2\/types\/post"}],"author":[{"embeddable":true,"href":"https:\/\/www.europesays.com\/fr\/wp-json\/wp\/v2\/users\/2"}],"replies":[{"embeddable":true,"href":"https:\/\/www.europesays.com\/fr\/wp-json\/wp\/v2\/comments?post=418361"}],"version-history":[{"count":0,"href":"https:\/\/www.europesays.com\/fr\/wp-json\/wp\/v2\/posts\/418361\/revisions"}],"wp:featuredmedia":[{"embeddable":true,"href":"https:\/\/www.europesays.com\/fr\/wp-json\/wp\/v2\/media\/418362"}],"wp:attachment":[{"href":"https:\/\/www.europesays.com\/fr\/wp-json\/wp\/v2\/media?parent=418361"}],"wp:term":[{"taxonomy":"category","embeddable":true,"href":"https:\/\/www.europesays.com\/fr\/wp-json\/wp\/v2\/categories?post=418361"},{"taxonomy":"post_tag","embeddable":true,"href":"https:\/\/www.europesays.com\/fr\/wp-json\/wp\/v2\/tags?post=418361"}],"curies":[{"name":"wp","href":"https:\/\/api.w.org\/{rel}","templated":true}]}}