{"id":418379,"date":"2025-09-26T07:24:12","date_gmt":"2025-09-26T07:24:12","guid":{"rendered":"https:\/\/www.europesays.com\/fr\/418379\/"},"modified":"2025-09-26T07:24:12","modified_gmt":"2025-09-26T07:24:12","slug":"manchester-city-un-second-coup-dur-pour-le-psg-apres-donnarumma","status":"publish","type":"post","link":"https:\/\/www.europesays.com\/fr\/418379\/","title":{"rendered":"Manchester City : un second coup dur pour le PSG apr\u00e8s Donnarumma ?"},"content":{"rendered":"<p>\u00a0Le g\u00e9ant de la Premier League a d\u00e9j\u00e0 profit\u00e9 d&rsquo;une situation inattendue dans la capitale fran\u00e7aise pour attirer le gardien international italien <strong>Gianluigi Donnarumma<\/strong> \u00e0 l&rsquo;Etihad Stadium durant l&rsquo;\u00e9t\u00e9 2025. Cette man\u0153uvre r\u00e9ussie pourrait donner \u00e0 City la confiance n\u00e9cessaire pour tenter \u00e0 nouveau sa chance. <strong>Warren Za\u00efre-Emery<\/strong> serait d\u00e9sormais une <strong>cible de r\u00eave<\/strong> pour <strong>Pep Guardiola<\/strong>.<\/p>\n<p>Une autre star du PSG pour suivre Donnarumma sur la route ?<\/p>\n<p>La possibilit\u00e9 de faire venir la jeune sensation Za\u00efre-Emery du PSG aurait d\u00e9j\u00e0 \u00e9t\u00e9 envisag\u00e9e lors du mercato qui a vu Donnarumma faire ses adieux au Parc des Princes. Il est cependant rapidement devenu \u00e9vident qu&rsquo;aucun accord ne serait conclu \u00e0 ce stade. La posture du <strong>pr\u00e9sident du PSG, Nasser Al-Khela\u00effi<\/strong>, est rest\u00e9e ferme, valorisant le joueur de 19 ans \u00e0 <strong>100 millions d&rsquo;euros<\/strong> (87 millions de livres sterling\/117 millions de dollars). Un prix qui refl\u00e8te son potentiel mais aussi le statut de titi parisien que le club souhaite conserver.<\/p>\n<p>Cependant, malgr\u00e9 ce prix dissuasif, Za\u00efre-Emery n&rsquo;est peut-\u00eatre pas aussi <strong>intouchable<\/strong> qu&rsquo;il le semblait il y a quelques mois. Il est consid\u00e9r\u00e9 comme confront\u00e9 aux <strong>m\u00eames difficult\u00e9s<\/strong> que son ancien co\u00e9quipier Donnarumma. Le gardien a \u00e9t\u00e9 autoris\u00e9 \u00e0 partir apr\u00e8s avoir \u00e9t\u00e9 exclu sans m\u00e9nagement des plans \u00e0 long terme de <strong>Luis Enrique<\/strong>, ce qui a surpris tout le monde, y compris l&rsquo;imposant gardien de but lui-m\u00eame, qui s&rsquo;attendait \u00e0 une prolongation plut\u00f4t qu&rsquo;\u00e0 un transfert. Cette incertitude tactique plane d\u00e9sormais au-dessus du jeune milieu de terrain.<\/p>\n<p>L&rsquo;inconstance sous Enrique : Des d\u00e9buts \u00e0 16 ans au questionnement actuel<\/p>\n<p>Za\u00efre-Emery, qui a explos\u00e9 au Parc des Princes avec des <strong>d\u00e9buts en \u00e9quipe premi\u00e8re \u00e0 seulement 16 ans<\/strong>, \u00e9tait universellement consid\u00e9r\u00e9 comme l&rsquo;un des espoirs les plus prometteurs du football mondial. C&rsquo;est ce talent pur, avec un potentiel encore immense \u00e0 exploiter, qui, selon Jeunes Footeux, a suscit\u00e9 l&rsquo;int\u00e9r\u00eat aigu de Guardiola. L&rsquo;entra\u00eeneur de City voit en lui un profil id\u00e9al pour ses syst\u00e8mes de jeu bas\u00e9s sur la <strong>technicit\u00e9 et l&rsquo;intelligence tactique<\/strong>.<\/p>\n<p>Pourtant, Za\u00efre-Emery n&rsquo;a disput\u00e9 que sept matchs avec le PSG toutes comp\u00e9titions confondues cette saison, et il n&rsquo;est pas consid\u00e9r\u00e9 comme au meilleur de sa forme. Ce <strong>ralentissement<\/strong> dans sa progression \u00e9veille les sp\u00e9culations. Les Blues sont pr\u00eats \u00e0 faire preuve de patience, misant sur le fait qu&rsquo;une autre <strong>opportunit\u00e9 de transfert inattendue<\/strong> se pr\u00e9sente \u00e0 eux, tout comme dans le cas de Donnarumma.<\/p>\n<p>Un mauvais choix pour Enrique ? La question de la compatibilit\u00e9 tactique<\/p>\n<p>L&rsquo;ancienne star du PSG, <strong>J\u00e9r\u00f4me Rothen<\/strong>, aujourd&rsquo;hui expert m\u00e9diatique, est l&rsquo;un de ceux qui s&rsquo;interrogent le plus ouvertement sur le d\u00e9veloppement de Za\u00efre-Emery sous le r\u00e9gime d&rsquo;entra\u00eeneurs actuel \u00e0 Paris. Il a exprim\u00e9 des doutes tranchants sur la situation : \u00ab La situation est d\u00e9sastreuse pour Warren Za\u00efre-Emery. Depuis l&rsquo;arriv\u00e9e de Luis Enrique, il a r\u00e9gress\u00e9. Mais \u00e0 chaque fois qu&rsquo;il joue, ses performances sont moyennes. Il n&rsquo;est peut-\u00eatre pas <strong>compatible avec le style de jeu de Luis Enrique<\/strong> \u00bb. Rothen conclut sur un conseil radical : \u00ab Pour son bien, il serait peut-\u00eatre pr\u00e9f\u00e9rable qu&rsquo;il aille voir ailleurs et vive une nouvelle exp\u00e9rience avec un autre entra\u00eeneur. \u00bb<\/p>\n<p>Ces opportunit\u00e9s pourraient \u00eatre offertes par City, toujours \u00e0 la recherche de talents prometteurs qui correspondent parfaitement \u00e0 la <strong>philosophie de jeu de Guardiola<\/strong>. On imagine ais\u00e9ment comment le milieu de terrain polyvalent et intelligent qu&rsquo;est Za\u00efre-Emery s&rsquo;int\u00e9grerait dans le paysage en construction \u00e0 l&rsquo;Etihad Stadium. Le PSG, cependant, est extr\u00eamement r\u00e9ticent \u00e0 voir une autre star locale dire adieu \u00e0 ses racines, surtout apr\u00e8s les pol\u00e9miques pass\u00e9es li\u00e9es aux jeunes talents parisiens partis trop t\u00f4t.<\/p>\n<p>La position du PSG : entre r\u00e9ticence et risque<\/p>\n<p>Bien qu&rsquo;Enrique ait apparemment pein\u00e9 \u00e0 tirer le meilleur parti de ce milieu de terrain tr\u00e8s appr\u00e9ci\u00e9, l&rsquo;ancien entra\u00eeneur du FC Barcelone reste un <strong>grand supporter<\/strong> du joueur. Il n&rsquo;a donn\u00e9 aucune indication quant \u00e0 une \u00e9ventuelle vente. Enrique a d\u00e9clar\u00e9 : \u00ab Avec un joueur comme Zaire-Emery, c&rsquo;est un r\u00e9el plaisir. C&rsquo;est un joueur incroyable, avec un comportement et des qualit\u00e9s de haut niveau. Il doit continuer \u00e0 faire ce qu&rsquo;il fait, essayer de jouer davantage. Il a les qualit\u00e9s. Il a \u00e9t\u00e9, est et <strong>sera un joueur tr\u00e8s important<\/strong>. Il est un exemple de ce que devrait \u00eatre un joueur du PSG. \u00bb<\/p>\n<p>Ces commentaires semblent indiquer que le PSG continuera de <strong>r\u00e9sister fermement<\/strong> \u00e0 tout int\u00e9r\u00eat pour Za\u00efre-Emery. Leur d\u00e9termination serait toutefois mise \u00e0 rude \u00e9preuve si une <strong>d\u00e9marche officielle et financi\u00e8rement agressive<\/strong> \u00e9tait effectu\u00e9e par Manchester City. Le jeune prodige serait \u00e9galement confront\u00e9 \u00e0 une <strong>d\u00e9cision importante<\/strong> concernant son avenir si des clubs comme City officialisaient leur int\u00e9r\u00eat par une offre \u00e0 100 millions d&rsquo;euros.<\/p>\n<p>Jeunes Footeux affirme qu&rsquo;il est \u00ab trop t\u00f4t \u00bb pour sp\u00e9culer sur le fait que Za\u00efre-Emery finira par rejoindre Manchester ou un autre club que Paris, son club natal. Il est toutefois sugg\u00e9r\u00e9 qu&rsquo;il serait <strong>susceptible d&rsquo;\u00e9tudier des offres<\/strong> \u00e0 distance si, apr\u00e8s plus de 130 apparitions sous les couleurs du PSG, il est conclu que ses efforts pour devenir une superstar mondiale, avec des contributions significatives et r\u00e9guli\u00e8res au plus haut niveau, seraient <strong>mieux servis ailleurs<\/strong>, loin de l&rsquo;inconstance tactique du Parc des Princes. Le PSG se retrouve devant un dilemme : pr\u00e9server l&rsquo;image de son centre de formation ou laisser partir un talent pour un prix record.<\/p>\n","protected":false},"excerpt":{"rendered":"\u00a0Le g\u00e9ant de la Premier League a d\u00e9j\u00e0 profit\u00e9 d&rsquo;une situation inattendue dans la capitale fran\u00e7aise pour attirer&hellip;\n","protected":false},"author":2,"featured_media":418380,"comment_status":"","ping_status":"","sticky":false,"template":"","format":"standard","meta":{"footnotes":""},"categories":[1410],"tags":[4245,63,1011,27,66,1434,91,54806,60,28401],"class_list":{"0":"post-418379","1":"post","2":"type-post","3":"status-publish","4":"format-standard","5":"has-post-thumbnail","7":"category-football","8":"tag-auxerre","9":"tag-football","10":"tag-fr","11":"tag-france","12":"tag-ligue-1","13":"tag-mercato","14":"tag-paris-saint-germain","15":"tag-paris-saint-germain-vs-auxerre","16":"tag-sports","17":"tag-transfers"},"share_on_mastodon":{"url":"https:\/\/pubeurope.com\/@fr\/115269406805468532","error":""},"_links":{"self":[{"href":"https:\/\/www.europesays.com\/fr\/wp-json\/wp\/v2\/posts\/418379","targetHints":{"allow":["GET"]}}],"collection":[{"href":"https:\/\/www.europesays.com\/fr\/wp-json\/wp\/v2\/posts"}],"about":[{"href":"https:\/\/www.europesays.com\/fr\/wp-json\/wp\/v2\/types\/post"}],"author":[{"embeddable":true,"href":"https:\/\/www.europesays.com\/fr\/wp-json\/wp\/v2\/users\/2"}],"replies":[{"embeddable":true,"href":"https:\/\/www.europesays.com\/fr\/wp-json\/wp\/v2\/comments?post=418379"}],"version-history":[{"count":0,"href":"https:\/\/www.europesays.com\/fr\/wp-json\/wp\/v2\/posts\/418379\/revisions"}],"wp:featuredmedia":[{"embeddable":true,"href":"https:\/\/www.europesays.com\/fr\/wp-json\/wp\/v2\/media\/418380"}],"wp:attachment":[{"href":"https:\/\/www.europesays.com\/fr\/wp-json\/wp\/v2\/media?parent=418379"}],"wp:term":[{"taxonomy":"category","embeddable":true,"href":"https:\/\/www.europesays.com\/fr\/wp-json\/wp\/v2\/categories?post=418379"},{"taxonomy":"post_tag","embeddable":true,"href":"https:\/\/www.europesays.com\/fr\/wp-json\/wp\/v2\/tags?post=418379"}],"curies":[{"name":"wp","href":"https:\/\/api.w.org\/{rel}","templated":true}]}}