{"id":418389,"date":"2025-09-26T07:29:11","date_gmt":"2025-09-26T07:29:11","guid":{"rendered":"https:\/\/www.europesays.com\/fr\/418389\/"},"modified":"2025-09-26T07:29:11","modified_gmt":"2025-09-26T07:29:11","slug":"coeur-de-pirate-quand-je-reecoute-comme-des-enfants-je-trouve-surprenant-que-ca-ait-marche-en-europe","status":"publish","type":"post","link":"https:\/\/www.europesays.com\/fr\/418389\/","title":{"rendered":"C\u0153ur de pirate\u00a0: \u00ab\u00a0Quand je r\u00e9\u00e9coute &lsquo;Comme des enfants&rsquo;, je trouve surprenant que \u00e7a ait march\u00e9 en Europe\u00a0\u00bb"},"content":{"rendered":"<p class=\"text-left ap-StoryElement ap-StoryElement--mb js-paywall-target ap-StoryText\"><b>Bonjour C\u0153ur de pirate ! Entre vos peurs, vos regrets et votre d\u00e9sir d&rsquo;aller de l&rsquo;avant, <\/b><b>Cavale<\/b><b> est-il votre album le plus sinc\u00e8re ?<\/b><\/p>\n<p class=\"text-left ap-StoryElement ap-StoryElement--mb ap-StoryText\"><b>C\u0153ur de pirate<\/b> : \u00ab\u00a0Tous mes albums sont sinc\u00e8res. Ici, c&rsquo;est vrai, j&rsquo;ai pu aborder ce genre de sujets car j&rsquo;ai le v\u00e9cu pour avoir un regard diff\u00e9rent sur la situation. Je ne pense que j&rsquo;aurais \u00e9t\u00e9 capable de le faire il y a m\u00eame 5-6 ans. Cavale, c&rsquo;est un \u00e9tat de fuite. L&rsquo;album parle d&rsquo;anxi\u00e9t\u00e9 et quand tu y es confront\u00e9, tu d\u00e9veloppes un instinct de survie. Je parle de plein de forme d&rsquo;anxi\u00e9t\u00e9 : la peur de vieillir, de voir son enfant grandir\u2026\u00a0\u00bb<\/p>\n<blockquote class=\"ap-StoryQuote ap-StoryQuote--blockquote\">\n<p class=\"ap-StoryQuote-text\">C&rsquo;est le dernier album que je sors pour voir si \u00e7a cartonne en Europe<\/p>\n<\/blockquote>\n<p class=\"ap-StoryElement ap-StoryElement--mb ap-StoryText\"><b>Dans quelle mesure votre anxi\u00e9t\u00e9 a-t-elle jou\u00e9 un r\u00f4le dans votre carri\u00e8re ?<\/b><\/p>\n<p class=\"ap-StoryElement ap-StoryElement--mb ap-StoryText\">\u00ab\u00a0Je suis anxieuse de tout. J&rsquo;ai un trouble anxieux g\u00e9n\u00e9ralis\u00e9 et un trouble obsessionnel compulsif. Ce dernier a \u00e9t\u00e9 un peu aggrav\u00e9 par les tourn\u00e9es car j&rsquo;ai un toc d\u00fb \u00e0 la contamination. J&rsquo;ai peur que des trucs me rendent malades. Dans ce m\u00e9tier, tu ne peux pas te le permettre \u00e0 cause des spectacles. C&rsquo;est la raison pour laquelle je m&#8217;emp\u00eachais de manger. Si tu es malade, tout est annul\u00e9 et cela a ancr\u00e9 quelque chose en moi.\u00a0\u00bb<\/p>\n<p class=\"text-left ap-StoryElement ap-StoryElement--mb ap-StoryText\"><b>Le tube<\/b> <b>\u00ab\u00a0Comme des enfants\u00a0\u00bb, qui vous a r\u00e9v\u00e9l\u00e9 \u00e0 seulement 18 ans, a-t-il finalement \u00e9t\u00e9 un tremplin ou un frein dans votre d\u00e9veloppement ?<\/b><\/p>\n<p class=\"text-left ap-StoryElement ap-StoryElement--mb ap-StoryText\">\u00ab\u00a0J&rsquo;en suis tr\u00e8s fi\u00e8re mais je ne sais pas expliquer pourquoi les gens m&rsquo;ont perdu de vue apr\u00e8s. \u00c7a me fait rire d&rsquo;ailleurs car j&rsquo;entends dire parfois : \u00ab\u00a0Elle n&rsquo;est pas morte C\u0153ur de pirate ?\u00a0\u00bb Mais non, je suis encore l\u00e0 ! C&rsquo;\u00e9tait sp\u00e9cial de devenir connue si jeune mais je le vis tr\u00e8s bien aujourd&rsquo;hui. J&rsquo;arrive \u00e0 mettre de la distance m\u00eame si c&rsquo;est vrai que ce fut assez \u00e9trange pendant un petit temps.\u00a0\u00bb<\/p>\n<p class=\"ap-StoryElement ap-StoryElement--mb ap-StoryText\"><b>Depuis 2021, vous \u00eates pr\u00e9sidente et directrice artistique de la maison de disques Bravo musique. Pourquoi est-ce important de guider les jeunes dans ce m\u00e9tier ?<\/b><\/p>\n<p class=\"text-left ap-StoryElement ap-StoryElement--mb ap-StoryText\">\u00ab\u00a0Je voulais qu&rsquo;aucun artiste ne ressente ce que j&rsquo;ai v\u00e9cu. Pour l&rsquo;instant, nos artistes r\u00e9ussissent au Qu\u00e9bec mais ils n&rsquo;ont pas encore franchi le continent. C&rsquo;est l&rsquo;objectif. Mais, par rapport \u00e0 l&rsquo;Europe, c&rsquo;est tr\u00e8s diff\u00e9rent culturellement parlant. Ce ne sont pas les m\u00eames codes. Quand je r\u00e9\u00e9coute \u00ab\u00a0Comme des enfants\u00a0\u00bb d&rsquo;ailleurs, je trouve surprenant que \u00e7a ait march\u00e9 en Europe car je sonne qu\u00e9b\u00e9cois dans la chanson.\u00a0\u00bb<\/p>\n<p class=\"text-left ap-StoryElement ap-StoryElement--mb ap-StoryText\"><b>Vous avez pourtant r\u00e9ussi \u00e0 trouver votre public avec une voix singuli\u00e8re et des chansons souvent poignantes. Dans<\/b> <b>\u00ab\u00a0Pens\u00e9es intrusives\u00a0\u00bb, vous revenez sur votre peur de ne plus plaire \u00e0 votre public. Est-ce la raison pour laquelle vous avez \u00e9t\u00e9 absente pendant plusieurs ann\u00e9es ?<\/b><\/p>\n<p class=\"ap-StoryElement ap-StoryElement--mb ap-StoryText\">\u00ab\u00a0J&rsquo;ai v\u00e9cu beaucoup d&rsquo;\u00e9puisement professionnel avec ma carri\u00e8re en Europe. Au Canada, \u00e7a s&rsquo;est toujours bien pass\u00e9 mais en France je me faisais un peu ballotter d&rsquo;un label \u00e0 l&rsquo;autre. Beaucoup de gens m&rsquo;ont perdu de vue et pensaient que je ne faisais plus de musique alors que je faisais des albums et des concerts. Je trouve \u00e7a dommage car je ne sais pas encore aujourd&rsquo;hui si c&rsquo;est parce que je faisais de la mauvaise musique ou parce que c&rsquo;\u00e9tait administratif. Finalement, je reviens toujours en Europe, c&rsquo;est important pour moi, mais c&rsquo;est le dernier album que je sors pour voir si \u00e7a cartonne ici. Je ne vais plus me plier aux standards de la pop. C&rsquo;est beaucoup de stress et il faut se r\u00e9inventer tout le temps.\u00a0\u00bb<\/p>\n<blockquote class=\"ap-StoryQuote ap-StoryQuote--blockquote\">\n<p class=\"ap-StoryQuote-text\">L&rsquo;Ancienne Belgique ? On dirait que tu es dans Kill Bill<\/p>\n<\/blockquote>\n<p class=\"text-left ap-StoryElement ap-StoryElement--mb ap-StoryText\"><b>Dans<\/b> <b>\u00ab\u00a0Laisse moi pleurer\u00a0\u00bb, vous assumez qui vous \u00eates.<\/b><\/p>\n<p class=\"ap-StoryElement ap-StoryElement--mb ap-StoryText\">\u00ab\u00a0&lsquo;Laisse-moi pleurer&rsquo;, c&rsquo;est la premi\u00e8re chanson que j&rsquo;ai \u00e9crite pour l&rsquo;album. \u00c7a parle du fait que c&rsquo;est un m\u00e9tier qui te demande de performer m\u00eame si tu vis des trucs horribles. Lire les commentaires n\u00e9gatifs des gens, ce n&rsquo;est pas cool non plus. Ce m\u00e9tier a de gros hauts et de gros bas mais il y a \u00e9videmment de gros privil\u00e8ges.\u00a0\u00bb<\/p>\n<p class=\"text-left ap-StoryElement ap-StoryElement--mb ap-StoryText\"><b>Dans<\/b> <b>\u00ab\u00a0Ch\u00e2teau de sable\u00a0\u00bb, vous vous exprimez sur la relation que vous avez avec votre fille qui est en pleine adolescence.<\/b><\/p>\n<p class=\"ap-StoryElement ap-StoryElement--mb ap-StoryText\">\u00ab\u00a0J&rsquo;avais envie de faire une chanson qui offre une perspective sur la parentalit\u00e9 pour que les ados se retrouvent dans cette chanson. C&rsquo;est dur de mettre des mots sur ce que l&rsquo;on ressent \u00e0 l&rsquo;adolescence. On ne comprend pas nos parents, ils ne nous comprennent pas. C&rsquo;est dur de voir son enfant exercer son ind\u00e9pendance et il y a souvent beaucoup de clashs. En ce moment ma fille trouve \u00e7a g\u00eanant mais \u00e7a peut \u00e9voluer. C&rsquo;est ce qui est beau avec la musique. Ce sera un beau cadeau pour mes enfants si on continue \u00e0 avoir une aussi belle relation.\u00a0\u00bb<\/p>\n<p><a href=\"https:\/\/www.parismatch.be\/culture\/musique\/2025\/09\/16\/coeur-de-pirate-devoile-son-endroit-prefere-pour-manger-a-bruxelles-jaime-beaucoup-KIC5R533VJGZXGETVRBI4N2IU4\/\" target=\"_blank\" rel=\"noopener noreferrer\" class=\"ap-StoryInterstitialLink ap-StoryElement ap-StoryElement--mb\">C\u0153ur de pirate d\u00e9voile son endroit pr\u00e9f\u00e9r\u00e9 pour manger \u00e0 Bruxelles : \u00ab\u00a0J&rsquo;aime beaucoup !\u00a0\u00bb<\/a><\/p>\n<p class=\"ap-StoryElement ap-StoryElement--mb ap-StoryText\"><b>Pour cet album, vous avez sollicit\u00e9 notamment Nicolas Subrechicot, reconnu pour son travail avec Zaho de Sagazan. Quel \u00e9tait votre objectif ?<\/b><\/p>\n<p class=\"ap-StoryElement ap-StoryElement--mb ap-StoryText\">\u00ab\u00a0Au d\u00e9but, je voulais aller vers la &lsquo;French Touch&rsquo;. Il y avait bien \u00e9videmment les Daft Punk mais je m&rsquo;orientais plus vers le label Ed Banger, etc. J&rsquo;associe l&rsquo;anxi\u00e9t\u00e9 \u00e0 la nuit et pour l&rsquo;illustrer j&rsquo;avais envie d&rsquo;aller vers cette p\u00e9riode-l\u00e0. Il \u00e9tait au d\u00e9part \u00e0 fond dans les synth\u00e9s et on a d\u00e9vi\u00e9 un peu pour aller dans les ann\u00e9es 80. Je trouvais \u00e7a cool qu&rsquo;il ait une approche de musicien en termes d&rsquo;arrangement etc.\u00a0\u00bb<\/p>\n<p class=\"ap-StoryElement ap-StoryElement--mb ap-StoryText\"><b>Vous oscillez entre des chansons uptempo et d&rsquo;autres plus calmes. Vous serez le 4 mars prochain en concert \u00e0 l&rsquo;Ancienne Belgique, que pourra-t-on attendre de vous sur sc\u00e8ne ?<\/b><\/p>\n<p class=\"ap-StoryElement ap-StoryElement--mb ap-StoryText\">\u00ab\u00a0J&rsquo;ai \u00e9tabli une setlist sur laquelle les chansons se m\u00e9langent bien. Il y a toutes les chansons que les gens connaissent. Il y a beaucoup de piano solo, c&rsquo;est l&rsquo;essence m\u00eame du projet, mais j&rsquo;ai des chansons qui d\u00e9m\u00e9nagent un peu plus. Il y a un aspect tr\u00e8s m\u00e9ditatif au show. Quand je rentre dedans, je canalise quelque chose. Le public le vit avec moi.<\/p>\n<p class=\"ap-StoryElement ap-StoryElement--mb ap-StoryText\">L&rsquo;AB, je l&rsquo;ai en plus d\u00e9j\u00e0 fait plein de fois. La derni\u00e8re fois, c&rsquo;\u00e9tait en 2018. C&rsquo;est une salle sp\u00e9ciale car on dirait que tu es dans Kill Bill. Au moment o\u00f9 ils sont dans le restaurant asiatique et o\u00f9 tu as tous les ninjas. C&rsquo;est vraiment un chouette endroit. C&rsquo;est le m\u00eame genre de salle qu&rsquo;au Canada et j&rsquo;aime \u00e7a.\u00a0\u00bb<\/p>\n<p class=\"text-left ap-StoryElement ap-StoryElement--mb ap-StoryText\"><b>La vie ne vous a pas \u00e9pargn\u00e9e puisque vous avez \u00e9t\u00e9 op\u00e9r\u00e9e des cordes vocales en 2021 et vous \u00eates forc\u00e9e de porter une proth\u00e8se auditive depuis cette ann\u00e9e <\/b><a href=\"https:\/\/www.parismatch.be\/actualites\/people\/2025\/02\/07\/coeur-de-pirate-explique-avoir-perdu-louie-partiellement-et-porte-desormais-une-prothese-ca-a-ete-comme-un-gros-choc-5VGYPUD5RFECVJVTNNKBHU4CLM\/\" target=\"_blank\" rel=\"noopener\"><b>apr\u00e8s avoir perdu l&rsquo;ou\u00efe partiellement<\/b><\/a><b>. Cela vous handicape-t-il pour vos performances ?<\/b><\/p>\n<p class=\"ap-StoryElement ap-StoryElement--mb ap-StoryText\">\u00ab\u00a0Non, ce n&rsquo;est pas hyper handicapant, j&rsquo;ai une proth\u00e8se auditive quand je vais au restaurant ou quand j&rsquo;ai des difficult\u00e9s \u00e0 entendre. Le probl\u00e8me, c&rsquo;est que quand tu as de l&rsquo;anxi\u00e9t\u00e9 et que tu vas voir un docteur, on ne te prend pas au s\u00e9rieux. M\u00eame si j&rsquo;avais beaucoup d&rsquo;acouph\u00e8nes, \u00e7a a pris du temps avant d&rsquo;\u00eatre diagnostiqu\u00e9. C&rsquo;est dommage mais c&rsquo;est la vie.\u00a0\u00bb<\/p>\n","protected":false},"excerpt":{"rendered":"Bonjour C\u0153ur de pirate ! Entre vos peurs, vos regrets et votre d\u00e9sir d&rsquo;aller de l&rsquo;avant, Cavale est-il&hellip;\n","protected":false},"author":2,"featured_media":418390,"comment_status":"","ping_status":"","sticky":false,"template":"","format":"standard","meta":{"footnotes":""},"categories":[1355],"tags":[1692,574,31908,37558,58,59,1011,27,1361,873,10044],"class_list":{"0":"post-418389","1":"post","2":"type-post","3":"status-publish","4":"format-standard","5":"has-post-thumbnail","7":"category-musique","8":"tag-album","9":"tag-canada","10":"tag-cavale","11":"tag-coeur-de-pirate","12":"tag-divertissement","13":"tag-entertainment","14":"tag-fr","15":"tag-france","16":"tag-music","17":"tag-musique","18":"tag-pop"},"share_on_mastodon":{"url":"https:\/\/pubeurope.com\/@fr\/115269426567546327","error":""},"_links":{"self":[{"href":"https:\/\/www.europesays.com\/fr\/wp-json\/wp\/v2\/posts\/418389","targetHints":{"allow":["GET"]}}],"collection":[{"href":"https:\/\/www.europesays.com\/fr\/wp-json\/wp\/v2\/posts"}],"about":[{"href":"https:\/\/www.europesays.com\/fr\/wp-json\/wp\/v2\/types\/post"}],"author":[{"embeddable":true,"href":"https:\/\/www.europesays.com\/fr\/wp-json\/wp\/v2\/users\/2"}],"replies":[{"embeddable":true,"href":"https:\/\/www.europesays.com\/fr\/wp-json\/wp\/v2\/comments?post=418389"}],"version-history":[{"count":0,"href":"https:\/\/www.europesays.com\/fr\/wp-json\/wp\/v2\/posts\/418389\/revisions"}],"wp:featuredmedia":[{"embeddable":true,"href":"https:\/\/www.europesays.com\/fr\/wp-json\/wp\/v2\/media\/418390"}],"wp:attachment":[{"href":"https:\/\/www.europesays.com\/fr\/wp-json\/wp\/v2\/media?parent=418389"}],"wp:term":[{"taxonomy":"category","embeddable":true,"href":"https:\/\/www.europesays.com\/fr\/wp-json\/wp\/v2\/categories?post=418389"},{"taxonomy":"post_tag","embeddable":true,"href":"https:\/\/www.europesays.com\/fr\/wp-json\/wp\/v2\/tags?post=418389"}],"curies":[{"name":"wp","href":"https:\/\/api.w.org\/{rel}","templated":true}]}}