{"id":418414,"date":"2025-09-26T07:42:09","date_gmt":"2025-09-26T07:42:09","guid":{"rendered":"https:\/\/www.europesays.com\/fr\/418414\/"},"modified":"2025-09-26T07:42:09","modified_gmt":"2025-09-26T07:42:09","slug":"mobilisation-des-agriculteurs-ce-que-lon-sait-des-actions-prevues-en-lorraine","status":"publish","type":"post","link":"https:\/\/www.europesays.com\/fr\/418414\/","title":{"rendered":"Mobilisation des agriculteurs, ce que l\u2019on sait des actions pr\u00e9vues en Lorraine"},"content":{"rendered":"<p class=\"article__intro\">Les agriculteurs de la FNSEA et des Jeunes agriculteurs appellent \u00e0 la mobilisation vendredi 26 septembre. En Lorraine, il y aura des manifestations dans les quatre d\u00e9partements, sans blocages.<\/p>\n<p>\n      L\u2019actu des r\u00e9gions\n    <\/p>\n<p>\n      Chaque jour, un tour d\u2019horizon des principales infos de toutes les r\u00e9gions.\n    <\/p>\n<p>    France T\u00e9l\u00e9visions utilise votre adresse e-mail afin de vous envoyer la newsletter \u00ab\u00a0L\u2019actu des r\u00e9gions\u00a0\u00bb. Vous pouvez vous d\u00e9sinscrire \u00e0 tout moment via le lien en bas de cette newsletter. <a target=\"_blank\" href=\"https:\/\/www.francetelevisions.fr\/groupe\/confidentialite\/politique-de-confidentialite\/politique-de-confidentialite-de-france-televisions-6503\" rel=\"nofollow noopener\">Notre politique de confidentialit\u00e9<\/a><\/p>\n<p>Les agriculteurs manifesteront vendredi 26 septembre 2025 \u00e0 l&rsquo;appel de la FNSEA et des Jeunes agriculteurs. Dans leur ligne de mire, la d\u00e9nonciation de l&rsquo;accord entre l&rsquo;union europ\u00e9enne et le Mercosur et la \u00ab\u00a0concurrence d\u00e9loyale\u00a0\u00bb \u00e0 l&rsquo;international qu&rsquo;ils subissent. Ils d\u00e9noncent aussi\u00a0des r\u00e9glementations de plus en plus complexes.<\/p>\n<p>Aucun blocage n\u2019est pr\u00e9vu. Tour d\u2019horizon des actions pr\u00e9vues en Lorraine. En Moselle, l\u2019action syndicale de la FDSA, pr\u00e9voit une mobilisation devant <a href=\"https:\/\/www.google.com\/maps\/place\/Pr%C3%A9fecture+de+la+Moselle.\/@49.1219774,6.1723363,17z\/data=!3m1!4b1!4m6!3m5!1s0x4794dea88d7488d3:0xf937e76b6db1c720!8m2!3d49.1219739!4d6.1749112!16s%2Fg%2F122qy6tx?entry=ttu&amp;g_ep=EgoyMDI1MDkyMi4wIKXMDSoASAFQAw%3D%3D\" target=\"_blank\" rel=\"noopener nofollow\">la pr\u00e9fecture<\/a> le matin, \u00ab\u00a0un enterrement agricole\u00a0\u00bb.<\/p>\n<p><strong>A lire aussi :\u00a0<\/strong><\/p>\n<p>Dans les Vosges, les agriculteurs se sont donn\u00e9s rendez-vous le matin vers 10 heures devant la <a href=\"https:\/\/www.google.com\/maps\/place\/Pr%C3%A9fecture+des+Vosges\/@48.1726945,6.4459401,17z\/data=!3m1!4b1!4m6!3m5!1s0x4793a085e5908827:0xc81ce1e9dea790a9!8m2!3d48.172691!4d6.448515!16s%2Fg%2F1td5q5z3?entry=ttu&amp;g_ep=EgoyMDI1MDkyMi4wIKXMDSoASAFQAw%3D%3D\" target=\"_blank\" rel=\"noopener nofollow\">pr\u00e9fecture d\u2019\u00c9pinal<\/a>. Un convoi de tracteurs est pr\u00e9vu dans les rues de la ville. Un rassemblement devant la F\u00e9d\u00e9ration des chasseurs puis devant la direction d\u00e9partementale du territoire (DDT), et enfin une rencontre avec la pr\u00e9f\u00e8te \u00e0 la pr\u00e9fecture en d\u00e9but d\u2019apr\u00e8s-midi. Ils d\u00e9noncent \u00e9galement les d\u00e9g\u00e2ts de gibier qui impliquent \u00ab\u00a0des pertes \u00e9conomiques et des charges de travail suppl\u00e9mentaires pour des exploitations d\u00e9j\u00e0 fragilis\u00e9es\u00a0\u00bb.\u00a0<\/p>\n<p>Dans le d\u00e9partement de Meurthe-et-Moselle, aucun blocage n\u2019est pr\u00e9vu. Des \u00ab\u00a0feux de la col\u00e8re\u00a0\u00bb, \u00ab\u00a0afin de d\u00e9noncer les incoh\u00e9rences et la concurrence d\u00e9loyale que subissent les agriculteurs au quotidien\u00a0\u00bb, seront allum\u00e9s sur le d\u00e9partement, sur les <a href=\"https:\/\/www.google.com\/maps\/search\/ronds-points+de+Ville-en-Vermois\/@48.6270868,6.1984126,13z\/data=!3m1!4b1?entry=ttu&amp;g_ep=EgoyMDI1MDkyMi4wIKXMDSoASAFQAw%3D%3D\" target=\"_blank\" rel=\"noopener nofollow\">ronds-points de Ville-en-Vermois<\/a>, <a href=\"https:\/\/www.google.com\/maps\/place\/54300+Moncel-l%C3%A8s-Lun%C3%A9ville\/@48.5611106,6.5199554,13z\/data=!3m1!4b1!4m6!3m5!1s0x47947fbac3fb4e2b:0x40a5fb99a3af740!8m2!3d48.573239!4d6.529187!16s%2Fm%2F03qdlpr?entry=ttu&amp;g_ep=EgoyMDI1MDkyMi4wIKXMDSoASAFQAw%3D%3D\" target=\"_blank\" rel=\"noopener nofollow\">Moncel-l\u00e8s-Lun\u00e9ville<\/a> et <a href=\"https:\/\/www.google.com\/maps\/place\/54700+Lesm%C3%A9nils\/@48.9317424,5.9639282,12z\/data=!3m1!4b1!4m6!3m5!1s0x4794c6c2fd56c17b:0x332b0855c73b7243!8m2!3d48.933223!4d6.103597!16s%2Fm%2F03qdl1t?entry=ttu&amp;g_ep=EgoyMDI1MDkyMi4wIKXMDSoASAFQAw%3D%3D\" target=\"_blank\" rel=\"noopener nofollow\">Lesm\u00e9nils<\/a>.<\/p>\n<p>Les rassemblements auront lieu :<br \/>\u2022 Arrondissement de Briey : 19h30, le long de la quatre voies, <a href=\"https:\/\/www.google.com\/maps\/place\/54920+Villers-la-Montagne\/@49.4667503,5.7882139,13z\/data=!3m1!4b1!4m6!3m5!1s0x47eac948ed73f335:0x79159abca66f20ee!8m2!3d49.466789!4d5.825527!16s%2Fm%2F03qdn_0?entry=ttu&amp;g_ep=EgoyMDI1MDkyMi4wIKXMDSoASAFQAw%3D%3D\" target=\"_blank\" rel=\"noopener nofollow\">Villers-la-Montagne<\/a><br \/>\u2022 Arrondissement de Lun\u00e9ville : 19h00, rond-point de Moncel-l\u00e8s-Lun\u00e9ville<br \/>\u2022 Nancy Sud et Toul Sud : 19h30, rond-point de Ville-en-Vermois<br \/>\u2022 Nancy Nord et Toul Nord : 19h00, rond-point de Lesm\u00e9nils<\/p>\n<p>Dans leur communiqu\u00e9, les agriculteurs de la FDSEA 54 pr\u00e9cisent \u00ab\u00a0[on manifeste] pour d\u00e9noncer l\u2019accumulation d\u2019incoh\u00e9rences, la concurrence d\u00e9loyale et le m\u00e9pris que subissent au quotidien les agriculteurs\u00a0\u00bb.<\/p>\n<\/p>\n<p>Dans le d\u00e9partement de la Meuse, seule une conf\u00e9rence de presse est pr\u00e9vue le matin. Une forte mobilisation d&rsquo;agriculteurs est attendue en Lorraine.<\/p>\n<p>\u00a0<\/p>\n","protected":false},"excerpt":{"rendered":"Les agriculteurs de la FNSEA et des Jeunes agriculteurs appellent \u00e0 la mobilisation vendredi 26 septembre. En Lorraine,&hellip;\n","protected":false},"author":2,"featured_media":418415,"comment_status":"","ping_status":"","sticky":false,"template":"","format":"standard","meta":{"footnotes":""},"categories":[9635],"tags":[1111,11,1777,674,1011,27,775,1702,12,25],"class_list":{"0":"post-418414","1":"post","2":"type-post","3":"status-publish","4":"format-standard","5":"has-post-thumbnail","7":"category-nancy","8":"tag-actu","9":"tag-actualites","10":"tag-eu","11":"tag-europe","12":"tag-fr","13":"tag-france","14":"tag-grand-est","15":"tag-nancy","16":"tag-news","17":"tag-republique-francaise"},"share_on_mastodon":{"url":"https:\/\/pubeurope.com\/@fr\/115269477535491443","error":""},"_links":{"self":[{"href":"https:\/\/www.europesays.com\/fr\/wp-json\/wp\/v2\/posts\/418414","targetHints":{"allow":["GET"]}}],"collection":[{"href":"https:\/\/www.europesays.com\/fr\/wp-json\/wp\/v2\/posts"}],"about":[{"href":"https:\/\/www.europesays.com\/fr\/wp-json\/wp\/v2\/types\/post"}],"author":[{"embeddable":true,"href":"https:\/\/www.europesays.com\/fr\/wp-json\/wp\/v2\/users\/2"}],"replies":[{"embeddable":true,"href":"https:\/\/www.europesays.com\/fr\/wp-json\/wp\/v2\/comments?post=418414"}],"version-history":[{"count":0,"href":"https:\/\/www.europesays.com\/fr\/wp-json\/wp\/v2\/posts\/418414\/revisions"}],"wp:featuredmedia":[{"embeddable":true,"href":"https:\/\/www.europesays.com\/fr\/wp-json\/wp\/v2\/media\/418415"}],"wp:attachment":[{"href":"https:\/\/www.europesays.com\/fr\/wp-json\/wp\/v2\/media?parent=418414"}],"wp:term":[{"taxonomy":"category","embeddable":true,"href":"https:\/\/www.europesays.com\/fr\/wp-json\/wp\/v2\/categories?post=418414"},{"taxonomy":"post_tag","embeddable":true,"href":"https:\/\/www.europesays.com\/fr\/wp-json\/wp\/v2\/tags?post=418414"}],"curies":[{"name":"wp","href":"https:\/\/api.w.org\/{rel}","templated":true}]}}