{"id":418423,"date":"2025-09-26T07:47:13","date_gmt":"2025-09-26T07:47:13","guid":{"rendered":"https:\/\/www.europesays.com\/fr\/418423\/"},"modified":"2025-09-26T07:47:13","modified_gmt":"2025-09-26T07:47:13","slug":"six-ans-apres-lincendie-de-rouen-des-elements-decisifs-pour-enfin-accelerer-la-procedure-contre-lubrizol","status":"publish","type":"post","link":"https:\/\/www.europesays.com\/fr\/418423\/","title":{"rendered":"Six ans apr\u00e8s l&rsquo;incendie de Rouen, des \u00e9l\u00e9ments d\u00e9cisifs pour enfin acc\u00e9l\u00e9rer la proc\u00e9dure contre Lubrizol\u00a0?"},"content":{"rendered":"<p>            Par<br \/>\n        <strong><br \/>\n            <a href=\"https:\/\/actu.fr\/auteur\/thomas-rideau\" title=\"Consulter tous les articles de Thomas Rideau\" target=\"_blank\" rel=\"noopener\">Thomas Rideau<\/a><br \/>\n        <\/strong><\/p>\n<p>        Publi\u00e9 le<\/p>\n<p>            26 sept. 2025 \u00e0 9h20        <\/p>\n<p>Il y a six ans, le 26\u00a0septembre 2019, <a href=\"https:\/\/actu.fr\/normandie\/rouen_76540\" target=\"_blank\" rel=\"noopener\">Rouen (Seine-Maritime)<\/a> et une <strong>bonne partie du d\u00e9partement<\/strong> se r\u00e9veillaient sous un \u00e9cran noir. Le ciel avait disparu. Sur la rive gauche, \u00e0 proximit\u00e9 de la Seine,<strong> l\u2019entreprise Lubrizol<\/strong>, class\u00e9e en Seveso seuil haut, est en partie d\u00e9truite dans un incendie. L\u2019usine d\u2019additif pour lubrifiant voit <a href=\"https:\/\/actu.fr\/normandie\/rouen_76540\/incendie-lubrizol-rouen-produit-cette-usine-classee-seveso-seuil-haut_27552437.html\" target=\"_blank\" rel=\"noopener\">10\u2009000\u00a0tonnes de produit dangereux<\/a> partir en fum\u00e9e. Ce 26\u00a0septembre 2025, des militants apportent de nouveaux \u00e9l\u00e9ments \u00e0 un dossier d\u00e9j\u00e0 tentaculaire.<\/p>\n<p>Des irr\u00e9gularit\u00e9s connues<\/p>\n<p class=\" wall-content\">L\u2019entreprise \u00e9tait au courant, avant l\u2019incendie, d\u2019irr\u00e9gularit\u00e9s. Mais, <a href=\"https:\/\/actu.fr\/normandie\/rouen_76540\/des-defaillances-dans-des-zones-a-risque-d-explosion-l-etat-epingle-lubrizol-a-rouen_62626531.html\" target=\"_blank\" rel=\"noopener\">des documents<\/a> mis \u00e0 jour par l\u2019association de l\u2019Union des Victimes de Lubrizol, montrent que l\u2019usine savait que de <strong>nombreuses irr\u00e9gularit\u00e9s<\/strong> \u00e9lectriques \u00e9taient pr\u00e9sentes dans l\u2019usine. \u00ab\u2009Presque 1\u2009000\u2009!\u2009\u00bb, s\u2019exclame Christophe Holleville, militant in\u00e9puisable et secr\u00e9taire de l\u2019association.<\/p>\n<p class=\" wall-content\">Dans un audit interne<strong> publi\u00e9 en juin\u00a02019<\/strong>, quasiment quatre mois donc avant l\u2019incendie du 26\u00a0septembre, on d\u00e9couvre que 924 d\u00e9fauts \u00e9lectriques sont d\u00e9nombr\u00e9s. \u00ab\u2009Ce sont des non-conformit\u00e9s en zone Atex. C\u2019est-\u00e0-dire des zones explosives. <strong>Mais c\u2019est grave\u2009!\u2009<\/strong>\u00bb Pr\u00e9cisons tout de suite que les entrep\u00f4ts qui ont br\u00fbl\u00e9 dans l\u2019incendie sont les c\u00e9l\u00e8bres A4 et A5 et ne sont pas concern\u00e9s par la partie de l\u2019audit rendue publique.<\/p>\n<p>Les zones les plus dangereuses<\/p>\n<p class=\" wall-content\">\u00ab\u2009Oui, mais <strong>les zones Atex sont les plus dangereuses<\/strong>. Ce sont les endroits les plus surveill\u00e9s dans l\u2019entreprise et s\u2019ils ne sont pas dans les normes ici, qu\u2019en est-il ailleurs\u2009?\u2009\u00bb, se demande Christophe Holleville. \u00ab\u2009On se doute bien que lorsqu\u2019on a <strong>1\u2009000 non-conformit\u00e9s<\/strong> dans les zones les plus dangereuses, ce n\u2019est pas mieux ailleurs.\u2009\u00bb<\/p>\n<p>Quelles sont les non-conformit\u00e9s rep\u00e9r\u00e9es ?<\/p>\n<p>Concr\u00e8tement, parmi les \u00e9l\u00e9ments non conformes qui sont signal\u00e9s dans l&rsquo;audit interne de Lubrizol, on retrouve des \u00e9quipements sans marquage, des d\u00e9fauts de lisibilit\u00e9. Mais, plus g\u00eanant, des vis de blocage mal serr\u00e9es, des pr\u00e9sences de corps \u00e9trangers, des \u00e9quipements inadapt\u00e9s ou d\u00e9t\u00e9rior\u00e9s.<\/p>\n<p class=\" wall-content\">Surtout, l\u2019audit ne porte que sur les probl\u00e8mes \u00e9lectriques. \u00ab\u2009\u00c7a soul\u00e8ve une question quand on sait que l\u2019incendie part d\u2019un probl\u00e8me \u00e9lectrique sur un lampadaire.\u2009\u00bb Lorsque cet audit a fait l\u2019objet d\u2019un arr\u00eat\u00e9 de la pr\u00e9fecture, au mois de mai\u00a02025, Lubrizol avait indiqu\u00e9 \u00e0\u00a076actu que sa \u00ab\u2009priorit\u00e9 absolue est de<strong> travailler de mani\u00e8re s\u00fbre et responsable<\/strong>. Nos \u00e9quipements sont r\u00e9guli\u00e8rement \u00e9valu\u00e9s en interne conform\u00e9ment aux normes de production et de s\u00e9curit\u00e9 applicables. L\u2019entreprise travaillera \u00e9troitement avec les autorit\u00e9s comp\u00e9tentes concernant leur analyse et prendra les mesures appropri\u00e9es si n\u00e9cessaire\u2009\u00bb.<\/p>\n<p class=\" wall-content\">L\u2019<a href=\"https:\/\/storage.e.jimdo.com\/file\/e0d579f4-c82a-4e9d-8d02-21661b2a3e6f\/20250912_courrier_UVL_%20ATEX.pdf\" target=\"_blank\" rel=\"noopener\">audit et le commentaire de la Dreal<\/a> \u00e0 ce sujet \u00ab\u2009vont \u00eatre transmis au juge\u2009\u00bb, annonce Christophe Holleville. Mais la s\u00e9quence ne s\u2019arr\u00eate pas l\u00e0. Nos confr\u00e8res du\u00a0<a href=\"https:\/\/www.lepoulpe.info\/nouveau-rapport-categorique-sur-l-incendie-lubrizol-le-feu-s-est-bien-declenche-chez-l-industriel-americain\" target=\"_blank\" rel=\"noopener\">Poulpe<\/a>, ont r\u00e9cemment exhum\u00e9 un rapport qui affirme, \u00ab\u2009sans m\u00e9nagement ni conditionnel\u2009\u00bb, que le feu est bien parti de Lubrizol. Et non de leur voisin Normandie Logistique, un temps soup\u00e7onn\u00e9.<\/p>\n<p>Votre r\u00e9gion, votre actu !<\/p>\n<p>Recevez chaque jour les infos qui comptent pour vous.<\/p>\n<p>\t<a href=\"https:\/\/actu.fr\/newsletter\" class=\"ac-btn ac-btn--corner ac-btn--medium ac-btn--blue800\" target=\"_blank\" rel=\"noopener\">S&rsquo;incrire<\/a><\/p>\n<p class=\" wall-content\">\u00ab\u2009Six ans apr\u00e8s l\u2019incendie, il est temps que la justice acc\u00e9l\u00e8re dans le traitement du dossier. L\u2019entreprise est actuellement mise en examen pour destruction involontaire par incendie d\u00fb \u00e0 la violation manifestement d\u00e9lib\u00e9r\u00e9e d\u2019une obligation de s\u00e9curit\u00e9 ou de prudence,<strong> blessures involontaires<\/strong> ayant entra\u00een\u00e9 une incapacit\u00e9 inf\u00e9rieure ou \u00e9gale \u00e0 trois mois par manquement d\u00e9lib\u00e9r\u00e9 \u00e0 une obligation de prudence, les juges d\u2019instruction devraient finir par se prononcer sur un renvoi de l\u2019entreprise devant le tribunal correctionnel\u2009\u00bb, indique pour sa part la CGT, par le biais de G\u00e9rald Le Corre, l\u2019un des porte-paroles du collectif unitaire.<\/p>\n<p class=\" wall-content\">Mais justement, quand aura lieu ce proc\u00e8s\u2009? D\u2019apr\u00e8s nos diff\u00e9rents interlocuteurs, une audience pourrait \u00eatre programm\u00e9e, mais <strong>pas avant 2030<\/strong>.<\/p>\n<p>Un rassemblement va avoir lieu devant le palais de justice de Rouen, \u00e0 partir de 14h, ce vendredi 26\u00a0septembre.<\/p>\n<p class=\" wall-content\">Personnalisez votre actualit\u00e9 en ajoutant vos villes et m\u00e9dias en favori avec <a href=\"https:\/\/moncompte.actu.fr\" title=\"D\u00e9couvez Mon Actu\" rel=\"nofollow noopener\" data-trk=\"{&quot;cta&quot;:{&quot;action&quot;:&quot;https:\\\/\\\/moncompte.actu.fr&quot;,&quot;category&quot;:&quot;mon compte&quot;,&quot;from&quot;:&quot;article footer&quot;,&quot;name&quot;:&quot;Mon actu&quot;,&quot;type&quot;:&quot;cta&quot;}}\" target=\"_blank\">Mon Actu<\/a>.<\/p>\n","protected":false},"excerpt":{"rendered":"Par Thomas Rideau Publi\u00e9 le 26 sept. 2025 \u00e0 9h20 Il y a six ans, le 26\u00a0septembre 2019,&hellip;\n","protected":false},"author":2,"featured_media":418424,"comment_status":"","ping_status":"","sticky":false,"template":"","format":"standard","meta":{"footnotes":""},"categories":[9587],"tags":[1111,11,1777,674,1011,27,1310,18327,12,5161,52,1800,25,9590],"class_list":{"0":"post-418423","1":"post","2":"type-post","3":"status-publish","4":"format-standard","5":"has-post-thumbnail","7":"category-rouen","8":"tag-actu","9":"tag-actualites","10":"tag-eu","11":"tag-europe","12":"tag-fr","13":"tag-france","14":"tag-incendie","15":"tag-lubrizol","16":"tag-news","17":"tag-normandie","18":"tag-planete","19":"tag-pollution","20":"tag-republique-francaise","21":"tag-rouen"},"share_on_mastodon":{"url":"https:\/\/pubeurope.com\/@fr\/115269497206232031","error":""},"_links":{"self":[{"href":"https:\/\/www.europesays.com\/fr\/wp-json\/wp\/v2\/posts\/418423","targetHints":{"allow":["GET"]}}],"collection":[{"href":"https:\/\/www.europesays.com\/fr\/wp-json\/wp\/v2\/posts"}],"about":[{"href":"https:\/\/www.europesays.com\/fr\/wp-json\/wp\/v2\/types\/post"}],"author":[{"embeddable":true,"href":"https:\/\/www.europesays.com\/fr\/wp-json\/wp\/v2\/users\/2"}],"replies":[{"embeddable":true,"href":"https:\/\/www.europesays.com\/fr\/wp-json\/wp\/v2\/comments?post=418423"}],"version-history":[{"count":0,"href":"https:\/\/www.europesays.com\/fr\/wp-json\/wp\/v2\/posts\/418423\/revisions"}],"wp:featuredmedia":[{"embeddable":true,"href":"https:\/\/www.europesays.com\/fr\/wp-json\/wp\/v2\/media\/418424"}],"wp:attachment":[{"href":"https:\/\/www.europesays.com\/fr\/wp-json\/wp\/v2\/media?parent=418423"}],"wp:term":[{"taxonomy":"category","embeddable":true,"href":"https:\/\/www.europesays.com\/fr\/wp-json\/wp\/v2\/categories?post=418423"},{"taxonomy":"post_tag","embeddable":true,"href":"https:\/\/www.europesays.com\/fr\/wp-json\/wp\/v2\/tags?post=418423"}],"curies":[{"name":"wp","href":"https:\/\/api.w.org\/{rel}","templated":true}]}}