{"id":418425,"date":"2025-09-26T07:48:15","date_gmt":"2025-09-26T07:48:15","guid":{"rendered":"https:\/\/www.europesays.com\/fr\/418425\/"},"modified":"2025-09-26T07:48:15","modified_gmt":"2025-09-26T07:48:15","slug":"eiffage-construction-va-renover-620-logements-a-rouen-pour-3f-normanvie","status":"publish","type":"post","link":"https:\/\/www.europesays.com\/fr\/418425\/","title":{"rendered":"Eiffage Construction va r\u00e9nover 620 logements \u00e0 Rouen pour 3F Normanvie"},"content":{"rendered":"<p melodystyle=\"texte\">Eiffage Construction (4 milliards d\u2019euros de chiffre d\u2019affaires), filiale du groupe de TP Eiffage (84 000 salari\u00e9s \/ 23 Md\u20ac de chiffre d\u2019affaires) a sign\u00e9 un contrat avec 3F Normanvie (groupe ActionLogement), sp\u00e9cialiste du logement HLM en Normandie, pour la r\u00e9novation de 620 logements \u00e0 Rouen. Un contrat en conception-r\u00e9alisation d\u2019un montant de 40,8 millions d\u2019euros qui comprend \u00e9galement la sur\u00e9l\u00e9vation et l\u2019am\u00e9nagement de combles et greniers pour la cr\u00e9ation de 44 logements neufs. Situ\u00e9 rue Marin Le Pigny, \u00e0 c\u00f4t\u00e9 du centre de lutte contre le cancer Henri Becquerel, l\u2019op\u00e9ration de r\u00e9habilitation de 10 b\u00e2timents sera notamment r\u00e9alis\u00e9e en collaboration avec les cabinets d\u2019architecture rouennais Ataub Architectes et parisien Ithaques, ainsi que le bureau d\u2019\u00e9tudes Oteis (Mont-Saint-Aignan) et le consultant en ing\u00e9nierie Icegem (Bois-Guillaume). Le commencement des travaux est pr\u00e9vu d\u00e9but 2026 pour une livraison en d\u00e9cembre 2028.<\/p>\n","protected":false},"excerpt":{"rendered":"Eiffage Construction (4 milliards d\u2019euros de chiffre d\u2019affaires), filiale du groupe de TP Eiffage (84 000 salari\u00e9s \/&hellip;\n","protected":false},"author":2,"featured_media":418426,"comment_status":"","ping_status":"","sticky":false,"template":"","format":"standard","meta":{"footnotes":""},"categories":[9587],"tags":[1111,11,1777,674,1011,27,12,5161,25,9590],"class_list":{"0":"post-418425","1":"post","2":"type-post","3":"status-publish","4":"format-standard","5":"has-post-thumbnail","7":"category-rouen","8":"tag-actu","9":"tag-actualites","10":"tag-eu","11":"tag-europe","12":"tag-fr","13":"tag-france","14":"tag-news","15":"tag-normandie","16":"tag-republique-francaise","17":"tag-rouen"},"share_on_mastodon":{"url":"https:\/\/pubeurope.com\/@fr\/115269501121639588","error":""},"_links":{"self":[{"href":"https:\/\/www.europesays.com\/fr\/wp-json\/wp\/v2\/posts\/418425","targetHints":{"allow":["GET"]}}],"collection":[{"href":"https:\/\/www.europesays.com\/fr\/wp-json\/wp\/v2\/posts"}],"about":[{"href":"https:\/\/www.europesays.com\/fr\/wp-json\/wp\/v2\/types\/post"}],"author":[{"embeddable":true,"href":"https:\/\/www.europesays.com\/fr\/wp-json\/wp\/v2\/users\/2"}],"replies":[{"embeddable":true,"href":"https:\/\/www.europesays.com\/fr\/wp-json\/wp\/v2\/comments?post=418425"}],"version-history":[{"count":0,"href":"https:\/\/www.europesays.com\/fr\/wp-json\/wp\/v2\/posts\/418425\/revisions"}],"wp:featuredmedia":[{"embeddable":true,"href":"https:\/\/www.europesays.com\/fr\/wp-json\/wp\/v2\/media\/418426"}],"wp:attachment":[{"href":"https:\/\/www.europesays.com\/fr\/wp-json\/wp\/v2\/media?parent=418425"}],"wp:term":[{"taxonomy":"category","embeddable":true,"href":"https:\/\/www.europesays.com\/fr\/wp-json\/wp\/v2\/categories?post=418425"},{"taxonomy":"post_tag","embeddable":true,"href":"https:\/\/www.europesays.com\/fr\/wp-json\/wp\/v2\/tags?post=418425"}],"curies":[{"name":"wp","href":"https:\/\/api.w.org\/{rel}","templated":true}]}}