{"id":418431,"date":"2025-09-26T07:53:16","date_gmt":"2025-09-26T07:53:16","guid":{"rendered":"https:\/\/www.europesays.com\/fr\/418431\/"},"modified":"2025-09-26T07:53:16","modified_gmt":"2025-09-26T07:53:16","slug":"proces-en-vue-pour-les-hommes-accuses-du-meurtre-dun-jeune-tchetchene-a-rennes","status":"publish","type":"post","link":"https:\/\/www.europesays.com\/fr\/418431\/","title":{"rendered":"proc\u00e8s en vue pour les hommes accus\u00e9s du meurtre d&rsquo;un jeune Tch\u00e9tch\u00e8ne \u00e0 Rennes"},"content":{"rendered":"<p>            Par<br \/>\n        <strong><br \/>\n            <a href=\"https:\/\/actu.fr\/auteur\/redaction-rennes\" title=\"Consulter tous les articles de R\u00e9daction Rennes\" rel=\"nofollow noopener\" target=\"_blank\">R\u00e9daction Rennes<\/a><br \/>\n        <\/strong><\/p>\n<p>        Publi\u00e9 le<\/p>\n<p>            26 sept. 2025 \u00e0 8h37        <\/p>\n<p>Trois hommes de 24 et 26\u00a0ans compara\u00eetront, \u00e0 compter du <strong>8\u00a0d\u00e9cembre 2025<\/strong>, devant la cour d\u2019assises d\u2019Ille-et-Vilaine pour <strong>le \u00ab\u2009meurtre\u2009\u00bb de Khamzat Labazanov<\/strong>, <a href=\"https:\/\/actu.fr\/bretagne\/rennes_35238\/fusillade-a-rennes-les-auteurs-en-fuite-le-quartier-boucle_40299895.html\" rel=\"nofollow noopener\" target=\"_blank\">un jeune Tch\u00e9tch\u00e8ne <strong>tomb\u00e9 sous les balles<\/strong> en pleine journ\u00e9e, le 17\u00a0mars 2021<\/a>, devant le magasin Carrefour City du quartier Cleunay \u00e0 Rennes (Ille-et-Vilaine).<\/p>\n<p>\u00ab\u2009Nous, c\u2019est Villejean, on tire tous les jours\u2009\u00bb<\/p>\n<p class=\" wall-content\">Pour rappel, \u00e0 l\u2019\u00e9poque, <strong>une guerre de territoires<\/strong> faisait rage dans le quartier. Le 17\u00a0mars 2021, vers 13h40, une altercation \u00e9clate entre deux individus venus \u00e0 la rencontre d\u2019un groupe de cinq Tch\u00e9tch\u00e8nes, \u00e0 l\u2019intersection des rues Ferdinand de Lesseps et Paul Lerebours-Pigeonni\u00e8re, un endroit \u00ab\u2009connu\u2009\u00bb pour \u00eatre <strong>un point de deal<\/strong> historiquement <strong>tenu par \u00ab\u2009La Ch\u00e8vre\u2009\u00bb.<\/strong><\/p>\n<p class=\" wall-content\">L\u2019un des deux assaillants \u2013 tr\u00e8s vite identifi\u00e9 comme \u00e9tant <strong>Saraba<\/strong> \u2013 avait alors sorti <strong>\u00ab\u2009une arme de poing\u2009\u00bb de la poche de sa doudoune<\/strong> pour faire feu sur le groupe alors qu\u2019il \u00e9tait poursuivi. \u00ab\u2009Nous, c\u2019est Villejean, on tire tous les jours\u2009\u00bb, leur aurait-il au pr\u00e9alable lanc\u00e9.<\/p>\n<p class=\" wall-content\">D\u00e9crit comme ayant \u00ab\u2009l\u2019air calme\u2009\u00bb, cet homme dont le casier judiciaire portait d\u00e9j\u00e0 trace de \u00ab\u200911 mentions\u2009\u00bb, avait alors <strong>tir\u00e9 \u00ab\u2009avec sang-froid\u2009\u00bb<\/strong> \u00e0 plusieurs reprises sur le groupe, selon un t\u00e9moin. Khamzat Labazanov s\u2019\u00e9tait alors <strong>\u00ab\u2009\u00e9croul\u00e9 au sol\u2009\u00bb,<\/strong> <strong>atteint \u00e0 la t\u00eate,<\/strong> et <strong>d\u00e9c\u00e8dera le lendemain \u00e0 l\u2019h\u00f4pital.<\/strong><\/p>\n<p>Un point de deal tr\u00e8s convoit\u00e9<\/p>\n<p class=\" wall-content\"><strong>Une \u00ab\u2009course-poursuite\u2009\u00bb<\/strong> s\u2019\u00e9tait engag\u00e9e et de nouveaux coups de feu avaient \u00e9t\u00e9 tir\u00e9s\u2009: <strong>le fr\u00e8re de la premi\u00e8re victime<\/strong>, un homme aujourd\u2019hui \u00e2g\u00e9 de 29\u00a0ans, sera ainsi <strong>touch\u00e9 \u00e0 la hanche<\/strong>. Il s\u2019en sortira, apr\u00e8s une intervention chirurgicale, avec une interruption totale de travail (ITT) d\u2019un mois.<\/p>\n<p class=\" wall-content\">Rapidement, la piste du <strong>r\u00e8glement de comptes sur fond de trafic de stup\u00e9fiants<\/strong> a \u00e9t\u00e9 privil\u00e9gi\u00e9e par la juge d\u2019instruction de la Juridiction interr\u00e9gionale sp\u00e9cialis\u00e9e (JIRS) de Rennes\u2009: \u00e0 cette \u00e9poque, <strong>le \u00ab\u2009terrain\u2009\u00bb situ\u00e9 devant le Carrefour City de Cleunay attirait toutes les convoitises.<\/strong><\/p>\n<p>Votre r\u00e9gion, votre actu !<\/p>\n<p>Recevez chaque jour les infos qui comptent pour vous.<\/p>\n<p>\t<a href=\"https:\/\/actu.fr\/newsletter\" class=\"ac-btn ac-btn--corner ac-btn--medium ac-btn--blue800\" rel=\"nofollow noopener\" target=\"_blank\">S&rsquo;incrire<\/a><\/p>\n<p class=\" wall-content\">Au cours de l\u2019enqu\u00eate, une commer\u00e7ante s\u2019est d\u2019ailleurs \u00e9tonn\u00e9e de la pr\u00e9sence d\u2019un \u00ab\u2009groupe d\u2019Europe de l\u2019Est\u2009\u00bb depuis le d\u00e9but de la semaine, ce qui \u00e9tait contraire aux habitudes, puisqu\u2019un groupe de \u00ab\u2009jeunes blacks\u2009\u00bb s\u2019y trouvait jusqu\u2019alors. D\u2019apr\u00e8s l\u2019enqu\u00eate, <strong>les Tch\u00e9tch\u00e8nes \u00e9taient l\u00e0 pour \u00ab\u2009s\u00e9curiser le point de deal\u2009\u00bb.<\/strong><\/p>\n<p>Un myst\u00e9rieux courrier anonyme<\/p>\n<p class=\" wall-content\">\u00c0 sa sortie de prison, <strong>le tenancier historique du point de deal<\/strong> \u2013 surnomm\u00e9 donc \u00ab\u2009la Ch\u00e8vre\u2009\u00bb \u2013 avait tent\u00e9 d\u2019en \u00ab\u2009reprendre le contr\u00f4le\u2009\u00bb ce qui avait d\u2019ailleurs donn\u00e9 lieu \u00e0 plusieurs tirs, pour lesquels il a d\u2019ailleurs \u00e9t\u00e9 r\u00e9incarc\u00e9r\u00e9 en f\u00e9vrier\u00a02023.<\/p>\n<p class=\" wall-content\">L\u2019enqu\u00eate n\u2019a toutefois pas permis d\u2019\u00e9tablir qu\u2019il \u00e9tait le \u00ab\u2009commanditaire\u2009\u00bb des tirs du 17\u00a0mars 2021, en d\u00e9pit de ce qu\u2019indiquait <strong>un myst\u00e9rieux courrier anonyme<\/strong> d\u00e9pos\u00e9 au greffe de la prison de Rennes-Vezin.<\/p>\n<p>Deux premiers hommes identifi\u00e9s\u2009: Saraba et Banffa<\/p>\n<p class=\" wall-content\"><strong>Un premier suspect<\/strong> avait \u00e9t\u00e9 \u00ab\u2009tr\u00e8s rapidement interpell\u00e9\u2009\u00bb\u2009: \u00e0 la vue des policiers, Saraba s\u2019\u00e9tait \u00ab\u2009d\u00e9barrass\u00e9\u2009\u00bb d\u2019un pistolet Zoraki apr\u00e8s l\u2019avoir \u00ab\u2009point\u00e9\u2009\u00bb en leur direction. Il avait \u00e9t\u00e9 <strong>formellement identifi\u00e9<\/strong> par les t\u00e9moins et a reconnu les faits devant le juge d\u2019instruction, indiquant avoir \u00ab\u2009tir\u00e9\u2009\u00bb car il s\u2019\u00e9tait senti \u00ab\u2009agress\u00e9\u2009\u00bb par ces hommes \u00ab\u2009plus corpulents et amateurs de boxe\u2009\u00bb. Il n\u2019avait <strong>\u00ab\u2009en aucun cas\u2009\u00bb voulu \u00ab\u2009viser la t\u00eate\u2009\u00bb\u2026<\/strong><\/p>\n<p class=\" wall-content\"><strong>Un second homme<\/strong> avait \u00e9t\u00e9 identifi\u00e9 par \u00ab\u2009des renseignements concordants\u2009\u00bb parvenus aux oreilles des enqu\u00eateurs de la police judiciaire de Rennes et \u00e9tay\u00e9s par les exploitations des lignes t\u00e9l\u00e9phoniques\u2009: il s\u2019agissait de <strong>Banffa.<\/strong> Mais il a <strong>b\u00e9n\u00e9fici\u00e9 d\u2019un non-lieu<\/strong> pour les faits du 17\u00a0mars 2021 apr\u00e8s avoir \u00e9t\u00e9 plac\u00e9 sous le statut de t\u00e9moin assist\u00e9.<\/p>\n<p>Une agression \u00e0 Saint-Jacques-de-la-Lande\u2026<\/p>\n<p class=\" wall-content\">Mais un lien entre cette fusillade sanglante, cet homme et une pr\u00e9c\u00e9dente \u00ab\u2009jambisation\u2009\u00bb (tir dans les jambes) d\u2019un jeune de 19\u00a0ans survenue quatre jours plus t\u00f4t \u00e0 <strong>Saint-Jacques-de-la-Lande<\/strong> avait pu \u00eatre \u00e9tabli\u2009:<strong> un jeune trafiquant avait \u00e9t\u00e9 agress\u00e9<\/strong> par \u00ab\u2009deux individus\u2009\u00bb le 13\u00a0mars 2021.<\/p>\n<p class=\" wall-content\">Ce dernier reconna\u00eetra les \u00ab\u2009yeux\u2009\u00bb de Saraba sur la planche photographique qui lui avait \u00e9t\u00e9 soumise, refusant toutefois de d\u00e9poser plainte par \u00ab\u2009peur des repr\u00e9sailles\u2009\u00bb.<strong> L\u2019arme utilis\u00e9e<\/strong> lors de ce premier \u00e9pisode <strong>le sera aussi lors du \u00ab\u2009meurtre\u2009\u00bb du 17\u00a0mars 2021.<\/strong><\/p>\n<p>\u2026 Puis une seconde<\/p>\n<p class=\" wall-content\">Par ailleurs, <strong>une \u00ab\u2009touriste\u2009\u00bb<\/strong> avait appel\u00e9 la police pour <strong>\u00ab\u2009une rixe\u2009\u00bb \u00e0 l\u2019arme de poing<\/strong> survenue square Marguerite-Yourcenar, \u00e0 <strong>Saint-Jacques-de-la-Lande<\/strong>\u2009: un homme avait cette fois re\u00e7u <strong>\u00ab\u2009des coups de pied\u2009\u00bb<\/strong> et <strong>\u00ab\u2009de crosse d\u2019une arme \u00e0 feu\u2009\u00bb sur le cr\u00e2ne.<\/strong><\/p>\n<p class=\" wall-content\">Les photos transmises par la \u00ab\u2009touriste\u2009\u00bb ont permis de faire <strong>un autre lien avec les \u00ab\u2009v\u00eatements\u2009\u00bb port\u00e9s par Saraba et Banffa<\/strong>, reconnus par cette seconde victime. Banffa a reconnu sa pr\u00e9sence sur ces faits, il sera donc jug\u00e9 pour \u00ab\u2009tentative de meurtre\u2009\u00bb pour les seuls faits de Saint-Jacques-de-la-Lande.<\/p>\n<p class=\" wall-content\">Mais la qualification criminelle sera contest\u00e9e par son avocate Me Gwendoline Tenier\u2009: il n\u2019a <strong>jamais \u00ab\u2009cess\u00e9 de clamer son innocence\u2009\u00bb<\/strong> alors que sa cellule avait \u00e9t\u00e9 sonoris\u00e9e \u00e0 compter du 8\u00a0avril 2021. Dans des conversations, il s\u2019\u00e9tait mis \u00e0 expliquer qu\u2019un \u00ab\u2009poto\u2009\u00bb \u2013 qui \u00e9tait le v\u00e9ritable coupable, selon lui \u2013 \u00e9tait venu en bas de chez lui, <strong>lui demandant de garder sa doudoune juste apr\u00e8s les faits<\/strong>. Par \u00ab\u2009honneur\u2009\u00bb, il expliquait alors \u00e0 son interlocuteur qu\u2019il ne r\u00e9v\u00e8lerait jamais le nom de cet \u00ab\u2009ami tr\u00e8s proche\u2009\u00bb.<\/p>\n<p>Un troisi\u00e8me accus\u00e9<\/p>\n<p class=\" wall-content\">Or l\u2019ADN d\u2019un certain <strong>Lansana<\/strong> a effectivement \u00e9t\u00e9 d\u00e9couvert \u00ab\u2009sur le poignet droit et l\u2019int\u00e9rieur du col\u2009\u00bb de la doudoune saisie chez Banffa, ami de ce dernier et de Saraba, laissant \u00e0 penser \u00e0 la juge d\u2019instruction <strong>qu\u2019il \u00e9tait \u00ab\u2009sans doute possible\u2009\u00bb le v\u00e9ritable \u00ab\u2009accompagnateur\u2009\u00bb<\/strong> \u2013 et donc \u00ab\u2009complice\u2009\u00bb \u2013 de Saraba.<\/p>\n<p class=\" wall-content\">Saraba et Lansana compara\u00eetront d\u00e9tenus\u2009: les avocats de Lansana, Me Camille Ernstberger et Me William Pineau, <strong>plaideront l\u2019acquittement,<\/strong> puisque leur client a \u00ab\u2009toujours indiqu\u00e9 qu\u2019il n\u2019avait rien \u00e0 voir, de pr\u00e8s ou de loin, avec les circonstances de la mort de Khamzat Labazanov\u2009\u00bb.<\/p>\n<p class=\" wall-content\">Quant \u00e0 Banffa, nul ne sait s\u2019il assistera \u00e0 son propre proc\u00e8s\u2009: il est \u00ab\u2009en fuite\u2009\u00bb et sous le coup d\u2019un mandat d\u2019arr\u00eat depuis un an. Tous encourent th\u00e9oriquement<strong> entre 30\u00a0ans de prison et la r\u00e9clusion criminelle \u00e0 la perp\u00e9tuit\u00e9<\/strong>.<\/p>\n<p class=\" wall-content\"><strong>CB (PressPepper)<\/strong><\/p>\n<p class=\" wall-content\">Personnalisez votre actualit\u00e9 en ajoutant vos villes et m\u00e9dias en favori avec <a href=\"https:\/\/moncompte.actu.fr\" title=\"D\u00e9couvez Mon Actu\" rel=\"nofollow noopener\" data-trk=\"{&quot;cta&quot;:{&quot;action&quot;:&quot;https:\\\/\\\/moncompte.actu.fr&quot;,&quot;category&quot;:&quot;mon compte&quot;,&quot;from&quot;:&quot;article footer&quot;,&quot;name&quot;:&quot;Mon actu&quot;,&quot;type&quot;:&quot;cta&quot;}}\" target=\"_blank\">Mon Actu<\/a>.<\/p>\n","protected":false},"excerpt":{"rendered":"Par R\u00e9daction Rennes Publi\u00e9 le 26 sept. 2025 \u00e0 8h37 Trois hommes de 24 et 26\u00a0ans compara\u00eetront, \u00e0&hellip;\n","protected":false},"author":2,"featured_media":418432,"comment_status":"","ping_status":"","sticky":false,"template":"","format":"standard","meta":{"footnotes":""},"categories":[2821],"tags":[1111,11,829,1052,1777,674,118,1011,27,303,12,1072,584,25],"class_list":{"0":"post-418431","1":"post","2":"type-post","3":"status-publish","4":"format-standard","5":"has-post-thumbnail","7":"category-rennes","8":"tag-actu","9":"tag-actualites","10":"tag-bretagne","11":"tag-drogue","12":"tag-eu","13":"tag-europe","14":"tag-faits-divers","15":"tag-fr","16":"tag-france","17":"tag-justice","18":"tag-news","19":"tag-police","20":"tag-rennes","21":"tag-republique-francaise"},"share_on_mastodon":{"url":"https:\/\/pubeurope.com\/@fr\/115269520770015582","error":""},"_links":{"self":[{"href":"https:\/\/www.europesays.com\/fr\/wp-json\/wp\/v2\/posts\/418431","targetHints":{"allow":["GET"]}}],"collection":[{"href":"https:\/\/www.europesays.com\/fr\/wp-json\/wp\/v2\/posts"}],"about":[{"href":"https:\/\/www.europesays.com\/fr\/wp-json\/wp\/v2\/types\/post"}],"author":[{"embeddable":true,"href":"https:\/\/www.europesays.com\/fr\/wp-json\/wp\/v2\/users\/2"}],"replies":[{"embeddable":true,"href":"https:\/\/www.europesays.com\/fr\/wp-json\/wp\/v2\/comments?post=418431"}],"version-history":[{"count":0,"href":"https:\/\/www.europesays.com\/fr\/wp-json\/wp\/v2\/posts\/418431\/revisions"}],"wp:featuredmedia":[{"embeddable":true,"href":"https:\/\/www.europesays.com\/fr\/wp-json\/wp\/v2\/media\/418432"}],"wp:attachment":[{"href":"https:\/\/www.europesays.com\/fr\/wp-json\/wp\/v2\/media?parent=418431"}],"wp:term":[{"taxonomy":"category","embeddable":true,"href":"https:\/\/www.europesays.com\/fr\/wp-json\/wp\/v2\/categories?post=418431"},{"taxonomy":"post_tag","embeddable":true,"href":"https:\/\/www.europesays.com\/fr\/wp-json\/wp\/v2\/tags?post=418431"}],"curies":[{"name":"wp","href":"https:\/\/api.w.org\/{rel}","templated":true}]}}