{"id":418433,"date":"2025-09-26T07:54:12","date_gmt":"2025-09-26T07:54:12","guid":{"rendered":"https:\/\/www.europesays.com\/fr\/418433\/"},"modified":"2025-09-26T07:54:12","modified_gmt":"2025-09-26T07:54:12","slug":"une-operation-de-controle-au-marche-gare-de-strasbourg","status":"publish","type":"post","link":"https:\/\/www.europesays.com\/fr\/418433\/","title":{"rendered":"une op\u00e9ration de \u00ab\u00a0contr\u00f4le\u00a0\u00bb au March\u00e9 gare de Strasbourg"},"content":{"rendered":"<p>L&rsquo;op\u00e9ration de contr\u00f4le se poursuit devant le march\u00e9 gare, jusqu&rsquo;\u00e0 9h heure \u00e0 laquelle le trafic de marchandises cesse. Les agriculteurs pr\u00e9parent une omelette g\u00e9ante avec des \u0153ufs alsaciens.<\/p>\n<p>Les camions frigorifique transportant des produits congel\u00e9s ne sont pas contr\u00f4l\u00e9s pour des raisons sanitaires.\u00a0 Des camions ont fait demi-tour \u00e0\u00a0 proximit\u00e9 du march\u00e9 pour \u00e9viter le contr\u00f4le des agriculteurs \u00ab\u00a0parce qu&rsquo;ils ont de la merde \u00e0 l&rsquo;int\u00e9rieur\u00a0\u00bb. D&rsquo;autres patientent sur des aires de repos d&rsquo;autoroute en attendant la fin des contr\u00f4les, indiquent des manifestants.<\/p>\n<p>Les contr\u00f4les se poursuivent pour les camions entrants ou sortants. Selon l&rsquo;origine de la cargaison, les manifestants collent sur les palettes des \u00e9tiquettes vertes ou rouges. Vert : origine France, soutien \u00e0 la transparence de l&rsquo;origine. \u00c9tiquette rouge : produits import\u00e9s, non conformes \u00e0 nos normes, concurrence d\u00e9loyale.<\/p>\n<p>Les\u00a0 chauffeurs routiers se plient de bonne gr\u00e2ce aux contr\u00f4les. Seul un routier s&rsquo;est \u00e9nerv\u00e9 alors qu&rsquo;il transporte des produits fran\u00e7ais.\u00a0 Pr\u00e9sente sur place, la police lui a demand\u00e9 de garder son calme.<\/p>\n","protected":false},"excerpt":{"rendered":"L&rsquo;op\u00e9ration de contr\u00f4le se poursuit devant le march\u00e9 gare, jusqu&rsquo;\u00e0 9h heure \u00e0 laquelle le trafic de marchandises&hellip;\n","protected":false},"author":2,"featured_media":418434,"comment_status":"","ping_status":"","sticky":false,"template":"","format":"standard","meta":{"footnotes":""},"categories":[2820],"tags":[1111,11,327,2880,1777,674,107,1011,27,775,12,25,640],"class_list":{"0":"post-418433","1":"post","2":"type-post","3":"status-publish","4":"format-standard","5":"has-post-thumbnail","7":"category-strasbourg","8":"tag-actu","9":"tag-actualites","10":"tag-agriculture","11":"tag-edition-strasbourg","12":"tag-eu","13":"tag-europe","14":"tag-fil-info","15":"tag-fr","16":"tag-france","17":"tag-grand-est","18":"tag-news","19":"tag-republique-francaise","20":"tag-strasbourg"},"share_on_mastodon":{"url":"https:\/\/pubeurope.com\/@fr\/115269524763283942","error":""},"_links":{"self":[{"href":"https:\/\/www.europesays.com\/fr\/wp-json\/wp\/v2\/posts\/418433","targetHints":{"allow":["GET"]}}],"collection":[{"href":"https:\/\/www.europesays.com\/fr\/wp-json\/wp\/v2\/posts"}],"about":[{"href":"https:\/\/www.europesays.com\/fr\/wp-json\/wp\/v2\/types\/post"}],"author":[{"embeddable":true,"href":"https:\/\/www.europesays.com\/fr\/wp-json\/wp\/v2\/users\/2"}],"replies":[{"embeddable":true,"href":"https:\/\/www.europesays.com\/fr\/wp-json\/wp\/v2\/comments?post=418433"}],"version-history":[{"count":0,"href":"https:\/\/www.europesays.com\/fr\/wp-json\/wp\/v2\/posts\/418433\/revisions"}],"wp:featuredmedia":[{"embeddable":true,"href":"https:\/\/www.europesays.com\/fr\/wp-json\/wp\/v2\/media\/418434"}],"wp:attachment":[{"href":"https:\/\/www.europesays.com\/fr\/wp-json\/wp\/v2\/media?parent=418433"}],"wp:term":[{"taxonomy":"category","embeddable":true,"href":"https:\/\/www.europesays.com\/fr\/wp-json\/wp\/v2\/categories?post=418433"},{"taxonomy":"post_tag","embeddable":true,"href":"https:\/\/www.europesays.com\/fr\/wp-json\/wp\/v2\/tags?post=418433"}],"curies":[{"name":"wp","href":"https:\/\/api.w.org\/{rel}","templated":true}]}}