{"id":418439,"date":"2025-09-26T07:57:10","date_gmt":"2025-09-26T07:57:10","guid":{"rendered":"https:\/\/www.europesays.com\/fr\/418439\/"},"modified":"2025-09-26T07:57:10","modified_gmt":"2025-09-26T07:57:10","slug":"le-djihadiste-francais-qui-avait-revendique-lattentat-de-nice-juge-en-irak","status":"publish","type":"post","link":"https:\/\/www.europesays.com\/fr\/418439\/","title":{"rendered":"Le djihadiste fran\u00e7ais qui avait revendiqu\u00e9 l&rsquo;attentat de Nice jug\u00e9 en Irak"},"content":{"rendered":"<p>            Par<br \/>\n        <strong><br \/>\n            <a href=\"https:\/\/actu.fr\/auteur\/ugo-maillard\" title=\"Consulter tous les articles de Ugo Maillard\" target=\"_blank\" rel=\"noopener\">Ugo Maillard<\/a><br \/>\n        <\/strong><\/p>\n<p>        Publi\u00e9 le<\/p>\n<p>            26 sept. 2025 \u00e0 9h46        <\/p>\n<p>Le djihadiste fran\u00e7ais <strong>Adrien Guihal<\/strong>, qui avait revendiqu\u00e9 au nom du groupe \u00c9tat islamique l\u2019attentat meurtrier de <a href=\"https:\/\/actu.fr\/nice\/\" target=\"_blank\" rel=\"noopener\">Nice<\/a> en juillet\u00a02016, <strong>sera jug\u00e9 en Irak<\/strong> aux c\u00f4t\u00e9s de 46 ressortissants fran\u00e7ais r\u00e9cemment transf\u00e9r\u00e9s de Syrie, a annonc\u00e9 jeudi une source irakienne proche de l\u2019enqu\u00eate.<\/p>\n<p class=\" wall-content\">Ce djihadiste connu des autorit\u00e9s fran\u00e7aises, vis\u00e9 par un mandat d\u2019arr\u00eat international depuis 2015, avait notamment pr\u00eat\u00e9 sa voix \u00e0 la revendication audio de l\u2019attentat de Nice, qui a fait <strong>86 morts le 14\u00a0juillet 2016<\/strong>, jour la F\u00eate nationale, dans cette ville du sud de la France.<\/p>\n<p class=\" wall-content\">C\u2019est aussi par sa voix que l\u2019EI a revendiqu\u00e9 l\u2019assassinat \u00e0 Magnanville, pr\u00e8s de Paris, d\u2019un couple de policiers en juin\u00a02016.<\/p>\n<p>46 autres Fran\u00e7ais jug\u00e9s<\/p>\n<p class=\" wall-content\">\u00ab\u2009Adrien Guihal, alias Abou Oussama al-Faransi, fait toujours l\u2019objet d\u2019une enqu\u00eate\u2009\u00bb et a \u00e9t\u00e9 transf\u00e9r\u00e9 en Irak \u00ab\u2009il y a deux mois avec 46 autres Fran\u00e7ais qui seront jug\u00e9s ici\u2009\u00bb, a d\u00e9clar\u00e9 \u00e0 l\u2019AFP cette source s\u2019exprimant sous couvert de l\u2019anonymat.<\/p>\n<p class=\" wall-content\">Adrien Guihal, n\u00e9 le 23\u00a0mai 1983, est consid\u00e9r\u00e9 comme <strong>l\u2019un des membres fran\u00e7ais les plus dangereux du groupe \u00c9tat islamique<\/strong>, qui s\u2019\u00e9tait empar\u00e9 de vastes territoires en Irak et en Syrie avant de s\u2019effondrer en 2019.<\/p>\n<p>Il demande un rapatriement en France<\/p>\n<p class=\" wall-content\">Il avait rejoint l\u2019EI en 2015 avant d\u2019\u00eatre arr\u00eat\u00e9 en mai\u00a02018 \u00e0 Raqa, en Syrie, dont l\u2019EI avait fait la capitale de son \u00ab\u2009califat\u2009\u00bb transfrontalier proclam\u00e9 en 2104. Il a pass\u00e9 plusieurs ann\u00e9es dans des prisons kurdes en Syrie avant d\u2019\u00eatre transf\u00e9r\u00e9 en juillet en Irak en compagnie de 46 autres Fran\u00e7ais vis\u00e9s par des enqu\u00eates pour leur implication pr\u00e9sum\u00e9e dans des crimes commis par l\u2019EI.<\/p>\n<p class=\" wall-content\">\u00ab\u2009Il n\u2019y a aucune logique \u00e0 ce qu\u2019Adrien Guihal soit jug\u00e9 en Irak, o\u00f9 il n\u2019a jamais mis les pieds\u2009\u00bb, a r\u00e9agi aupr\u00e8s de l\u2019AFP \u00c9tienne Mangeot, l\u2019avocat fran\u00e7ais qui le repr\u00e9sente ainsi que sa m\u00e8re.<\/p>\n<p>Votre r\u00e9gion, votre actu !<\/p>\n<p>Recevez chaque jour les infos qui comptent pour vous.<\/p>\n<p>\t<a href=\"https:\/\/actu.fr\/newsletter\" class=\"ac-btn ac-btn--corner ac-btn--medium ac-btn--blue800\" target=\"_blank\" rel=\"noopener\">S&rsquo;incrire<\/a><\/p>\n<p class=\" wall-content\">Ce transfert, dont la famille n\u2019a pas \u00e9t\u00e9 inform\u00e9e officiellement, \u00ab\u2009donne l\u2019impression que la France sous-traite les op\u00e9rations de jugement \u00e0 un \u00c9tat tiers o\u00f9 la peine de mort est en vigueur et qui ne respecte pas les droits fondamentaux\u2009\u00bb, insiste-t-il.<\/p>\n<p class=\" wall-content\">\u00ab\u2009Un rapatriement\u2009\u00bb, d\u00e9j\u00e0 demand\u00e9 en vain par la famille, \u00ab\u2009est plus que jamais la seule fa\u00e7on de le juger dans le respect de ses droits et libert\u00e9s\u2009\u00bb.<\/p>\n<p>Leur appartenance au groupe jihadiste \u00ab\u2009a \u00e9t\u00e9 prouv\u00e9e\u2009\u00bb<\/p>\n<p class=\" wall-content\">De son c\u00f4t\u00e9, la source irakienne a pr\u00e9cis\u00e9 que \u00ab\u2009les interrogatoires des 47 ressortissants fran\u00e7ais se poursuivent\u2009\u00bb, ajoutant que leur appartenance au groupe djihadiste \u00ab\u2009a \u00e9t\u00e9 prouv\u00e9e\u2009\u00bb.<\/p>\n<p class=\" wall-content\">La semaine derni\u00e8re, les services de renseignement irakiens avaient annonc\u00e9 que les suspects \u00e9taient \u00ab\u2009recherch\u00e9s par la justice irakienne pour leur implication dans des crimes terroristes commis en Irak\u2009\u00bb.<\/p>\n<p class=\" wall-content\">Les tribunaux irakiens ont prononc\u00e9 <strong>des centaines de condamnations \u00e0 mort<\/strong> et de peines de prison \u00e0 perp\u00e9tuit\u00e9 contre des personnes reconnues coupables de \u00ab\u2009terrorisme\u2009\u00bb, y compris des centaines de combattants \u00e9trangers de l\u2019EI, dont certains captur\u00e9s en Syrie et transf\u00e9r\u00e9s de l\u2019autre c\u00f4t\u00e9 de la fronti\u00e8re.<\/p>\n<p>11 Fran\u00e7ais d\u00e9j\u00e0 condamn\u00e9 \u00e0 la perp\u00e9tuit\u00e9<\/p>\n<p class=\" wall-content\">En 2019, ils ont condamn\u00e9 \u00e0 mort 11 ressortissants fran\u00e7ais, dont la peine a \u00e9t\u00e9 commu\u00e9e en appel en prison \u00e0 perp\u00e9tuit\u00e9, selon une source judiciaire. Des groupes de d\u00e9fense des droits humains ont d\u00e9nonc\u00e9 le caract\u00e8re pr\u00e9cipit\u00e9 de ces proc\u00e8s pour \u00ab\u2009terrorisme\u2009\u00bb.<\/p>\n<p class=\" wall-content\">En Irak, o\u00f9 il existe encore des fosses communes, de nombreux t\u00e9moignages sur les violences commises par l\u2019EI doivent encore \u00eatre recueillis. En 2024, apr\u00e8s la fin de la mission d\u2019enqu\u00eate des Nations unies sur ces crimes, l\u2019Irak a cr\u00e9\u00e9 un Centre national pour la coop\u00e9ration judiciaire internationale, charg\u00e9 de documenter les crimes du groupe djihadiste et d\u2019assurer la coordination avec les diff\u00e9rents pays concern\u00e9s.<\/p>\n<p class=\" wall-content\">En France, un pays qui fut la cible des jihadistes au cours de la d\u00e9cennie pass\u00e9e, le rapatriement des suspects et de leur famille reste un sujet tr\u00e8s sensible. <strong>Paris a seulement rapatri\u00e9 jusqu\u2019\u00e0 pr\u00e9sent 179\u00a0enfants et 60 femmes,<\/strong> dont la plupart \u00e9taient d\u00e9tenus dans des camps en Syrie.<\/p>\n<p class=\" wall-content\">Originaire de Seine-Saint-Denis, pr\u00e8s de Paris, converti \u00e0 l\u2019islam en 2002, Adrien Guihal avait \u00e9t\u00e9 arr\u00eat\u00e9 six ans plus tard pour un projet d\u2019attentat contre le b\u00e2timent des renseignements g\u00e9n\u00e9raux \u00e0 Paris. \u00c0 sa sortie de prison, en 2012, il avait codirig\u00e9 un garage automobile en r\u00e9gion parisienne, fr\u00e9quent\u00e9 par d\u2019autres djihadistes.<\/p>\n<p class=\" wall-content\"><strong>AVEC AFP<\/strong><\/p>\n<p class=\" wall-content\">Personnalisez votre actualit\u00e9 en ajoutant vos villes et m\u00e9dias en favori avec <a href=\"https:\/\/moncompte.actu.fr\" title=\"D\u00e9couvez Mon Actu\" rel=\"nofollow noopener\" data-trk=\"{&quot;cta&quot;:{&quot;action&quot;:&quot;https:\\\/\\\/moncompte.actu.fr&quot;,&quot;category&quot;:&quot;mon compte&quot;,&quot;from&quot;:&quot;article footer&quot;,&quot;name&quot;:&quot;Mon actu&quot;,&quot;type&quot;:&quot;cta&quot;}}\" target=\"_blank\">Mon Actu<\/a>.<\/p>\n","protected":false},"excerpt":{"rendered":"Par Ugo Maillard Publi\u00e9 le 26 sept. 2025 \u00e0 9h46 Le djihadiste fran\u00e7ais Adrien Guihal, qui avait revendiqu\u00e9&hellip;\n","protected":false},"author":2,"featured_media":418440,"comment_status":"","ping_status":"","sticky":false,"template":"","format":"standard","meta":{"footnotes":""},"categories":[2819],"tags":[1111,11,1777,674,118,1011,27,303,12,2401,882,25,1254],"class_list":{"0":"post-418439","1":"post","2":"type-post","3":"status-publish","4":"format-standard","5":"has-post-thumbnail","7":"category-nice","8":"tag-actu","9":"tag-actualites","10":"tag-eu","11":"tag-europe","12":"tag-faits-divers","13":"tag-fr","14":"tag-france","15":"tag-justice","16":"tag-news","17":"tag-nice","18":"tag-provence-alpes-cote-dazur","19":"tag-republique-francaise","20":"tag-terrorisme"},"share_on_mastodon":{"url":"https:\/\/pubeurope.com\/@fr\/115269536558995658","error":""},"_links":{"self":[{"href":"https:\/\/www.europesays.com\/fr\/wp-json\/wp\/v2\/posts\/418439","targetHints":{"allow":["GET"]}}],"collection":[{"href":"https:\/\/www.europesays.com\/fr\/wp-json\/wp\/v2\/posts"}],"about":[{"href":"https:\/\/www.europesays.com\/fr\/wp-json\/wp\/v2\/types\/post"}],"author":[{"embeddable":true,"href":"https:\/\/www.europesays.com\/fr\/wp-json\/wp\/v2\/users\/2"}],"replies":[{"embeddable":true,"href":"https:\/\/www.europesays.com\/fr\/wp-json\/wp\/v2\/comments?post=418439"}],"version-history":[{"count":0,"href":"https:\/\/www.europesays.com\/fr\/wp-json\/wp\/v2\/posts\/418439\/revisions"}],"wp:featuredmedia":[{"embeddable":true,"href":"https:\/\/www.europesays.com\/fr\/wp-json\/wp\/v2\/media\/418440"}],"wp:attachment":[{"href":"https:\/\/www.europesays.com\/fr\/wp-json\/wp\/v2\/media?parent=418439"}],"wp:term":[{"taxonomy":"category","embeddable":true,"href":"https:\/\/www.europesays.com\/fr\/wp-json\/wp\/v2\/categories?post=418439"},{"taxonomy":"post_tag","embeddable":true,"href":"https:\/\/www.europesays.com\/fr\/wp-json\/wp\/v2\/tags?post=418439"}],"curies":[{"name":"wp","href":"https:\/\/api.w.org\/{rel}","templated":true}]}}