{"id":418441,"date":"2025-09-26T07:58:43","date_gmt":"2025-09-26T07:58:43","guid":{"rendered":"https:\/\/www.europesays.com\/fr\/418441\/"},"modified":"2025-09-26T07:58:43","modified_gmt":"2025-09-26T07:58:43","slug":"un-surveillant-agresse-avec-un-couteau-a-beurre-a-la-maison-darret-de-nantes-carquefou","status":"publish","type":"post","link":"https:\/\/www.europesays.com\/fr\/418441\/","title":{"rendered":"Un surveillant agress\u00e9 avec un couteau \u00e0 beurre \u00e0 la maison d\u2019arr\u00eat de Nantes Carquefou"},"content":{"rendered":"<p>Le suspect aurait profit\u00e9 de la pause du repas pour commettre son agression.<\/p>\n<p>Durant le week-end du samedi\u00a013 et dimanche 14\u00a0septembre 2025 \u00e0 la maison d\u2019arr\u00eat de Nantes Carquefou, un surveillant p\u00e9nitentiaire apporte \u00e0 manger \u00e0 un d\u00e9tenu. Alors qu\u2019il p\u00e9n\u00e8tre dans la cellule, le premier est agress\u00e9 et bless\u00e9 au thorax. C\u2019est un couteau \u00e0 beurre, dont on ignore comment il a \u00e9t\u00e9 r\u00e9cup\u00e9r\u00e9 par le mis en cause, qui aurait servi lors des violences.<\/p>\n<p>Le suspect doit compara\u00eetre jeudi apr\u00e8s-midi<\/p>\n<p>D\u00e9f\u00e9r\u00e9 au parquet de Nantes mercredi 24\u00a0septembre 2025, le d\u00e9tenu poursuivi pour ces faits doit \u00eatre jug\u00e9 en comparution imm\u00e9diate, jeudi 25\u00a0septembre au tribunal correctionnel.<\/p>\n<p>\u00a0<\/p>\n","protected":false},"excerpt":{"rendered":"Le suspect aurait profit\u00e9 de la pause du repas pour commettre son agression. Durant le week-end du samedi\u00a013&hellip;\n","protected":false},"author":2,"featured_media":418442,"comment_status":"","ping_status":"","sticky":false,"template":"","format":"standard","meta":{"footnotes":""},"categories":[2818],"tags":[1111,11,8058,16433,25567,3862,5264,1777,674,1011,27,2142,766,12,2636,25,37461],"class_list":{"0":"post-418441","1":"post","2":"type-post","3":"status-publish","4":"format-standard","5":"has-post-thumbnail","7":"category-nantes","8":"tag-actu","9":"tag-actualites","10":"tag-agresse","11":"tag-arret","12":"tag-beurre","13":"tag-carquefou","14":"tag-couteau","15":"tag-eu","16":"tag-europe","17":"tag-fr","18":"tag-france","19":"tag-maison","20":"tag-nantes","21":"tag-news","22":"tag-pays-de-la-loire","23":"tag-republique-francaise","24":"tag-surveillant"},"share_on_mastodon":{"url":"https:\/\/pubeurope.com\/@fr\/115269540534556305","error":""},"_links":{"self":[{"href":"https:\/\/www.europesays.com\/fr\/wp-json\/wp\/v2\/posts\/418441","targetHints":{"allow":["GET"]}}],"collection":[{"href":"https:\/\/www.europesays.com\/fr\/wp-json\/wp\/v2\/posts"}],"about":[{"href":"https:\/\/www.europesays.com\/fr\/wp-json\/wp\/v2\/types\/post"}],"author":[{"embeddable":true,"href":"https:\/\/www.europesays.com\/fr\/wp-json\/wp\/v2\/users\/2"}],"replies":[{"embeddable":true,"href":"https:\/\/www.europesays.com\/fr\/wp-json\/wp\/v2\/comments?post=418441"}],"version-history":[{"count":0,"href":"https:\/\/www.europesays.com\/fr\/wp-json\/wp\/v2\/posts\/418441\/revisions"}],"wp:featuredmedia":[{"embeddable":true,"href":"https:\/\/www.europesays.com\/fr\/wp-json\/wp\/v2\/media\/418442"}],"wp:attachment":[{"href":"https:\/\/www.europesays.com\/fr\/wp-json\/wp\/v2\/media?parent=418441"}],"wp:term":[{"taxonomy":"category","embeddable":true,"href":"https:\/\/www.europesays.com\/fr\/wp-json\/wp\/v2\/categories?post=418441"},{"taxonomy":"post_tag","embeddable":true,"href":"https:\/\/www.europesays.com\/fr\/wp-json\/wp\/v2\/tags?post=418441"}],"curies":[{"name":"wp","href":"https:\/\/api.w.org\/{rel}","templated":true}]}}