{"id":418453,"date":"2025-09-26T08:04:11","date_gmt":"2025-09-26T08:04:11","guid":{"rendered":"https:\/\/www.europesays.com\/fr\/418453\/"},"modified":"2025-09-26T08:04:11","modified_gmt":"2025-09-26T08:04:11","slug":"revelations-sur-le-sondage-a-lorigine-du-desistement-du-socialiste-roger-vicot","status":"publish","type":"post","link":"https:\/\/www.europesays.com\/fr\/418453\/","title":{"rendered":"r\u00e9v\u00e9lations sur le sondage \u00e0 l\u2019origine du d\u00e9sistement du socialiste Roger Vicot"},"content":{"rendered":"<p>C\u2019est le premier sondage de la campagne municipale lilloise. D\u00e9voil\u00e9 en partie par <a href=\"https:\/\/www.lavoixdunord.fr\/1628122\/article\/2025-09-23\/municipales-2026-quelles-intentions-de-vote-au-premier-tour-voici-les-resultats?email=lille@mediacites.fr\" target=\"_blank\" rel=\"noopener\">La Voix du Nord<\/a>, cette enqu\u00eate, command\u00e9e par le Parti socialiste pour \u00e9viter un duel fratricide entre Arnaud Deslandes et Roger Vicot pour l\u2019investiture socialiste, a atteint son objectif. \u00ab\u202fJe m\u2019\u00e9tais engag\u00e9 \u00e0 retirer ma candidature si je me retrouvais derri\u00e8re Arnaud Deslandes. Je retire donc ma candidature, a annonc\u00e9 le d\u00e9put\u00e9 Roger Vicot lundi matin, devant la presse. Je suis derri\u00e8re, c\u2019est un fait incontestable.\u202f\u00bb<\/p>\n<p>Une version de l\u2019enqu\u00eate \u00e9tait publi\u00e9e le lendemain par le quotidien r\u00e9gional mais expurg\u00e9e des r\u00e9sultats du d\u00e9put\u00e9. Mediacit\u00e9s s\u2019est procur\u00e9 le sondage dans son int\u00e9gralit\u00e9\u00a0: Roger Vicot y est devanc\u00e9 par Arnaud Deslandes \u00e0 la fois dans les intentions de vote et aussi en termes de notori\u00e9t\u00e9 et de popularit\u00e9.<\/p>\n<p>\u00ab\u202fNous sommes certes \u00e0 cinq mois des municipales mais je suis un militant socialiste depuis tr\u00e8s longtemps. Je f\u00eaterai mes quarante ans de PS en mars et je consid\u00e8re aujourd\u2019hui que la bataille pour la mairie va \u00eatre rude, comme toutes les batailles \u00e9lectorales, mais je ne veux \u00e0 ce moment de l\u2019histoire, en septembre 2025, ne faire prendre aucun risque au PS, au beffroi et \u00e0 la ville de Lille\u202f\u00bb, s\u2019est expliqu\u00e9 Roger Vicot le jour de l\u2019annonce de son d\u00e9sistement, sans pour autant d\u00e9voiler les r\u00e9sultats pr\u00e9cis de l\u2019enqu\u00eate.<br \/>Deux sc\u00e9narios envisag\u00e9s par l\u2019Ifop<br \/>Le premier sc\u00e9nario test\u00e9 par l\u2019Ifop \u2026<\/p>\n<p>Nous vous offrons l\u2019acc\u00e8s \u00e0 cet article<\/p>\n<p>Et \u00e0 toutes nos enqu\u00eates pendant deux jours\u00a0\u00a0! <br \/>Oui, on est g\u00e9n\u00e9reux \ud83d\ude09 Mais pensez aussi \u00e0 <a href=\"https:\/\/www.mediacites.fr\/sabonner\/\" target=\"_blank\" style=\"color:#fff\" rel=\"noopener\">vous abonner<\/a>\u00a0\u00a0!<\/p>\n<p>\t\tEn renseignant votre adresse, vous acceptez nos <a href=\"https:\/\/www.mediacites.fr\/conditions-generales-d-utilisation\/\" target=\"_blank\" rel=\"noopener\">conditions g\u00e9n\u00e9rales d\u2019utilisation<\/a>. <br \/>Mediacit\u00e9s s\u2019engage \u00e0 ne pas c\u00e9der votre adresse \u00e0 des tiers. En cas d\u2019\u00e9chec, \u00e9crivez \u00e0 <a href=\"https:\/\/www.mediacites.fr\/enquete\/lille\/2025\/09\/26\/municipales-a-lille-revelations-sur-le-sondage-a-lorigine-du-desistement-du-socialiste-roger-vicot\/mailto:contact@mediacites.fr\" target=\"_blank\" rel=\"noopener\">contact@mediacites.fr<\/a><\/p>\n<ul>\n<li>J\u2019acc\u00e8de aux 4 \u00e9ditions de Mediacit\u00e9s (Lille, Lyon, Nantes et Toulouse)<\/li>\n<li>Je d\u00e9couvre un m\u00e9dia 100 % ind\u00e9pendant, avec 0 % de publicit\u00e9<\/li>\n<\/ul>\n<p>Envie de lire la\u00a0suite\u202f?<\/p>\n<p class=\"price\">1\u20ac le premier mois<\/p>\n<p class=\"description\">Puis 7,90\u20ac par\u00a0mois<\/p>\n<p><a class=\"button button--green\" href=\"https:\/\/www.mediacites.fr\/sabonner\/?sub=55\" style=\"margin-top:22px;font-size:13px;\" target=\"_blank\" rel=\"noopener\">Je teste\u202f! <\/a><\/p>\n<ul>\n<li>Acc\u00e8s aux 4 \u00e9ditions de Mediacit\u00e9s (Lille, Lyon, Nantes et Toulouse)<\/li>\n<li>100 % ind\u00e9pendant, avec 0 % de publicit\u00e9<\/li>\n<li>R\u00e9siliation facile \u00e0 tout moment<\/li>\n<\/ul>\n<p>Mediacit\u00e9s offre l\u2019acc\u00e8s \u00e0 cet article aux lecteurs de News2Com<\/p>\n<p>Et \u00e0 toutes nos enqu\u00eates pendant deux jours\u00a0\u00a0! <br \/>Oui, on est g\u00e9n\u00e9reux \ud83d\ude09 Mais pensez aussi \u00e0 <a href=\"https:\/\/www.mediacites.fr\/sabonner\/\" target=\"_blank\" style=\"color:#fff\" rel=\"noopener\">vous abonner<\/a>\u00a0\u00a0!<\/p>\n<p>\t\tEn renseignant votre adresse, vous acceptez nos <a href=\"https:\/\/www.mediacites.fr\/conditions-generales-d-utilisation\/\" target=\"_blank\" rel=\"noopener\">conditions g\u00e9n\u00e9rales d\u2019utilisation<\/a>. <br \/>Mediacit\u00e9s s\u2019engage \u00e0 ne pas c\u00e9der votre adresse \u00e0 des tiers. En cas d\u2019\u00e9chec, \u00e9crivez \u00e0 <a href=\"https:\/\/www.mediacites.fr\/enquete\/lille\/2025\/09\/26\/municipales-a-lille-revelations-sur-le-sondage-a-lorigine-du-desistement-du-socialiste-roger-vicot\/mailto:contact@mediacites.fr\" target=\"_blank\" rel=\"noopener\">contact@mediacites.fr<\/a><\/p>\n<ul>\n<li>J\u2019acc\u00e8de aux 4 \u00e9ditions de Mediacit\u00e9s (Lille, Lyon, Nantes et Toulouse)<\/li>\n<li>Je d\u00e9couvre un m\u00e9dia 100 % ind\u00e9pendant, avec 0 % de publicit\u00e9<\/li>\n<\/ul>\n","protected":false},"excerpt":{"rendered":"C\u2019est le premier sondage de la campagne municipale lilloise. D\u00e9voil\u00e9 en partie par La Voix du Nord, cette&hellip;\n","protected":false},"author":2,"featured_media":418454,"comment_status":"","ping_status":"","sticky":false,"template":"","format":"standard","meta":{"footnotes":""},"categories":[2815],"tags":[1111,11,54232,1067,1777,674,1011,27,811,1307,3434,12,3541,25,54233],"class_list":{"0":"post-418453","1":"post","2":"type-post","3":"status-publish","4":"format-standard","5":"has-post-thumbnail","7":"category-lille","8":"tag-actu","9":"tag-actualites","10":"tag-arnaud-deslandes","11":"tag-enquete","12":"tag-eu","13":"tag-europe","14":"tag-fr","15":"tag-france","16":"tag-hauts-de-france","17":"tag-lille","18":"tag-municipales-2026","19":"tag-news","20":"tag-parti-socialiste","21":"tag-republique-francaise","22":"tag-roger-vicot"},"share_on_mastodon":{"url":"https:\/\/pubeurope.com\/@fr\/115269564488352654","error":""},"_links":{"self":[{"href":"https:\/\/www.europesays.com\/fr\/wp-json\/wp\/v2\/posts\/418453","targetHints":{"allow":["GET"]}}],"collection":[{"href":"https:\/\/www.europesays.com\/fr\/wp-json\/wp\/v2\/posts"}],"about":[{"href":"https:\/\/www.europesays.com\/fr\/wp-json\/wp\/v2\/types\/post"}],"author":[{"embeddable":true,"href":"https:\/\/www.europesays.com\/fr\/wp-json\/wp\/v2\/users\/2"}],"replies":[{"embeddable":true,"href":"https:\/\/www.europesays.com\/fr\/wp-json\/wp\/v2\/comments?post=418453"}],"version-history":[{"count":0,"href":"https:\/\/www.europesays.com\/fr\/wp-json\/wp\/v2\/posts\/418453\/revisions"}],"wp:featuredmedia":[{"embeddable":true,"href":"https:\/\/www.europesays.com\/fr\/wp-json\/wp\/v2\/media\/418454"}],"wp:attachment":[{"href":"https:\/\/www.europesays.com\/fr\/wp-json\/wp\/v2\/media?parent=418453"}],"wp:term":[{"taxonomy":"category","embeddable":true,"href":"https:\/\/www.europesays.com\/fr\/wp-json\/wp\/v2\/categories?post=418453"},{"taxonomy":"post_tag","embeddable":true,"href":"https:\/\/www.europesays.com\/fr\/wp-json\/wp\/v2\/tags?post=418453"}],"curies":[{"name":"wp","href":"https:\/\/api.w.org\/{rel}","templated":true}]}}