{"id":418457,"date":"2025-09-26T08:06:25","date_gmt":"2025-09-26T08:06:25","guid":{"rendered":"https:\/\/www.europesays.com\/fr\/418457\/"},"modified":"2025-09-26T08:06:25","modified_gmt":"2025-09-26T08:06:25","slug":"un-accident-provoque-une-forte-retenue-sur-la50-a-lentree-de-marseille","status":"publish","type":"post","link":"https:\/\/www.europesays.com\/fr\/418457\/","title":{"rendered":"un accident provoque une forte retenue sur l&rsquo;A50 \u00e0 l&rsquo;entr\u00e9e de Marseille"},"content":{"rendered":"<p>Un camion et une voiture sont impliqu\u00e9s dans <a href=\"https:\/\/www.laprovence.com\/article\/faits-divers-justice\/898469719116314\/un-septuagenaire-mortellement-fauche-sur-la-d20-a-vitrolles-lautomobiliste-prend-la-fuite\" target=\"_blank\" rel=\"nofollow noopener\">un accident<\/a> qui a eu lieu ce vendredi matin sur l\u2019autoroute A50, \u00e0 hauteur du convergent avec l\u2019A501, et en direction de Marseille. Pr\u00e9cis\u00e9ment un peu avant d\u2019arriver \u00e0 la Penne sur Huveaune. Le choc s\u2019est produit sur la voie du milieu et deux voies sont ainsi neutralis\u00e9es \u00e0 la circulation de tous les v\u00e9hicules.<\/p>\n<p>Les pompiers (7 personnes et trois engins) des Bouches-du-Rh\u00f4ne et les patrouilleurs de la Direction interd\u00e9partementale des routes de M\u00e9diterran\u00e9e (Dirmed) sont sur place. Un homme de 45 ans a \u00e9t\u00e9 l\u00e9g\u00e8rement bless\u00e9, annoncent les secouristes. Deux bouchons sont en cours. L\u2019un remonte en direction de La Ciotat (A501\/A502), l\u2019autre en provenance du Pont de l\u2019\u00c9toile (A50).<\/p>\n<p>Une personne serait bless\u00e9e selon les secouristes. La zone est \u00e0 \u00e9viter si possible. Il est aussi important de ralentir sur cet axe pour ne pas provoquer de suraccident et ne pas mettre en danger les secouristes et les agents de la Dirmed, qui sont l\u00e0 pour votre s\u00e9curit\u00e9.<\/p>\n","protected":false},"excerpt":{"rendered":"Un camion et une voiture sont impliqu\u00e9s dans un accident qui a eu lieu ce vendredi matin sur&hellip;\n","protected":false},"author":2,"featured_media":418458,"comment_status":"","ping_status":"","sticky":false,"template":"","format":"standard","meta":{"footnotes":""},"categories":[2814],"tags":[17,119,1111,11,1102,1777,674,9212,1011,27,1922,884,12,882,7481,16,25,54813,1097,96],"class_list":{"0":"post-418457","1":"post","2":"type-post","3":"status-publish","4":"format-standard","5":"has-post-thumbnail","7":"category-marseille","8":"tag-17","9":"tag-accident","10":"tag-actu","11":"tag-actualites","12":"tag-breakingnews","13":"tag-eu","14":"tag-europe","15":"tag-forte","16":"tag-fr","17":"tag-france","18":"tag-info","19":"tag-marseille","20":"tag-news","21":"tag-provence-alpes-cote-dazur","22":"tag-provoque","23":"tag-region","24":"tag-republique-francaise","25":"tag-retenue","26":"tag-trafic","27":"tag-une"},"share_on_mastodon":{"url":"https:\/\/pubeurope.com\/@fr\/115269571836783386","error":""},"_links":{"self":[{"href":"https:\/\/www.europesays.com\/fr\/wp-json\/wp\/v2\/posts\/418457","targetHints":{"allow":["GET"]}}],"collection":[{"href":"https:\/\/www.europesays.com\/fr\/wp-json\/wp\/v2\/posts"}],"about":[{"href":"https:\/\/www.europesays.com\/fr\/wp-json\/wp\/v2\/types\/post"}],"author":[{"embeddable":true,"href":"https:\/\/www.europesays.com\/fr\/wp-json\/wp\/v2\/users\/2"}],"replies":[{"embeddable":true,"href":"https:\/\/www.europesays.com\/fr\/wp-json\/wp\/v2\/comments?post=418457"}],"version-history":[{"count":0,"href":"https:\/\/www.europesays.com\/fr\/wp-json\/wp\/v2\/posts\/418457\/revisions"}],"wp:featuredmedia":[{"embeddable":true,"href":"https:\/\/www.europesays.com\/fr\/wp-json\/wp\/v2\/media\/418458"}],"wp:attachment":[{"href":"https:\/\/www.europesays.com\/fr\/wp-json\/wp\/v2\/media?parent=418457"}],"wp:term":[{"taxonomy":"category","embeddable":true,"href":"https:\/\/www.europesays.com\/fr\/wp-json\/wp\/v2\/categories?post=418457"},{"taxonomy":"post_tag","embeddable":true,"href":"https:\/\/www.europesays.com\/fr\/wp-json\/wp\/v2\/tags?post=418457"}],"curies":[{"name":"wp","href":"https:\/\/api.w.org\/{rel}","templated":true}]}}