{"id":418459,"date":"2025-09-26T08:08:11","date_gmt":"2025-09-26T08:08:11","guid":{"rendered":"https:\/\/www.europesays.com\/fr\/418459\/"},"modified":"2025-09-26T08:08:11","modified_gmt":"2025-09-26T08:08:11","slug":"marseille-lom-veut-surfer-sur-la-vague-heure-et-chaine-tv","status":"publish","type":"post","link":"https:\/\/www.europesays.com\/fr\/418459\/","title":{"rendered":"Marseille\u00a0: l&rsquo;OM veut surfer sur la vague, heure et cha\u00eene TV"},"content":{"rendered":"<p class=\"app_entry_lead\">\n<p>                    <a title=\"\u00a0\u00a9\u00a0Alain ROBERT\/SIPA (publi\u00e9e le 25\/09\/2025)\" href=\"https:\/\/www.europesays.com\/fr\/wp-content\/uploads\/2025\/09\/80672408.jpg\" class=\"fancy\"><\/p>\n<p>                            <img loading=\"lazy\" decoding=\"async\" src=\"https:\/\/www.europesays.com\/fr\/wp-content\/uploads\/2025\/09\/80672408.jpg\" alt=\"Strasbourg - Marseille\u00a0: l'OM veut surfer sur la vague, heure et cha\u00eene TV\" width=\"1500\" height=\"1000\"\/><\/p>\n<p>                    <\/a><\/p>\n<p>                Ce vendredi, Marseille se d\u00e9place \u00e0 Strasbourg pour le compte de la 6e journ\u00e9e de Ligue 1. Apr\u00e8s avoir vaincu le PSG, l&rsquo;OM a l&rsquo;occasion d&rsquo;encha\u00eener.<\/p>\n<p>Apr\u00e8s avoir r\u00e9ussi \u00e0 faire tomber le <a href=\"https:\/\/www.linternaute.com\/sport\/foot\/psg\/\" title=\"Paris Saint-Germain\" target=\"_blank\" rel=\"noopener\">PSG<\/a> lundi (1-0), c&rsquo;est un Marseille en pleine confiance qui se d\u00e9place \u00e0 Strasbourg, ce vendredi \u00e0 20h45\u00a0pour le compte de la 6e journ\u00e9e de <a href=\"https:\/\/www.linternaute.com\/sport\/competitions\/8420771-ligue-12025-2026-tous-les-resultats-le-classement-et-calendrier\/\" title=\"Championnat de France de football\" target=\"_blank\" rel=\"noopener\">Ligue 1<\/a>. 6es du championnat, les hommes de Roberto de Zerbi ont une occasion en or d&rsquo;encha\u00eener apr\u00e8s cette superbe performance face aux Parisiens pour int\u00e9grer le top 5.<br \/>Mais face aux Marseillais, c&rsquo;est aussi une formation en confiance qui va se pr\u00e9senter face \u00e0 eux. Strasbourg, actuellement 4e de Ligue 1, n&rsquo;a \u00e9t\u00e9 vaincu qu&rsquo;\u00e0 une seule reprise depuis le d\u00e9but du championnat (d\u00e9faite 3-2\u00a0\u00e0 Monaco). C&rsquo;est surtout un adversaire qui ne r\u00e9ussit pas franchement \u00e0 l&rsquo;<a href=\"https:\/\/www.linternaute.fr\/sport\/foot\/competitions\/olympique-marseille\/\" title=\"Olympique Marseille\" target=\"_blank\" rel=\"noopener\">OM<\/a> qui n&rsquo;affiche aucune victoire dans ses confrontations face au RCSA depuis 2022\u00a0(une d\u00e9faite, cinq matches nuls).<\/p>\n<p>Pour cette rencontre, les Strasbourgeois vont pouvoir s&rsquo;appuyer sur deux hommes en feu en ce d\u00e9but de saison, Joaquin Panichelli (3\u00a0buts) et Emanuel Emegha (2\u00a0r\u00e9alisations), buteur face au Paris FC la semaine derni\u00e8re. Du c\u00f4t\u00e9 de l&rsquo;OM, comme face au PSG, si Hamad Traor\u00e9 est indisponible, Marseille\u00a0se pr\u00e9sente avec un effectif quasi complet o\u00f9 l&rsquo;on retrouve notamment Nayef Aguerd, auteur d&rsquo;un bon match face \u00e0 Paris ou encore Mason Greenwood, d\u00e9cisif en ce d\u00e9but de saison (2\u00a0buts et 3\u00a0passes d\u00e9cisives).<\/p>\n<p>A quelle heure suivre Strasbourg &#8211; Marseille\u00a0?<\/p>\n<p>Strasbourg &#8211; Marseille d\u00e9butera \u00e0 20h45\u00a0au stade de la Meinau de Strasbourg<\/p>\n<p>Sur quelle cha\u00eene regarder Strasbourg &#8211; Marseille ?<\/p>\n<p>Strasbourg &#8211; Marseille est \u00e0 retrouver sur Ligue 1+.<\/p>\n<p>Quelles sont les compositions probables de Strasbourg &#8211; Marseille ?<\/p>\n<p>Strasbourg. Penders &#8211; Dou\u00e9, Doukour\u00e9, Sarr, Chilwell, Barco &#8211; Amougou, Lemar\u00e9chal &#8211; Moreira, Emegha, Paez.<br \/>Marseille. Rulli &#8211; Pavard, Balerdi, Aguerd, Emerson &#8211; O&rsquo;Riley, Hojbjerg &#8211; Weah, Greenwood, Gouiri, Paixao.<\/p>\n","protected":false},"excerpt":{"rendered":"Ce vendredi, Marseille se d\u00e9place \u00e0 Strasbourg pour le compte de la 6e journ\u00e9e de Ligue 1. Apr\u00e8s&hellip;\n","protected":false},"author":2,"featured_media":418460,"comment_status":"","ping_status":"","sticky":false,"template":"","format":"standard","meta":{"footnotes":""},"categories":[2814],"tags":[1111,11,54814,51761,1777,674,2257,51763,1011,27,66,884,12,51767,882,25],"class_list":{"0":"post-418459","1":"post","2":"type-post","3":"status-publish","4":"format-standard","5":"has-post-thumbnail","7":"category-marseille","8":"tag-actu","9":"tag-actualites","10":"tag-cms-linternaute-8882375","11":"tag-controller-content","12":"tag-eu","13":"tag-europe","14":"tag-foot","15":"tag-format-papier","16":"tag-fr","17":"tag-france","18":"tag-ligue-1","19":"tag-marseille","20":"tag-news","21":"tag-parallaxeinfeed","22":"tag-provence-alpes-cote-dazur","23":"tag-republique-francaise"},"share_on_mastodon":{"url":"https:\/\/pubeurope.com\/@fr\/115269580320341956","error":""},"_links":{"self":[{"href":"https:\/\/www.europesays.com\/fr\/wp-json\/wp\/v2\/posts\/418459","targetHints":{"allow":["GET"]}}],"collection":[{"href":"https:\/\/www.europesays.com\/fr\/wp-json\/wp\/v2\/posts"}],"about":[{"href":"https:\/\/www.europesays.com\/fr\/wp-json\/wp\/v2\/types\/post"}],"author":[{"embeddable":true,"href":"https:\/\/www.europesays.com\/fr\/wp-json\/wp\/v2\/users\/2"}],"replies":[{"embeddable":true,"href":"https:\/\/www.europesays.com\/fr\/wp-json\/wp\/v2\/comments?post=418459"}],"version-history":[{"count":0,"href":"https:\/\/www.europesays.com\/fr\/wp-json\/wp\/v2\/posts\/418459\/revisions"}],"wp:featuredmedia":[{"embeddable":true,"href":"https:\/\/www.europesays.com\/fr\/wp-json\/wp\/v2\/media\/418460"}],"wp:attachment":[{"href":"https:\/\/www.europesays.com\/fr\/wp-json\/wp\/v2\/media?parent=418459"}],"wp:term":[{"taxonomy":"category","embeddable":true,"href":"https:\/\/www.europesays.com\/fr\/wp-json\/wp\/v2\/categories?post=418459"},{"taxonomy":"post_tag","embeddable":true,"href":"https:\/\/www.europesays.com\/fr\/wp-json\/wp\/v2\/tags?post=418459"}],"curies":[{"name":"wp","href":"https:\/\/api.w.org\/{rel}","templated":true}]}}