{"id":418464,"date":"2025-09-26T08:12:14","date_gmt":"2025-09-26T08:12:14","guid":{"rendered":"https:\/\/www.europesays.com\/fr\/418464\/"},"modified":"2025-09-26T08:12:14","modified_gmt":"2025-09-26T08:12:14","slug":"gustul-de-acasa-des-epiceries-roumaines-au-service-de-tous","status":"publish","type":"post","link":"https:\/\/www.europesays.com\/fr\/418464\/","title":{"rendered":"Gustul de Acasa, des \u00e9piceries roumaines au service de tous"},"content":{"rendered":"<p><img loading=\"lazy\" decoding=\"async\" alt=\"\u00a9DR - Gustul de Acasa compte une dizaine de points de vente en r\u00e9gion parisienne.\" data-zoom-src=\"https:\/\/www.europesays.com\/fr\/wp-content\/uploads\/2025\/09\/initial-gustul-1.jpg\" data-zoomable=\"\" height=\"702\" src=\"https:\/\/www.europesays.com\/fr\/wp-content\/uploads\/2025\/09\/initial-gustul-1.jpg\" width=\"1248\"\/>  <\/p>\n<p class=\"article-desc\">\u00a9DR &#8211; Gustul de Acasa compte une dizaine de points de vente en r\u00e9gion parisienne. <\/p>\n<p data-olk-copy-source=\"MessageBody\">Fond\u00e9e en 2010, la soci\u00e9t\u00e9\u00a0<strong>World Food<\/strong>\u00a0exploite <strong>douze boutiques<\/strong>,<strong>\u00a0Gustul de Acasa<\/strong>, qui proposent des produits venus de Roumanie, mais aussi d&rsquo;autres <a href=\"https:\/\/mesinfos.fr\/94130-nogent-sur-marne\/la-datcha-de-la-marne-l-epicerie-ukrainienne-de-nogent-sur-marne-208406.html\" rel=\"noopener\" target=\"_blank\">pays de l&rsquo;Est <\/a>: Serbie, Pologne ou encore Moldavie. L&rsquo;entreprise compte \u00e9galement un entrep\u00f4t, situ\u00e9 \u00e0 Noisy-le-Sec, et une boucherie L\u2019Anatole, ouverte r\u00e9cemment \u00e0 Aulnay-sous-Bois. Pour faire face \u00e0 la demande, World Food ouvre sa premi\u00e8re boutique en 2010 \u00e0 Montreuil, puis une deuxi\u00e8me \u00e0 Villejuif en 2012.\u00a0\u00ab\u00a0Avant, j&rsquo;habitais \u00e0 Montreuil et il y avait un manque d&rsquo;\u00e9piceries roumaines dans le secteur. Il n&rsquo;y avait qu&rsquo;une seule boutique avec des sp\u00e9cialit\u00e9s roumaines \u00e0 Paris. La plupart des gens de la communaut\u00e9 habitent en dehors de la capitale. La demande \u00e9tant tr\u00e8s forte, on a ouvert une premi\u00e8re \u00e9choppe puis une deuxi\u00e8me.\u00a0\u00bb, r\u00e9sume\u00a0<strong>Ana Fratila<\/strong>, g\u00e9rante de l&rsquo;entreprise. <\/p>\n<p>Une premi\u00e8re boutique ouverte \u00e0 Montreuil en 2010 <\/p>\n<p>Apr\u00e8s l&rsquo;ouverture de la troisi\u00e8me boutique \u00e0 Rosny-sous-Bois, World Food devient grossiste.\u00a0\u00ab\u00a0On comptait trois magasins et c&rsquo;\u00e9tait compliqu\u00e9 pour nous de se faire livrer les quantit\u00e9s. Apr\u00e8s, nous avons lanc\u00e9 l&rsquo;activit\u00e9 de grossiste pour simplifier les choses.\u00a0\u00bb, ajoute Ana. Aujourd&rsquo;hui, World Food compte 45 salari\u00e9s et une dizaine de <a href=\"https:\/\/mesinfos.fr\/75000-paris\/saint-ouen-local-et-vous-l-epicerie-fine-aux-produits-100-percent-franciliens-217397.html\" rel=\"noopener\" target=\"_blank\">boutiques<\/a> dont une dans le Val-d&rsquo;Oise (Bezons), une dans les Hauts-de-Seine (Boulogne-Billancourt), six en Seine-Saint-Denis avec des ouvertures \u00e0 <strong>Aulnay-sous-Bois, Noisy-le-Grand<\/strong> ou <strong>Les Lilas<\/strong>, mais aussi dans le Val-de-Marne o\u00f9 des \u00e9choppes ont ouvert \u00e0 <strong>Fresnes<\/strong> et <strong>Joinville-le-Pont<\/strong>. World Food totalise aujourd&rsquo;hui plus de <strong>800 produits roumains<\/strong> et compte 45 clients entreprises et propose m\u00eame ses produits en dehors de la r\u00e9gion parisienne comme dans deux enseignes Carrefour en Bretagne, dont une \u00e0 Lamballe.<\/p>\n<p>  De nouveaux points de vente en vue pour Gustul de Acasa <\/p>\n<p>Quinze ans apr\u00e8s les d\u00e9buts de l&rsquo;entreprise, Ana fait le bilan.\u00a0\u00ab\u00a0Je suis satisfaite du d\u00e9veloppement des boutiques, les efforts sont payants. Il y a beaucoup de travail derri\u00e8re. On arrive \u00e0 s&rsquo;en sortir.\u00a0\u00bb, poursuit-elle. \u00ab\u00a0Le magasin d&rsquo;Aulnay-sous-Bois est le magasin qui marche le mieux. Cela s&rsquo;explique, car il y a une plus grande communaut\u00e9. L&#8217;emplacement est vraiment \u00e0 c\u00f4t\u00e9 de la gare. Il y a beaucoup de gens des pays de l&rsquo;Est qui sont propri\u00e9taires dans la ville.\u00a0\u00bb. Parmi les clients qui poussent la porte des enseignes, la <strong>communaut\u00e9 roumaine<\/strong> bien s\u00fbr, mais aussi d&rsquo;autres <a href=\"https:\/\/mesinfos.fr\/92600-asnieres-sur-seine\/une-epicerie-des-pays-de-l-est-a-ouvert-a-asnieres-sur-seine-204541.html\" rel=\"noopener\" target=\"_blank\">communaut\u00e9s des pays de l&rsquo;Est<\/a>, mais aussi des Fran\u00e7ais qui viennent d\u00e9couvrir par curiosit\u00e9.\u00a0<\/p>\n<p>\u00ab\u00a0Nous avons des clients polonais, moldaves et serbes qui viennent chez nous\u00a0\u00bb, compl\u00e8te une vendeuse de Gustul de Acasa Montreuil. Les produits les plus pl\u00e9biscit\u00e9s par les clients ?\u00a0\u00ab\u00a0La charcuterie est tr\u00e8s demand\u00e9e, cela repr\u00e9sente 30 % de nos ventes. Les fromages, surgel\u00e9s, mais aussi boissons (bi\u00e8res ou autre) sont tr\u00e8s pris\u00e9s.\u00a0\u00bb, assure Ana. L&rsquo;entreprise, qui participe \u00e0 de nombreux \u00e9v\u00e8nements caritatifs, va poursuivre son d\u00e9veloppement dans les prochains mois. <\/p>\n<p>Aussi, World Food prospecte dans le but d&rsquo;installer de nouvelles boutiques Gustul de Acasa dans les d\u00e9partements dans lesquels la soci\u00e9t\u00e9 n&rsquo;est pas pr\u00e9sente et o\u00f9 la communaut\u00e9 roumaine est implant\u00e9e.\u00a0\u00ab\u00a0Nous r\u00e9fl\u00e9chissons \u00e0 installer des points de vente en Seine-et-Marne et dans l&rsquo;Essonne o\u00f9 nous ne sommes pas. Nous regardons aussi pour la Seine-Saint-Denis de nouveau dans des villes dans lesquelles nous ne sommes pas pr\u00e9sents et o\u00f9 il y a une forte communaut\u00e9 roumaine.\u00a0\u00bb, conclut Ana.<\/p>\n","protected":false},"excerpt":{"rendered":"\u00a9DR &#8211; Gustul de Acasa compte une dizaine de points de vente en r\u00e9gion parisienne. Fond\u00e9e en 2010,&hellip;\n","protected":false},"author":2,"featured_media":418465,"comment_status":"","ping_status":"","sticky":false,"template":"","format":"standard","meta":{"footnotes":""},"categories":[1592],"tags":[1111,11,7227,1777,674,1011,27,662,12,626,25],"class_list":{"0":"post-418464","1":"post","2":"type-post","3":"status-publish","4":"format-standard","5":"has-post-thumbnail","7":"category-ile-de-france","8":"tag-actu","9":"tag-actualites","10":"tag-commerces","11":"tag-eu","12":"tag-europe","13":"tag-fr","14":"tag-france","15":"tag-ile-de-france","16":"tag-news","17":"tag-paris","18":"tag-republique-francaise"},"share_on_mastodon":{"url":"https:\/\/pubeurope.com\/@fr\/115269596040361961","error":""},"_links":{"self":[{"href":"https:\/\/www.europesays.com\/fr\/wp-json\/wp\/v2\/posts\/418464","targetHints":{"allow":["GET"]}}],"collection":[{"href":"https:\/\/www.europesays.com\/fr\/wp-json\/wp\/v2\/posts"}],"about":[{"href":"https:\/\/www.europesays.com\/fr\/wp-json\/wp\/v2\/types\/post"}],"author":[{"embeddable":true,"href":"https:\/\/www.europesays.com\/fr\/wp-json\/wp\/v2\/users\/2"}],"replies":[{"embeddable":true,"href":"https:\/\/www.europesays.com\/fr\/wp-json\/wp\/v2\/comments?post=418464"}],"version-history":[{"count":0,"href":"https:\/\/www.europesays.com\/fr\/wp-json\/wp\/v2\/posts\/418464\/revisions"}],"wp:featuredmedia":[{"embeddable":true,"href":"https:\/\/www.europesays.com\/fr\/wp-json\/wp\/v2\/media\/418465"}],"wp:attachment":[{"href":"https:\/\/www.europesays.com\/fr\/wp-json\/wp\/v2\/media?parent=418464"}],"wp:term":[{"taxonomy":"category","embeddable":true,"href":"https:\/\/www.europesays.com\/fr\/wp-json\/wp\/v2\/categories?post=418464"},{"taxonomy":"post_tag","embeddable":true,"href":"https:\/\/www.europesays.com\/fr\/wp-json\/wp\/v2\/tags?post=418464"}],"curies":[{"name":"wp","href":"https:\/\/api.w.org\/{rel}","templated":true}]}}