{"id":418474,"date":"2025-09-26T08:20:25","date_gmt":"2025-09-26T08:20:25","guid":{"rendered":"https:\/\/www.europesays.com\/fr\/418474\/"},"modified":"2025-09-26T08:20:25","modified_gmt":"2025-09-26T08:20:25","slug":"russie-soupconnee-soutien-annonce-par-macron-ce-que-lon-sait-de-la-nouvelle-alerte-aux-drones-au-danemark","status":"publish","type":"post","link":"https:\/\/www.europesays.com\/fr\/418474\/","title":{"rendered":"Russie soup\u00e7onn\u00e9e, soutien annonc\u00e9 par Macron\u2026 ce que l\u2019on sait de la nouvelle alerte aux drones au Danemark"},"content":{"rendered":"<p>Un nouvel a\u00e9roport danois a d\u00fb fermer dans la nuit de jeudi\u00a025 \u00e0 vendredi 26\u00a0septembre \u00e0 la suite d\u2019une deuxi\u00e8me alerte aux drones en deux nuits, Copenhague disant faire l\u2019objet d\u2019une \u00ab\u00a0attaque hybride\u00a0\u00bb d\u2019origine inconnue depuis le d\u00e9but de la semaine. Elle fait <a href=\"https:\/\/www.humanite.fr\/monde\/drones\/survol-de-drones-entre-lotan-et-la-russie-un-cycle-de-tensions-au-dessus-de-leurope\" data-type=\"link\" data-id=\"https:\/\/www.humanite.fr\/monde\/drones\/survol-de-drones-entre-lotan-et-la-russie-un-cycle-de-tensions-au-dessus-de-leurope\" target=\"_blank\" rel=\"noopener\">suite \u00e0 des survols dans d\u2019autres pays et, dans le contexte de la guerre en Ukraine,<\/a> la Russie, qui d\u00e9ment \u00eatre impliqu\u00e9e, est soup\u00e7onn\u00e9e d\u2019en \u00eatre \u00e0 l\u2019origine.<\/p>\n<p>&gt;\u00a0Une s\u00e9rie d\u2019alertes et de survols<\/p>\n<p>L\u2019espace a\u00e9rien au-dessus de l\u2019a\u00e9roport d\u2019Aalborg, dans le nord du Danemark, a d\u00fb \u00eatre ferm\u00e9 le soir du jeudi 25\u00a0septembre, en raison d\u2019une alerte aux drones avant de rouvrir au milieu de la nuit, a indiqu\u00e9 la police danoise. \u00c0 ce stade, les autorit\u00e9s n\u2019ont toutefois pas formellement attest\u00e9 la pr\u00e9sence de drones.<\/p>\n<p>Jeudi, la Premi\u00e8re ministre Mette Frederiksen avait d\u00e9j\u00e0 d\u00e9nonc\u00e9 des \u00ab\u00a0attaques hybrides\u00a0\u00bb et pr\u00e9venu que les survols de drones \u00ab\u00a0pourraient se multiplier\u00a0\u00bb alors que les incidents de ce type ont d\u00e9j\u00e0 eu lieu plus t\u00f4t dans la semaine. Des drones avaient \u00e9t\u00e9 rep\u00e9r\u00e9s dans la nuit de mercredi \u00e0 jeudi au-dessus des a\u00e9roports d\u2019Aalborg (nord), d\u2019Esbjerg (ouest), de Sonderborg (sud) et de la base a\u00e9rienne militaire de Skrydstrup (sud), selon la police.<\/p>\n<p>Lundi soir d\u00e9j\u00e0, des drones \u00e0 l\u2019origine non identifi\u00e9e avaient survol\u00e9 les a\u00e9roports de Copenhague et d\u2019Oslo en Norv\u00e8ge voisine, bloquant le trafic pendant plusieurs heures. La Norv\u00e8ge a d\u2019ailleurs annonc\u00e9 jeudi avoir arr\u00eat\u00e9 un homme d\u2019origine \u00e9trang\u00e8re qui op\u00e9rait un drone pr\u00e8s de l\u2019a\u00e9roport international d\u2019Oslo. L\u2019appareil a \u00e9t\u00e9 saisi.<\/p>\n<p>&gt;\u00a0Une origine ind\u00e9termin\u00e9e, la Russie soup\u00e7onn\u00e9e<\/p>\n<p>Ces incidents surviennent apr\u00e8s des intrusions de drones attribu\u00e9s \u00e0 la Russie en Pologne et <a href=\"https:\/\/www.humanite.fr\/monde\/etats-unis\/guerre-en-ukraine-apres-la-pologne-la-russie-teste-les-limites-de-lotan-en-lancant-ses-drones-sur-la-roumanie\" target=\"_blank\" rel=\"noopener\">en Roumanie mi-septembre <\/a>et <a href=\"https:\/\/www.humanite.fr\/monde\/estonie\/apres-lincursion-de-deux-avions-russes-en-estonie-le-ton-monte-en-mer-baltique\" data-type=\"link\" data-id=\"https:\/\/www.humanite.fr\/monde\/estonie\/apres-lincursion-de-deux-avions-russes-en-estonie-le-ton-monte-en-mer-baltique\" target=\"_blank\" rel=\"noopener\">d\u2019avions de combat russes dans l\u2019espace a\u00e9rien estonien le 19\u00a0septembre.<\/a> Les autorit\u00e9s danoises n\u2019ont \u00e0 cette heure pas identifi\u00e9 l\u2019origine de ces appareils. Mais \u00ab\u00a0il existe principalement un pays qui repr\u00e9sente une menace pour la s\u00e9curit\u00e9 de l\u2019Europe, \u00e0 savoir la Russie\u00a0\u00bb, a estim\u00e9 Mette Frederiksen.<\/p>\n<p>De son c\u00f4t\u00e9, Moscou a \u00ab\u00a0fermement\u00a0\u00bb d\u00e9menti \u00eatre impliqu\u00e9e dans ces survols, son ambassade \u00e0 Copenhague d\u00e9non\u00e7ant une \u00ab\u00a0provocation orchestr\u00e9e\u00a0\u00bb.<\/p>\n<p>Ces multiples incidents sont \u00e0 l\u2019origine d\u2019une mont\u00e9e en tension et d\u2019un risque d\u2019escalade. Lorsque l\u2019Estonie a affirm\u00e9 que\u00a0trois MIG-31 russes ont viol\u00e9 son espace a\u00e9rien, le 19\u00a0septembre, dans la zone du golfe de\u00a0<a href=\"https:\/\/www.humanite.fr\/monde\/finlande\/longtemps-pays-non-aligne-la-finlande-fait-un-pas-vers-lotan-747364\" target=\"_blank\" rel=\"noreferrer noopener\">Finlande<\/a>\u00a0pendant douze minutes, le pays a aussit\u00f4t pr\u00e9venu qu\u2019il demanderait \u00e0\u00a0<a href=\"https:\/\/www.humanite.fr\/monde\/europe\/lotan-outil-de-leconomie-de-guerre-permanente\" target=\"_blank\" rel=\"noreferrer noopener\">l\u2019Alliance atlantique<\/a>\u00a0d\u2019activer l\u2019article\u00a04, qui pr\u00e9voit des consultations entre pays membres en cas de menace sur l\u2019un d\u2019entre eux.<\/p>\n<p>Au cours d\u2019un Conseil de s\u00e9curit\u00e9 de l\u2019ONU convoqu\u00e9 lundi\u00a0<a href=\"https:\/\/www.humanite.fr\/monde\/estonie\/apres-lincursion-de-deux-avions-russes-en-estonie-le-ton-monte-en-mer-baltique\" target=\"_blank\" rel=\"noreferrer noopener\">par l\u2019Estonie apr\u00e8s cette incursion <\/a>dans son espace a\u00e9rien, l\u2019ambassadeur des \u00c9tats-Unis, Mike Waltz, a promis que Washington d\u00e9fendra \u00ab\u00a0chaque centim\u00e8tre du territoire de l\u2019Otan\u00a0\u00bb. Ce dernier a rappel\u00e9 \u00ab\u00a0au moment o\u00f9 le pr\u00e9sident Trump et les \u00c9tats-Unis\u00a0\u00bb tentent de \u00ab\u00a0mettre fin \u00e0 cette guerre atroce entre la Russie et l\u2019Ukraine, nous nous attendons \u00e0 ce que la Russie cherche des moyens de d\u00e9sescalade, et non \u00e0 prendre le risque d\u2019une extension du conflit\u00a0\u00bb.<\/p>\n<p>Le locataire de la Maison-Blanche interrog\u00e9 en marge de l\u2019Assembl\u00e9e g\u00e9n\u00e9rale des Nations unies \u00e0 New York, a en outre r\u00e9pondu \u00ab\u00a0Oui, je le pense\u00a0\u00bb \u00e0 la question\u00a0: \u00ab\u00a0Pensez-vous que les pays de l\u2019Otan devraient abattre les avions russes s\u2019ils entrent dans leurs espaces a\u00e9riens\u00a0?\u00a0\u00bb<\/p>\n<p>&gt;\u00a0Emmanuel Macron se dit pr\u00eat \u00e0 apporter son soutien au Danemark<\/p>\n<p>\u00ab\u00a0Je viens de m\u2019entretenir avec la Premi\u00e8re ministre danoise, Mette Frederiksen. Je lui ai fait part de la pleine solidarit\u00e9 de la France avec le Danemark apr\u00e8s la r\u00e9p\u00e9tition d\u2019intrusions de drones non identifi\u00e9s affectant le fonctionnement de l\u2019a\u00e9roport de Copenhague\u00a0\u00bb, a de son c\u00f4t\u00e9 \u00e9crit le pr\u00e9sident fran\u00e7ais sur X jeudi.<\/p>\n<p>\u00ab\u00a0La France est pr\u00eate \u00e0 apporter son appui au Danemark pour \u00e9valuer la situation et contribuer \u00e0 la s\u00e9curit\u00e9 de l\u2019espace a\u00e9rien danois\u00a0\u00bb, a ajout\u00e9 le chef de l\u2019\u00c9tat.<\/p>\n<p>Le pr\u00e9sident a adopt\u00e9 une position ambigu\u00eb apr\u00e8s les pr\u00e9c\u00e9dents incidents, affirmant que les pays de l\u2019Otan devaient \u00ab\u00a0monter d\u2019un cran\u00a0\u00bb leur riposte en cas de \u00ab\u00a0nouvelles provocations\u00a0\u00bb de la Russie. Mais, face \u00e0 ces \u00ab\u00a0tests\u00a0\u00bb de l\u2019arm\u00e9e russe, \u00ab\u00a0on ne va pas ouvrir le feu\u00a0\u00bb, a-t-il aussit\u00f4t compl\u00e9t\u00e9.<\/p>\n<p>De son c\u00f4t\u00e9, l\u2019Union europ\u00e9enne a \u00e9voqu\u00e9 la cr\u00e9ation d\u2019un \u00ab\u00a0mur de drones\u00a0\u00bb pour mieux suivre les incursions potentielles, mais sans livrer beaucoup de d\u00e9tails concrets \u00e0 ce stade.<\/p>\n<p>\u00catre le journal de la paix, notre d\u00e9fi quotidien<\/p>\n<p>Depuis Jaur\u00e8s, la d\u00e9fense de la paix est dans notre ADN.<\/p>\n<ul class=\"wp-block-list\">\n<li>Qui informe encore aujourd\u2019hui sur <strong>les actions des pacifistes<\/strong> pour le d\u00e9sarmement\u00a0?<\/li>\n<li>Combien de m\u00e9dias rappellent que <strong>les combats de d\u00e9colonisation <\/strong>ont encore cours, et qu\u2019ils doivent \u00eatre soutenus\u00a0?<\/li>\n<li>Combien valorisent les <strong>solidarit\u00e9s internationales<\/strong>, et s\u2019engagent sans ambigu\u00eft\u00e9 aux c\u00f4t\u00e9s des exil\u00e9s\u00a0?<\/li>\n<\/ul>\n<p><strong>Nos valeurs n\u2019ont pas de fronti\u00e8res.<\/strong><\/p>\n<p>Aidez-nous \u00e0 soutenir le droit \u00e0 l\u2019autod\u00e9termination et l\u2019option de la paix.<br \/><a href=\"https:\/\/www.humanite.fr\/lhumanite-cest-vous\" target=\"_blank\" rel=\"noopener\">Je veux en savoir plus\u00a0!<\/a><\/p>\n","protected":false},"excerpt":{"rendered":"Un nouvel a\u00e9roport danois a d\u00fb fermer dans la nuit de jeudi\u00a025 \u00e0 vendredi 26\u00a0septembre \u00e0 la suite&hellip;\n","protected":false},"author":2,"featured_media":418475,"comment_status":"","ping_status":"","sticky":false,"template":"","format":"standard","meta":{"footnotes":""},"categories":[1591],"tags":[11,145,2024,1073,1887,131,12,1885,1886,132],"class_list":{"0":"post-418474","1":"post","2":"type-post","3":"status-publish","4":"format-standard","5":"has-post-thumbnail","7":"category-russie","8":"tag-actualites","9":"tag-danemark","10":"tag-drones","11":"tag-emmanuel-macron","12":"tag-federation-de-russie","13":"tag-guerre-en-ukraine","14":"tag-news","15":"tag-russia","16":"tag-russian-federation","17":"tag-russie"},"share_on_mastodon":{"url":"https:\/\/pubeurope.com\/@fr\/115269627064765535","error":""},"_links":{"self":[{"href":"https:\/\/www.europesays.com\/fr\/wp-json\/wp\/v2\/posts\/418474","targetHints":{"allow":["GET"]}}],"collection":[{"href":"https:\/\/www.europesays.com\/fr\/wp-json\/wp\/v2\/posts"}],"about":[{"href":"https:\/\/www.europesays.com\/fr\/wp-json\/wp\/v2\/types\/post"}],"author":[{"embeddable":true,"href":"https:\/\/www.europesays.com\/fr\/wp-json\/wp\/v2\/users\/2"}],"replies":[{"embeddable":true,"href":"https:\/\/www.europesays.com\/fr\/wp-json\/wp\/v2\/comments?post=418474"}],"version-history":[{"count":0,"href":"https:\/\/www.europesays.com\/fr\/wp-json\/wp\/v2\/posts\/418474\/revisions"}],"wp:featuredmedia":[{"embeddable":true,"href":"https:\/\/www.europesays.com\/fr\/wp-json\/wp\/v2\/media\/418475"}],"wp:attachment":[{"href":"https:\/\/www.europesays.com\/fr\/wp-json\/wp\/v2\/media?parent=418474"}],"wp:term":[{"taxonomy":"category","embeddable":true,"href":"https:\/\/www.europesays.com\/fr\/wp-json\/wp\/v2\/categories?post=418474"},{"taxonomy":"post_tag","embeddable":true,"href":"https:\/\/www.europesays.com\/fr\/wp-json\/wp\/v2\/tags?post=418474"}],"curies":[{"name":"wp","href":"https:\/\/api.w.org\/{rel}","templated":true}]}}