{"id":418485,"date":"2025-09-26T08:26:37","date_gmt":"2025-09-26T08:26:37","guid":{"rendered":"https:\/\/www.europesays.com\/fr\/418485\/"},"modified":"2025-09-26T08:26:37","modified_gmt":"2025-09-26T08:26:37","slug":"kombouare-est-le-pire-entraineur-que-jai-eu","status":"publish","type":"post","link":"https:\/\/www.europesays.com\/fr\/418485\/","title":{"rendered":"Kombouar\u00e9 est le pire entra\u00eeneur que j&rsquo;ai eu"},"content":{"rendered":"<p>Zapping Foot National Coupe de France : Calais, Quevilly, El-Biar, &#8230; les plus grands exploits de la comp\u00e9tition<\/p>\n<p>L&rsquo;attaquant du FC Nantes, Mostafa Mohamed, n&rsquo;a pas m\u00e2ch\u00e9 ses mots au moment d&rsquo;\u00e9voquer le changement d&rsquo;entra\u00eeneur cet \u00e9t\u00e9. Dans une interview accord\u00e9e \u00e0 <a href=\"https:\/\/www.ouest-france.fr\/sport\/football\/fc-nantes\/entretien-fc-nantes-si-kombouare-restait-je-partais-livre-mostafa-mohamed-4deacefc-9a1f-11f0-bc84-9e08c570c0db\" rel=\"nofollow noopener\" target=\"_blank\">Ouest-France<\/a>, l&rsquo;international \u00e9gyptien a fait une r\u00e9v\u00e9lation fracassante sur ses intentions de d\u00e9part si Antoine Kombouar\u00e9 \u00e9tait rest\u00e9 \u00e0 la t\u00eate des Canaris.<\/p>\n<p>\u00ab\u00a0Antoine Kombouar\u00e9 est le pire entra\u00eeneur que j&rsquo;ai eu. Il est celui avec qui j&rsquo;ai pens\u00e9 \u00e0 partir. J&rsquo;avais mis \u00e7a en balance : si Kombouar\u00e9 restait, moi, je partais\u00a0\u00bb, a-t-il d\u00e9clar\u00e9. Mostafa Mohamed justifie ce malaise par un manque de reconnaissance : \u00ab\u00a0Je suis quelqu&rsquo;un qui a besoin de sentir qu&rsquo;on me fait confiance et quand Luis Castro est arriv\u00e9, j&rsquo;ai imm\u00e9diatement senti qu&rsquo;il croyait en moi.\u00a0\u00bb<\/p>\n<p><strong>\u00ab\u00a0Le FC Nantes ne va pas jouer le maintien mais une qualification europ\u00e9enne\u00a0\u00bb<\/strong><\/p>\n<p>D\u00e9sormais sous les ordres de Luis Castro, Mostafa Mohamed est non seulement un titulaire indiscutable, mais il se montre surtout porteur d&rsquo;une ambition nouvelle pour le club : \u00ab\u00a0Vous allez voir, cette ann\u00e9e, le FC Nantes ne va pas jouer le maintien mais une qualification europ\u00e9enne. On peut avoir beaucoup d&rsquo;ambitions avec ce nouvel entra\u00eeneur, qui porte beaucoup de consid\u00e9ration \u00e0 ses joueurs et qui a une mentalit\u00e9 de gagnant.\u00a0\u00bb<\/p>\n<p>Les hommes de Luis Castro devront confirmer cette ambition sur le terrain d\u00e8s ce samedi (19h) \u00e0 l&rsquo;occasion de <a href=\"https:\/\/www.foot-national.com\/data\/calendrier-ligue1.html\" rel=\"nofollow noopener\" target=\"_blank\">la sixi\u00e8me journ\u00e9e<\/a> de Ligue 1, lors d&rsquo;un d\u00e9placement p\u00e9rilleux sur la pelouse du Toulouse Football Club. Un match qui sera, bien \u00e9videmment, \u00e0 suivre <a href=\"https:\/\/www.foot-national.com\/data\/live-ligue1.html\" rel=\"nofollow noopener\" target=\"_blank\">en direct<\/a> sur Foot-National.<\/p>\n<p>Partagez cette info avec vos amis et vos proches en cliquant ici<br \/>Pour r\u00e9sumer<\/p>\n<p>L&rsquo;attaquant du FC Nantes, Mostafa Mohamed, s&rsquo;est montr\u00e9 extr\u00eamement critique envers son ancien entra\u00eeneur, Antoine Kombouar\u00e9, dans les colonnes d&rsquo;Ouest-France.<\/p>\n<p> <img decoding=\"async\" width=\"76\" height=\"76\" loading=\"lazy\" src=\"https:\/\/static.wui.fr\/images_v3\/avatar-footnational.png\" alt=\"Aris Djennadi\"\/><\/p>\n","protected":false},"excerpt":{"rendered":"Zapping Foot National Coupe de France : Calais, Quevilly, El-Biar, &#8230; les plus grands exploits de la comp\u00e9tition&hellip;\n","protected":false},"author":2,"featured_media":418486,"comment_status":"","ping_status":"","sticky":false,"template":"","format":"standard","meta":{"footnotes":""},"categories":[1586],"tags":[11,1777,674,1779,1011,27,12,25,1778,364],"class_list":{"0":"post-418485","1":"post","2":"type-post","3":"status-publish","4":"format-standard","5":"has-post-thumbnail","7":"category-europe","8":"tag-actualites","9":"tag-eu","10":"tag-europe","11":"tag-european-union","12":"tag-fr","13":"tag-france","14":"tag-news","15":"tag-republique-francaise","16":"tag-ue","17":"tag-union-europeenne"},"share_on_mastodon":{"url":"https:\/\/pubeurope.com\/@fr\/115269651092612790","error":""},"_links":{"self":[{"href":"https:\/\/www.europesays.com\/fr\/wp-json\/wp\/v2\/posts\/418485","targetHints":{"allow":["GET"]}}],"collection":[{"href":"https:\/\/www.europesays.com\/fr\/wp-json\/wp\/v2\/posts"}],"about":[{"href":"https:\/\/www.europesays.com\/fr\/wp-json\/wp\/v2\/types\/post"}],"author":[{"embeddable":true,"href":"https:\/\/www.europesays.com\/fr\/wp-json\/wp\/v2\/users\/2"}],"replies":[{"embeddable":true,"href":"https:\/\/www.europesays.com\/fr\/wp-json\/wp\/v2\/comments?post=418485"}],"version-history":[{"count":0,"href":"https:\/\/www.europesays.com\/fr\/wp-json\/wp\/v2\/posts\/418485\/revisions"}],"wp:featuredmedia":[{"embeddable":true,"href":"https:\/\/www.europesays.com\/fr\/wp-json\/wp\/v2\/media\/418486"}],"wp:attachment":[{"href":"https:\/\/www.europesays.com\/fr\/wp-json\/wp\/v2\/media?parent=418485"}],"wp:term":[{"taxonomy":"category","embeddable":true,"href":"https:\/\/www.europesays.com\/fr\/wp-json\/wp\/v2\/categories?post=418485"},{"taxonomy":"post_tag","embeddable":true,"href":"https:\/\/www.europesays.com\/fr\/wp-json\/wp\/v2\/tags?post=418485"}],"curies":[{"name":"wp","href":"https:\/\/api.w.org\/{rel}","templated":true}]}}