{"id":418496,"date":"2025-09-26T08:38:10","date_gmt":"2025-09-26T08:38:10","guid":{"rendered":"https:\/\/www.europesays.com\/fr\/418496\/"},"modified":"2025-09-26T08:38:10","modified_gmt":"2025-09-26T08:38:10","slug":"gauff-et-rybakina-demarrent-du-bon-pied-a-pekin","status":"publish","type":"post","link":"https:\/\/www.europesays.com\/fr\/418496\/","title":{"rendered":"Gauff et Rybakina d\u00e9marrent du bon pied \u00e0 P\u00e9kin"},"content":{"rendered":"<p>Coco Gauff et Elena Rybakina ont tenu leur rang lors de leur entr\u00e9e en lice dans le WTA 1000 en Chine.<\/p>\n<p class=\"fig-paragraph\">D\u00e9part sans fausse note. La N.3 mondiale<a href=\"http:\/\/www.lefigaro.fr\/sports\/tennis\/us-open\/us-open-naomi-osaka-lamine-la-troisieme-joueuse-mondiale-coco-gauff-en-huitiemes-de-finale-20250901\" data-fig-type=\"NewsFlash\" data-gtm-custom-categorie=\"navigation\" data-gtm-custom-action=\"crossclick\" data-gtm-custom-label=\"Contextuel\" data-gtm-event=\"customEventSPE\" data-fig-domain=\"LEFIGARO\" target=\"_blank\" rel=\"noopener\">\u00a0Coco Gauff<\/a>\u00a0et la Kazakhstanaise Elena Rybakina (10e), en qu\u00eate de points pour assurer sa place aux Finales WTA de fin de saison, ont gagn\u00e9 vendredi pour leur entr\u00e9e en lice au WTA 1000 de P\u00e9kin.<\/p>\n<p class=\"fig-paragraph\">Tenante du titre dans la capitale chinoise, l&rsquo;Am\u00e9ricaine a \u00e9cart\u00e9 6-4, 6-0 la Russe Kamilla Rakhimova (89e) au deuxi\u00e8me tour. Elle aura un troisi\u00e8me tour relev\u00e9 contre la Canadienne Leylah Fernandez (25e), tombeuse exp\u00e9ditive de l&rsquo;ex-N.3 mondiale Maria Sakkari au deuxi\u00e8me tour (6-2, 6-0).<\/p>\n<p>                                    <a class=\"fig-a11y-skip a11y-hidden\" href=\"#fig-a11y-skip-main-inarticle\"><br \/>\n        Passer la publicit\u00e9<br \/>\n    <\/a><\/p>\n<p>Objectif Finales WTA<\/p>\n<p class=\"fig-paragraph\">Exempt\u00e9e comme Gauff de premier tour gr\u00e2ce \u00e0 son statut de t\u00eate de s\u00e9rie, Rybakina s&rsquo;est impos\u00e9e 7-5, 4-6, 6-3 contre l&rsquo;Am\u00e9ricaine Caty McNally (90e) et affrontera Eva Lys (66e) pour une place en huiti\u00e8mes de finale. L&rsquo;Allemande de 23 ans a \u00e9limin\u00e9 6-3, 4-6, 7-5 la jeune Am\u00e9ricaine Iva Jovic (37e), qui vient de remporter \u00e0 17 ans son premier titre sur le circuit principal, mi-septembre au WTA 500 de Guadalajara (Mexique).<\/p>\n<p class=\"fig-paragraph\">Avant le d\u00e9but du tournoi de P\u00e9kin, Rybakina \u00e9tait class\u00e9e huiti\u00e8me \u00e0 la \u00abRace\u00bb, le classement qui additionne les points amass\u00e9s par les joueuses durant la saison et d\u00e9termine les huit joueuses qualifi\u00e9es pour les Finales WTA de Ryad (1er-8 novembre).<\/p>\n<p class=\"fig-paragraph\">Ses deux premi\u00e8res poursuivantes \u00e0 la \u00abRace\u00bb, Jasmine Paolini et Ekaterina Alexandrova, entrent \u00e9galement en lice vendredi \u00e0 P\u00e9kin, respectivement contre la Lettonne Anastasija Sevastova (221e) et la double laur\u00e9ate en Grand Chelem Barbora Krejcikova (34e).<\/p>\n","protected":false},"excerpt":{"rendered":"Coco Gauff et Elena Rybakina ont tenu leur rang lors de leur entr\u00e9e en lice dans le WTA&hellip;\n","protected":false},"author":2,"featured_media":418497,"comment_status":"","ping_status":"","sticky":false,"template":"","format":"standard","meta":{"footnotes":""},"categories":[1412],"tags":[20863,1451,1452,1453,1454,1455,1011,27,60],"class_list":{"0":"post-418496","1":"post","2":"type-post","3":"status-publish","4":"format-standard","5":"has-post-thumbnail","7":"category-f1","8":"tag-coco-gauff","9":"tag-f1","10":"tag-formula-1","11":"tag-formula1","12":"tag-formule-1","13":"tag-formule1","14":"tag-fr","15":"tag-france","16":"tag-sports"},"share_on_mastodon":{"url":"https:\/\/pubeurope.com\/@fr\/115269697858589176","error":""},"_links":{"self":[{"href":"https:\/\/www.europesays.com\/fr\/wp-json\/wp\/v2\/posts\/418496","targetHints":{"allow":["GET"]}}],"collection":[{"href":"https:\/\/www.europesays.com\/fr\/wp-json\/wp\/v2\/posts"}],"about":[{"href":"https:\/\/www.europesays.com\/fr\/wp-json\/wp\/v2\/types\/post"}],"author":[{"embeddable":true,"href":"https:\/\/www.europesays.com\/fr\/wp-json\/wp\/v2\/users\/2"}],"replies":[{"embeddable":true,"href":"https:\/\/www.europesays.com\/fr\/wp-json\/wp\/v2\/comments?post=418496"}],"version-history":[{"count":0,"href":"https:\/\/www.europesays.com\/fr\/wp-json\/wp\/v2\/posts\/418496\/revisions"}],"wp:featuredmedia":[{"embeddable":true,"href":"https:\/\/www.europesays.com\/fr\/wp-json\/wp\/v2\/media\/418497"}],"wp:attachment":[{"href":"https:\/\/www.europesays.com\/fr\/wp-json\/wp\/v2\/media?parent=418496"}],"wp:term":[{"taxonomy":"category","embeddable":true,"href":"https:\/\/www.europesays.com\/fr\/wp-json\/wp\/v2\/categories?post=418496"},{"taxonomy":"post_tag","embeddable":true,"href":"https:\/\/www.europesays.com\/fr\/wp-json\/wp\/v2\/tags?post=418496"}],"curies":[{"name":"wp","href":"https:\/\/api.w.org\/{rel}","templated":true}]}}