{"id":418501,"date":"2025-09-26T08:41:11","date_gmt":"2025-09-26T08:41:11","guid":{"rendered":"https:\/\/www.europesays.com\/fr\/418501\/"},"modified":"2025-09-26T08:41:11","modified_gmt":"2025-09-26T08:41:11","slug":"les-obseques-de-claudia-cardinale-se-tiendront-mardi-apres-midi-a-paris","status":"publish","type":"post","link":"https:\/\/www.europesays.com\/fr\/418501\/","title":{"rendered":"Les obs\u00e8ques de Claudia Cardinale se tiendront mardi apr\u00e8s-midi \u00e0 Paris"},"content":{"rendered":"<p>Les fun\u00e9railles de l\u2019actrice franco-italienne, d\u00e9c\u00e9d\u00e9e \u00e0 l\u2019\u00e2ge de 87 ans, se d\u00e9rouleront \u00e0 l\u2019\u00e9glise Saint-Roch, \u00e0 14h30. Un hommage religieux lui sera \u00e9galement rendu mercredi \u00e0 Nemours, en Seine-et-Marne, o\u00f9 elle r\u00e9sidait.<\/p>\n<p class=\"fig-paragraph\">Les obs\u00e8ques de l&rsquo;actrice franco-italienne\u00a0<a href=\"http:\/\/www.lefigaro.fr\/cinema\/la-mythique-actrice-italienne-claudia-cardinale-est-morte-20250923\" data-fig-type=\"NewsFlash\" data-gtm-custom-categorie=\"navigation\" data-gtm-custom-action=\"crossclick\" data-gtm-custom-label=\"Contextuel\" data-gtm-event=\"customEventSPE\" data-fig-domain=\"LEFIGARO\" rel=\"nofollow noopener\" target=\"_blank\">Claudia Cardinale<\/a>, d\u00e9c\u00e9d\u00e9e \u00e0 87 ans en r\u00e9gion parisienne, auront lieu mardi \u00e0 14H30 \u00e0 l&rsquo;\u00e9glise Saint-Roch, dans le 1er arrondissement de Paris, a indiqu\u00e9 jeudi son agent Laurent Savry \u00e0 l&rsquo;AFP. Un hommage religieux lui sera \u00e9galement rendu mercredi \u00e0 Nemours (Seine-et-Marne), o\u00f9 elle r\u00e9sidait. Elle sera incin\u00e9r\u00e9e \u00abdans la plus stricte intimit\u00e9 familiale\u00bb, a pr\u00e9cis\u00e9 M. Savry.<\/p>\n<p class=\"fig-paragraph\">L&rsquo;\u00e9glise Saint-Roch est celle de l&rsquo;aum\u00f4nerie des artistes et accueille r\u00e9guli\u00e8rement des fun\u00e9railles de c\u00e9l\u00e9brit\u00e9s. La famille a demand\u00e9 \u00abni fleurs, ni souvenirs\u00bb, mais invite ceux qui souhaitent rendre hommage \u00e0 l&rsquo;actrice \u00e0 faire un don \u00e0 la Fondazione Claudia Cardinale, qu&rsquo;elle a cr\u00e9\u00e9e avec sa fille \u00e0 Nemours, lieu d&rsquo;accueil et de promotion de jeunes artistes.<\/p>\n<p class=\"fig-body-link\">\n            \u00c0 lire aussi<br \/>\n        <a class=\"fig-body-link__link fig-premium-mark\" href=\"http:\/\/www.lefigaro.fr\/cinema\/mort-de-claudia-cardinale-une-liberte-un-regard-un-talent-20250924\" data-fig-type=\"Article\" data-gtm-custom-categorie=\"navigation\" data-gtm-custom-action=\"crossclick\" data-gtm-custom-label=\"Contextuel\" data-gtm-event=\"customEventSPE\" data-fig-domain=\"LEFIGARO\" rel=\"nofollow noopener\" target=\"_blank\">Mort de Claudia Cardinale\u00a0: \u00abUne libert\u00e9, un regard, un talent\u00bb<br \/>\n    <\/a>\n<\/p>\n<p>                                    <a class=\"fig-a11y-skip a11y-hidden\" href=\"#fig-a11y-skip-main-inarticle\"><br \/>\n        Passer la publicit\u00e9<br \/>\n    <\/a><\/p>\n<p class=\"fig-paragraph\">L\u00e9gende du cin\u00e9ma italien, Claudia Cardinale, d\u00e9c\u00e9d\u00e9e mardi, a tourn\u00e9 avec les plus grands r\u00e9alisateurs dont\u00a0<a href=\"http:\/\/www.lefigaro.fr\/cinema\/60-ans-apres-luchino-visconti-francois-ozon-s-attaque-a-une-nouvelle-adaptation-de-l-etranger-d-albert-camus-20250206\" data-fig-type=\"Article\" data-gtm-custom-categorie=\"navigation\" data-gtm-custom-action=\"crossclick\" data-gtm-custom-label=\"Contextuel\" data-gtm-event=\"customEventSPE\" data-fig-domain=\"LEFIGARO\" rel=\"nofollow noopener\" target=\"_blank\">Luchino Visconti<\/a>, Federico Fellini, Richard Brooks, Henri Verneuil ou encore Sergio Leone. Inoubliable dans Le Gu\u00e9pard, \u00abIl \u00e9tait une fois dans l&rsquo;Ouest\u00bb ou encore Huit et demi, elle a incarn\u00e9 le renouveau italien des ann\u00e9es 1960 et brill\u00e9 \u00e0 Hollywood et en France.<\/p>\n<p class=\"fig-paragraph\">\u00c0 la fin de sa vie, elle vivait de \u00abmani\u00e8re simple, humble, \u00e0 son image\u00bb, disait mercredi \u00e0 l&rsquo;AFP sa fille Claudia Squitieri, qui habitait avec elle \u00e0 Nemours. \u00abJe suis tr\u00e8s heureuse d&rsquo;avoir pu partager ces derni\u00e8res ann\u00e9es avec elle, dans la f\u00eate et dans la vie tr\u00e8s bouillonnante de ce lieu\u00bb, a confi\u00e9 Claudia Squitieri. \u00abJe pense qu&rsquo;elle a \u00e9t\u00e9 heureuse ici\u00bb.<\/p>\n","protected":false},"excerpt":{"rendered":"Les fun\u00e9railles de l\u2019actrice franco-italienne, d\u00e9c\u00e9d\u00e9e \u00e0 l\u2019\u00e2ge de 87 ans, se d\u00e9rouleront \u00e0 l\u2019\u00e9glise Saint-Roch, \u00e0 14h30.&hellip;\n","protected":false},"author":2,"featured_media":418502,"comment_status":"","ping_status":"","sticky":false,"template":"","format":"standard","meta":{"footnotes":""},"categories":[1359],"tags":[54819,58,59,1011,27,15086,973],"class_list":{"0":"post-418501","1":"post","2":"type-post","3":"status-publish","4":"format-standard","5":"has-post-thumbnail","7":"category-people","8":"tag-claudia-cardinale","9":"tag-divertissement","10":"tag-entertainment","11":"tag-fr","12":"tag-france","13":"tag-obseques","14":"tag-people"},"share_on_mastodon":{"url":"https:\/\/pubeurope.com\/@fr\/115269709598402589","error":""},"_links":{"self":[{"href":"https:\/\/www.europesays.com\/fr\/wp-json\/wp\/v2\/posts\/418501","targetHints":{"allow":["GET"]}}],"collection":[{"href":"https:\/\/www.europesays.com\/fr\/wp-json\/wp\/v2\/posts"}],"about":[{"href":"https:\/\/www.europesays.com\/fr\/wp-json\/wp\/v2\/types\/post"}],"author":[{"embeddable":true,"href":"https:\/\/www.europesays.com\/fr\/wp-json\/wp\/v2\/users\/2"}],"replies":[{"embeddable":true,"href":"https:\/\/www.europesays.com\/fr\/wp-json\/wp\/v2\/comments?post=418501"}],"version-history":[{"count":0,"href":"https:\/\/www.europesays.com\/fr\/wp-json\/wp\/v2\/posts\/418501\/revisions"}],"wp:featuredmedia":[{"embeddable":true,"href":"https:\/\/www.europesays.com\/fr\/wp-json\/wp\/v2\/media\/418502"}],"wp:attachment":[{"href":"https:\/\/www.europesays.com\/fr\/wp-json\/wp\/v2\/media?parent=418501"}],"wp:term":[{"taxonomy":"category","embeddable":true,"href":"https:\/\/www.europesays.com\/fr\/wp-json\/wp\/v2\/categories?post=418501"},{"taxonomy":"post_tag","embeddable":true,"href":"https:\/\/www.europesays.com\/fr\/wp-json\/wp\/v2\/tags?post=418501"}],"curies":[{"name":"wp","href":"https:\/\/api.w.org\/{rel}","templated":true}]}}