{"id":418507,"date":"2025-09-26T08:44:11","date_gmt":"2025-09-26T08:44:11","guid":{"rendered":"https:\/\/www.europesays.com\/fr\/418507\/"},"modified":"2025-09-26T08:44:11","modified_gmt":"2025-09-26T08:44:11","slug":"un-journal-de-tres-grande-qualite-sur-rtl-la-patronne-de-france-televisions-se-dit-ravie-de-ce-que-fait-lea-salame-aux-20-heures-rtl-fr","status":"publish","type":"post","link":"https:\/\/www.europesays.com\/fr\/418507\/","title":{"rendered":"&quot;Un journal de tr\u00e8s grande qualit\u00e9&quot; : sur RTL, la patronne de France T\u00e9l\u00e9visions se dit &quot;ravie de ce que fait L\u00e9a Salam\u00e9 aux 20 heures&quot; &#8211; RTL.fr"},"content":{"rendered":"<ol>\n<li><a href=\"https:\/\/news.google.com\/rss\/articles\/CBMijAJBVV95cUxQZHNJdUVkVTRDdk1CWEwtU0NJWE8ySDV3eWFrVm4yZ1BxN2dKaXJlbnFFbTVCQk1STU1XcGRveU9rRkJaWnlnanI1d2poLW5xdmhfVmhnSVNCa2g2WkNJcDE3QXI0QVZ4eWRfelkyNTcxNDJ1YWtFeGx0eWZBRFpUcjlTdHFIcUlza3l6VVBia2lRWklxejJua29YWTVVTFB0SUE3YTloeFdiODdxWS1jRDZHUF9mX01XRlR5WlYwaHBTRlJZMHozVmp2RDRsM0JrVkRaQnZkWW85VWpJWUFqOXpodnJkdk9VV2FzclBVaUxaSnFRSTZiV3JTSkRFOHFEQ1Y2aDF3XzhpcEV3?oc=5\" target=\"_blank\" rel=\"noopener\">\u00ab\u00a0Un journal de tr\u00e8s grande qualit\u00e9\u00a0\u00bb : sur RTL, la patronne de France T\u00e9l\u00e9visions se dit \u00ab\u00a0ravie de ce que fait L\u00e9a Salam\u00e9 aux 20 heures\u00a0\u00bb<\/a>&nbsp;&nbsp;RTL.fr<\/li>\n<li><a href=\"https:\/\/news.google.com\/rss\/articles\/CBMipwJBVV95cUxOZXJLVFRjczhYY1Zwdk8zTV9wNGx6WVdrazd1UWhoRWNjR05DakdNU2t3QmM0WHdQNUt0R3p5a2FZeWVvaU1SaEhfangwU0lJbHlSeHJPN2tZR0ZvNWNUM0hIUXZZWmJDa19GMU9nYTA1cTdUOGM5b0R3bV9qQ1BUQmdGNHQ2cWhOTDdHZDE5bTl6MTl5TTdreHBoUGxxaGttZFpWb244cDNmeFFuei1wSmVLWE5aUk04YVlpdDNhRzl2TEhFeUxpVHUwbURscnZvU0xianltZy1ic1liaGgtZHJKbkdqXzY4M2QyWENVTHM0MjRXbjJpdmtVa1lyY25OTUJfWnV5VWFpWi1yb3BpZEFwVnVMVjRmNmdTU2YwMEhmdXNfeWVN?oc=5\" target=\"_blank\" rel=\"noopener\">Audiences access 20h : Le \u00ab\u00a020 Heures\u00a0\u00bb de L\u00e9a Salam\u00e9 sur France 2 \u00e0 son plus bas, la P2 passe pour la premi\u00e8re fois sous les 3 millions de t\u00e9l\u00e9spectateurs depuis son arriv\u00e9e<\/a>&nbsp;&nbsp;ozap.com<\/li>\n<li><a href=\"https:\/\/news.google.com\/rss\/articles\/CBMizAFBVV95cUxQTFg1Z1gySHh2S040MkU3cHhpQ2c1NlVDRzN0VVh2N1ZJcmh2NHpqVjlfMk5iSVl5aDJwa28tYnFZV0ZNVllJYlY4ZEVmRXJVLWFSMUZpZUZlZmpBTjV4Y1VZbHI2Zk1QQzNVVTIxblVnMW1nR2liSXlZd2xaQzJRSDExQkhYNEp6dzVWaFNsTy1zcmxzQkZiVWJGWXMwTzd6WXdaUllUWEdIbDFXYm5sWVR3WlZRN1o5SWFuWWI5ZWlISFdOcERhYlRCWTk?oc=5\" target=\"_blank\" rel=\"noopener\">L\u00e9a Salam\u00e9 au 20 heures : et si France T\u00e9l\u00e9visions avait fait le mauvais choix<\/a>&nbsp;&nbsp;Le Point<\/li>\n<li><a href=\"https:\/\/news.google.com\/rss\/articles\/CBMikAFBVV95cUxQdURzMU1fNUtnODZoWnBOa0E2QVdDOWI5Vk0xLVl4dkIxZGdsX2hMclpBSy1nd0hhZXduRmNVWGd2SlNLVU9hTXhFVzhPVHduV1JUQnpqeklvLU9iMWsxSkZqWmR2ZWh0Q2QwTFVjS1lmMUtjdWdmNktaNHQzT3FSSHBxSUZtUUNyNUxBMzQzUXo?oc=5\" target=\"_blank\" rel=\"noopener\">L\u00e9a Salam\u00e9 \u00ab\u00a0pas satisfaite\u00a0\u00bb de ses d\u00e9buts au 20 heures de France 2 : apr\u00e8s un mois \u00e0 l&rsquo;antenne, la journaliste dresse un premier bilan<\/a>&nbsp;&nbsp;Yahoo Actualit\u00e9s<\/li>\n<li><a href=\"https:\/\/news.google.com\/rss\/articles\/CBMizAFBVV95cUxQbDQtUnQ4SEFuQ1Y2anZnbW5hR010c1d0a0h3UVAwd0tKNGtyMEJjLS1VWXZxMVhOZ2szRjBXN3VzbWpYMnZVcmlBOS1DV3pCRVJ2TWt2MVRVNTdPdFNWdGhNbDVQSEg4Vy1rTmNBVWRDZlJPNnBhTEJTeDh6V0lXU2JFQzNRX2h1Zy0yUFJZNndEcFFzVE5lZG8tZXRCdEV4bmZ0WUZKaW5CeTk0TjhZS2poUnQyaUJNYnpjUTZjN3VLOFVCNGNlOHB2eko?oc=5\" target=\"_blank\" rel=\"noopener\">L\u00e9a Salam\u00e9 sans filtre sur sa crise d\u2019adolescence \u201chyper violente\u201d : \u201cJ\u2019ai \u00e9t\u00e9 horrible\u201d<\/a>&nbsp;&nbsp;Gala<\/li>\n<\/ol>\n","protected":false},"excerpt":{"rendered":"\u00ab\u00a0Un journal de tr\u00e8s grande qualit\u00e9\u00a0\u00bb : sur RTL, la patronne de France T\u00e9l\u00e9visions se dit \u00ab\u00a0ravie de&hellip;\n","protected":false},"author":2,"featured_media":418508,"comment_status":"","ping_status":"","sticky":false,"template":"","format":"standard","meta":{"footnotes":""},"categories":[1356],"tags":[58,59,107,1011,27,2400,500,362,252,1364],"class_list":{"0":"post-418507","1":"post","2":"type-post","3":"status-publish","4":"format-standard","5":"has-post-thumbnail","7":"category-television","8":"tag-divertissement","9":"tag-entertainment","10":"tag-fil-info","11":"tag-fr","12":"tag-france","13":"tag-france-televisions","14":"tag-medias","15":"tag-replay","16":"tag-television","17":"tag-tv"},"share_on_mastodon":{"url":"https:\/\/pubeurope.com\/@fr\/115269721448931460","error":""},"_links":{"self":[{"href":"https:\/\/www.europesays.com\/fr\/wp-json\/wp\/v2\/posts\/418507","targetHints":{"allow":["GET"]}}],"collection":[{"href":"https:\/\/www.europesays.com\/fr\/wp-json\/wp\/v2\/posts"}],"about":[{"href":"https:\/\/www.europesays.com\/fr\/wp-json\/wp\/v2\/types\/post"}],"author":[{"embeddable":true,"href":"https:\/\/www.europesays.com\/fr\/wp-json\/wp\/v2\/users\/2"}],"replies":[{"embeddable":true,"href":"https:\/\/www.europesays.com\/fr\/wp-json\/wp\/v2\/comments?post=418507"}],"version-history":[{"count":0,"href":"https:\/\/www.europesays.com\/fr\/wp-json\/wp\/v2\/posts\/418507\/revisions"}],"wp:featuredmedia":[{"embeddable":true,"href":"https:\/\/www.europesays.com\/fr\/wp-json\/wp\/v2\/media\/418508"}],"wp:attachment":[{"href":"https:\/\/www.europesays.com\/fr\/wp-json\/wp\/v2\/media?parent=418507"}],"wp:term":[{"taxonomy":"category","embeddable":true,"href":"https:\/\/www.europesays.com\/fr\/wp-json\/wp\/v2\/categories?post=418507"},{"taxonomy":"post_tag","embeddable":true,"href":"https:\/\/www.europesays.com\/fr\/wp-json\/wp\/v2\/tags?post=418507"}],"curies":[{"name":"wp","href":"https:\/\/api.w.org\/{rel}","templated":true}]}}