{"id":418509,"date":"2025-09-26T08:45:14","date_gmt":"2025-09-26T08:45:14","guid":{"rendered":"https:\/\/www.europesays.com\/fr\/418509\/"},"modified":"2025-09-26T08:45:14","modified_gmt":"2025-09-26T08:45:14","slug":"natasha-st-pier-est-de-retour-avec-sa-plus-belle-histoire-damour-je-ne-suis-pas-la-chanteuse-preferee-de-mon-fils","status":"publish","type":"post","link":"https:\/\/www.europesays.com\/fr\/418509\/","title":{"rendered":"Natasha St-Pier est de retour avec sa plus belle histoire d&rsquo;amour\u00a0: \u00ab\u00a0Je ne suis pas la chanteuse pr\u00e9f\u00e9r\u00e9e de mon fils\u00a0\u00bb"},"content":{"rendered":"<p>Natasha St-Pier : \u00ab\u00a0J&rsquo;en suis assez contente\u00a0\u00bb<\/p>\n<p class=\"text-left ap-StoryElement ap-StoryElement--mb ap-StoryText\">\u00ab\u00a0J&rsquo;ai commenc\u00e9 \u00e0 \u00e9crire sur ces dix saintes parce qu&rsquo;un jour, lorsque je me suis rendu dans une \u00e9glise pour chanter le spectacle Jeanne d&rsquo;Arc, j&rsquo;ai d\u00e9couvert que le pr\u00eatre qui y officiait aimait bien faire de la place aux femmes. Il avait invit\u00e9 une sculptrice \u00e0 inscrire sur l&rsquo;autel le nom de dix femmes qui avaient marqu\u00e9 l&rsquo;\u00c9glise catholique. C&rsquo;est ce qui m&rsquo;a donn\u00e9 envie de revenir sur le parcours de ces femmes qui viennent d&rsquo;\u00e9poques diff\u00e9rentes et sur leur force de caract\u00e8re. J&rsquo;ai d&rsquo;abord essay\u00e9 de le faire par album, mais \u00e7a n&rsquo;a pas donn\u00e9 ce que j&rsquo;esp\u00e9rais donc j&rsquo;en ai \u00e9crit un livre et j&rsquo;en suis assez contente\u00a0\u00bb, explique Natasha St-Pier, f\u00e9rue d&rsquo;Histoire.<\/p>\n<p><a href=\"https:\/\/www.dhnet.be\/medias\/television\/2025\/04\/25\/qui-succedera-a-natasha-st-pier-derniere-gagnante-de-danse-avec-les-stars-voici-nos-pronostics-EYFGFTB5GRDCNKLD6T4APAAUTE\/\" target=\"_blank\" rel=\"noopener noreferrer\" class=\"ap-StoryInterstitialLink ap-StoryElement ap-StoryElement--mb\">Icon payant Qui succ\u00e9dera \u00e0 Natasha St-Pier, derni\u00e8re gagnante de \u00ab\u00a0Danse avec les stars\u00a0\u00bb ? Voici nos pronostics<\/a><\/p>\n<p class=\"text-left ap-StoryElement ap-StoryElement--mb ap-StoryText\"><b>Quels sont les portraits qui vous ont le plus surpris en faisant vos recherches<\/b> <b>?<\/b><\/p>\n<p class=\"text-left ap-StoryElement ap-StoryElement--mb ap-StoryText\">\u00ab\u00a0Hildegarde von Bingen m&rsquo;a surprise par son c\u00f4t\u00e9 visionnaire. \u00c0 son \u00e9poque, alors que ce n&rsquo;\u00e9tait pas encore un sujet comme \u00e7a l&rsquo;est aujourd&rsquo;hui, elle parlait d\u00e9j\u00e0 d&rsquo;\u00e9cologie. M\u00e8re Teresa est aussi tr\u00e8s inspirante aussi parce qu&rsquo;elle disait qu&rsquo;elle n&rsquo;avait rien, qu&rsquo;elle ne pouvait pas aider les pauvres de mani\u00e8re financi\u00e8re mais qu&rsquo;elle pouvait leur donner autre chose, comme une pr\u00e9sence et un sourire. Elle savait que ce n&rsquo;\u00e9tait qu&rsquo;une goutte d&rsquo;eau dans l&rsquo;oc\u00e9an mais elle le faisait. On le voit, avec le recul, \u00e0 quel point cette goutte d&rsquo;eau a r\u00e9sonn\u00e9 et pris de la place.\u00a0\u00bb<\/p>\n<p class=\"text-left ap-StoryElement ap-StoryElement--mb ap-StoryText\"><b>Est-ce essentiel, \u00e0 notre \u00e9poque, de mettre davantage les femmes en avant, selon vous<\/b> <b>?<\/b><\/p>\n<p class=\"text-left ap-StoryElement ap-StoryElement--mb ap-StoryText\">\u00ab\u00a0Oui car il y a des femmes, avant moi, qui se sont battues pour qu&rsquo;aujourd&rsquo;hui je puisse \u00eatre qui je suis, faire ce que je fais et pour que je puisse avoir le droit d&rsquo;avoir le choix. Et, il ne faut pas arr\u00eater d&rsquo;en parler. Le chemin est encore long car aujourd&rsquo;hui, le combat de la reconnaissance de l&rsquo;\u00e9galit\u00e9 intellectuelle entre hommes et femmes n&rsquo;est pas encore gagn\u00e9.\u00a0\u00bb<\/p>\n<p class=\"text-left ap-StoryElement ap-StoryElement--mb ap-StoryText\"><b>De quelle sainte vous sentez-vous la plus proche<\/b> <b>?<\/b><\/p>\n<p class=\"text-left ap-StoryElement ap-StoryElement--mb ap-StoryText\">\u00ab\u00a0Sainte-Th\u00e9r\u00e8se de Lisieux car je l&rsquo;ai beaucoup chant\u00e9e et lue. Je me suis tellement plong\u00e9e dans son histoire, \u00e0 travers son journal intime, que j&rsquo;ai l&rsquo;impression de la conna\u00eetre personnellement.\u00a0\u00bb<\/p>\n<p><a href=\"https:\/\/www.dhnet.be\/medias\/livresbd\/2025\/01\/17\/ca-ma-traumatise-christophe-licata-revient-sur-limpact-que-le-clash-entre-ines-reg-et-natasha-st-pier-a-eu-sur-sa-vie-ONKXSPBNPFBKBIGFB2GU4UUYIA\/\" target=\"_blank\" rel=\"noopener noreferrer\" class=\"ap-StoryInterstitialLink ap-StoryElement ap-StoryElement--mb\">Icon payant \u00ab\u00a0\u00c7a m&rsquo;a traumatis\u00e9\u00a0\u00bb : Christophe Licata revient sur l&rsquo;impact que le clash entre In\u00e8s Reg et Natasha St Pier a eu sur sa vie<\/a><\/p>\n<p class=\"text-left ap-StoryElement ap-StoryElement--mb ap-StoryText\"><b>Apr\u00e8s avoir chant\u00e9 dans les \u00e9glises, vous \u00e9crivez sur les saintes. Quel est votre lien avec la religion et la spiritualit\u00e9<\/b> <b>?<\/b><\/p>\n<p class=\"ap-StoryElement ap-StoryElement--mb ap-StoryText\">\u00ab\u00a0J&rsquo;ai toujours eu une forte connexion avec la spiritualit\u00e9. Ma maman a travaill\u00e9 dans les h\u00f4pitaux o\u00f9 elle \u00e9tait en contact avec des patients op\u00e9r\u00e9s, des personnes \u00e2g\u00e9es, des grands accident\u00e9s, etc. Elle a c\u00f4toy\u00e9 des gens qui ont v\u00e9cu une exp\u00e9rience de mort imminente. Elle a toujours eu des retours int\u00e9ressants \u00e0 nous faire de son travail. Quand on entend tout \u00e7a, \u00e7a ne peut qu&rsquo;\u00e9veiller notre spiritualit\u00e9.\u00a0\u00bb<\/p>\n<p class=\"text-left ap-StoryElement ap-StoryElement--mb ap-StoryText\"><b>Ce vendredi 26 septembre, vous sortez<\/b> <b>\u00ab\u00a0Ma plus belle histoire d&rsquo;amour\u00a0\u00bb, un album dans lequel vous reprenez des grands titres qui vous rappellent des souvenirs. Pouvez-vous en partager un avec nous<\/b> <b>?<\/b><\/p>\n<p class=\"text-left ap-StoryElement ap-StoryElement--mb ap-StoryText\">\u00ab\u00a0Je dirais que la chanson qui me ram\u00e8ne le plus \u00e0 mon enfance est Si j&rsquo;\u00e9tais un homme de Diane Tell. Je l&rsquo;ai beaucoup \u00e9cout\u00e9e. Pendant longtemps, je pensais que la chanteuse y disait : \u00ab\u00a0Si les hommes n&rsquo;\u00e9taient pas si press\u00e9s de prendre mes tresses\u00a0\u00bb alors qu&rsquo;en r\u00e9alit\u00e9 elle dit : \u00ab\u00a0Si les hommes n&rsquo;\u00e9taient pas si press\u00e9s de prendre ma\u00eetresse\u00a0\u00bb. Et, m\u00eame sans comprendre ce qu&rsquo;elle voulait vraiment dire, cette chanson me touchait.\u00a0\u00bb<\/p>\n<p class=\"text-left ap-StoryElement ap-StoryElement--mb ap-StoryText\"><b>Que cela vous fait-il de les interpr\u00e9ter sur sc\u00e8ne<\/b> <b>?<\/b><\/p>\n<p class=\"text-left ap-StoryElement ap-StoryElement--mb ap-StoryText\">\u00ab\u00a0Je m&rsquo;autorise \u00e0 m&rsquo;approprier ces chansons le temps d&rsquo;un album ou d&rsquo;une tourn\u00e9e avant de les restituer \u00e0 ceux qui les ont faites. Comme une petite fille qui va emprunter les fringues de sa m\u00e8re pour jouer \u00e0 la grande, je vais emprunter ces chansons et jouer \u00e0 la grande interpr\u00e8te le temps d&rsquo;un spectacle. J&rsquo;aurais \u00e9videmment aim\u00e9 que ces chansons soient miennes.\u00a0\u00bb<\/p>\n<p class=\"text-left ap-StoryElement ap-StoryElement--mb ap-StoryText\"><b>\u00c7a vous d\u00e9range qu&rsquo;apr\u00e8s autant d&rsquo;ann\u00e9es de carri\u00e8re et plusieurs albums sortis, on vous redemande sans cesse vos plus gros titres comme<\/b><b> Tu trouveras <\/b><b>ou encore <\/b><b>Mourir demain<\/b> <b>?<\/b><\/p>\n<p class=\"ap-StoryElement ap-StoryElement--mb ap-StoryText\">\u00ab\u00a0Non, pas du tout. C&rsquo;est le r\u00eave de chaque artiste d&rsquo;avoir au moins une chanson marquante. Moi, j&rsquo;ai la chance d&rsquo;en avoir quatre ou cinq. Je ne vais pas m&rsquo;en plaindre, loin de l\u00e0\u2026\u00a0\u00bb<\/p>\n<p class=\"ap-StoryElement ap-StoryElement--mb ap-StoryText\"><b>Sur VivaCit\u00e9, vous avez expliqu\u00e9 votre fils n&rsquo;\u00e9tait pas sp\u00e9cialement fan de vos chansons\u2026<\/b><\/p>\n<p class=\"ap-StoryElement ap-StoryElement--mb ap-StoryText\">\u00ab\u00a0Effectivement, je ne suis pas la chanteuse pr\u00e9f\u00e9r\u00e9e de mon fils. Heureusement en fait, sinon la relation serait un peu malsaine. Lui aussi s&rsquo;exprime \u00e0 travers la musique et a sa propre personnalit\u00e9. Il n&rsquo;est pas mon miroir. Mais, j&rsquo;avoue que je suis tr\u00e8s fi\u00e8re quand il \u00e9coute ou fredonne une de mes chansons\u2026\u00a0\u00bb<\/p>\n<p><a href=\"https:\/\/www.dhnet.be\/medias\/musique\/2024\/11\/17\/natasha-st-pier-et-sa-famille-ont-une-petite-tradition-pour-noel-ca-nous-rappelle-plein-de-souvenirs-E3H2JZH4QZBSPC4YIAA2IHVE4A\/\" target=\"_blank\" rel=\"noopener noreferrer\" class=\"ap-StoryInterstitialLink ap-StoryElement ap-StoryElement--mb\">Icon payant Natasha St Pier et sa famille ont une petite tradition pour No\u00ebl: \u00ab\u00a0\u00c7a nous rappelle plein de souvenirs\u00a0\u00bb<\/a><\/p>\n<p class=\"text-left ap-StoryElement ap-StoryElement--mb ap-StoryText\"><b>Aimeriez-vous qu&rsquo;il marche sur vos pas<\/b> <b>?<\/b><\/p>\n<p class=\"ap-StoryElement ap-StoryElement--mb ap-StoryText\">\u00ab\u00a0Il n&rsquo;a pas du tout envie de suivre mes pas. Il a une fibre artistique tr\u00e8s d\u00e9velopp\u00e9e mais il n&rsquo;a pas du tout envie d&rsquo;\u00eatre connu.\u00a0\u00bb<\/p>\n<p class=\"ap-StoryElement ap-StoryElement--mb ap-StoryText\">Natasha St-Pier en concert : Le 10 octobre au Th\u00e9\u00e2tre Royal de Mons. Infos et r\u00e9servations sur www.ticketmaster.be.<\/p>\n","protected":false},"excerpt":{"rendered":"Natasha St-Pier : \u00ab\u00a0J&rsquo;en suis assez contente\u00a0\u00bb \u00ab\u00a0J&rsquo;ai commenc\u00e9 \u00e0 \u00e9crire sur ces dix saintes parce qu&rsquo;un jour,&hellip;\n","protected":false},"author":2,"featured_media":418510,"comment_status":"","ping_status":"","sticky":false,"template":"","format":"standard","meta":{"footnotes":""},"categories":[1355],"tags":[58,59,1011,27,2003,1361,873,13783,4020],"class_list":{"0":"post-418509","1":"post","2":"type-post","3":"status-publish","4":"format-standard","5":"has-post-thumbnail","7":"category-musique","8":"tag-divertissement","9":"tag-entertainment","10":"tag-fr","11":"tag-france","12":"tag-livre","13":"tag-music","14":"tag-musique","15":"tag-natasha-st-pier","16":"tag-religion"},"share_on_mastodon":{"url":"https:\/\/pubeurope.com\/@fr\/115269725493497076","error":""},"_links":{"self":[{"href":"https:\/\/www.europesays.com\/fr\/wp-json\/wp\/v2\/posts\/418509","targetHints":{"allow":["GET"]}}],"collection":[{"href":"https:\/\/www.europesays.com\/fr\/wp-json\/wp\/v2\/posts"}],"about":[{"href":"https:\/\/www.europesays.com\/fr\/wp-json\/wp\/v2\/types\/post"}],"author":[{"embeddable":true,"href":"https:\/\/www.europesays.com\/fr\/wp-json\/wp\/v2\/users\/2"}],"replies":[{"embeddable":true,"href":"https:\/\/www.europesays.com\/fr\/wp-json\/wp\/v2\/comments?post=418509"}],"version-history":[{"count":0,"href":"https:\/\/www.europesays.com\/fr\/wp-json\/wp\/v2\/posts\/418509\/revisions"}],"wp:featuredmedia":[{"embeddable":true,"href":"https:\/\/www.europesays.com\/fr\/wp-json\/wp\/v2\/media\/418510"}],"wp:attachment":[{"href":"https:\/\/www.europesays.com\/fr\/wp-json\/wp\/v2\/media?parent=418509"}],"wp:term":[{"taxonomy":"category","embeddable":true,"href":"https:\/\/www.europesays.com\/fr\/wp-json\/wp\/v2\/categories?post=418509"},{"taxonomy":"post_tag","embeddable":true,"href":"https:\/\/www.europesays.com\/fr\/wp-json\/wp\/v2\/tags?post=418509"}],"curies":[{"name":"wp","href":"https:\/\/api.w.org\/{rel}","templated":true}]}}