{"id":418519,"date":"2025-09-26T08:52:18","date_gmt":"2025-09-26T08:52:18","guid":{"rendered":"https:\/\/www.europesays.com\/fr\/418519\/"},"modified":"2025-09-26T08:52:18","modified_gmt":"2025-09-26T08:52:18","slug":"voici-les-meilleures-offres-en-direct-de-ce-vendredi","status":"publish","type":"post","link":"https:\/\/www.europesays.com\/fr\/418519\/","title":{"rendered":"voici les meilleures offres en DIRECT de ce vendredi"},"content":{"rendered":"<p>L\u2019\u00e9t\u00e9 est termin\u00e9 et No\u00ebl se rapproche \u00e0 grands pas. Eh oui, on est sur la p\u00e9riode de fin d\u2019ann\u00e9e et c\u2019est le meilleur moment pour faire de bonnes affaires. En ce moment, ce sont les French Days chez la majorit\u00e9 des e-commer\u00e7ants et les prix sont d\u00e9j\u00e0 tr\u00e8s int\u00e9ressants. Voici les meilleures offres Tech s\u00e9lectionn\u00e9es par la r\u00e9daction. <\/p>\n<p><a target=\"_blank\" href=\"https:\/\/images.frandroid.com\/wp-content\/uploads\/2025\/09\/french-days-frandroid-en-direct.jpg\" class=\"article-content__figure\" rel=\"noopener\"><img fetchpriority=\"high\" decoding=\"async\" loading=\"eager\" width=\"1200\" height=\"675\" src=\"https:\/\/www.europesays.com\/fr\/wp-content\/uploads\/2025\/09\/french-days-frandroid-en-direct.jpg\" alt=\"\" class=\"wp-image-2808951 wp-image wp-image\"  \/><\/a><\/p>\n<p>La p\u00e9riode des fortes promotions est enfin de retour ! Les offres ont \u00e9t\u00e9 assez timides depuis les soldes cet \u00e9t\u00e9, mais les French Days reviennent d\u00e8s maintenant pour une deuxi\u00e8me \u00e9dition de l\u2019ann\u00e9e. Au programme : des tonnes de promotions sur les <a href=\"https:\/\/www.frandroid.com\/bons-plans\/bons-plans-smartphone\" target=\"_blank\" rel=\"noopener\">smartphones<\/a>, <a href=\"https:\/\/www.frandroid.com\/bons-plans\/bons-plans-tablette\" target=\"_blank\" rel=\"noopener\">tablettes<\/a>, <a href=\"https:\/\/www.frandroid.com\/bons-plans\/bons-plans-tv\" target=\"_blank\" rel=\"noopener\">TV,<\/a> <a href=\"https:\/\/www.frandroid.com\/bons-plans\/bons-plans-pc-portable\" target=\"_blank\" rel=\"noopener\">PC portables<\/a>, <a href=\"https:\/\/www.frandroid.com\/bons-plans\/bons-plans-audio\" target=\"_blank\" rel=\"noopener\">casques ou \u00e9couteurs sans fil<\/a> et <a href=\"https:\/\/www.frandroid.com\/bons-plans\/bons-plans-objets-connectes\" target=\"_blank\" rel=\"noopener\">objets connect\u00e9s<\/a>. Pour vous, la r\u00e9daction de Frandroid a choisi les meilleures d\u2019entre elles.<\/p>\n<p>Les meilleures offres des French Days 2025 <\/p>\n<p>Notez que plusieurs e-commer\u00e7ants proposent des codes promos pour l\u2019occasion. <\/p>\n<ul class=\"wp-block-list\">\n<li><a href=\"https:\/\/shop.frandroid.com\/ljxie23h\" target=\"_blank\" rel=\"noreferrer noopener affiliate nofollow\" data-gtm=\"{&quot;event&quot;:&quot;afficlic&quot;,&quot;nom_marchand&quot;:&quot;amazon_fr&quot;,&quot;nom_produit&quot;:&quot;inconnu&quot;,&quot;categorie_produit&quot;:&quot;inconnu&quot;,&quot;module_produit&quot;:&quot;editolink&quot;,&quot;position_marchand&quot;:0,&quot;texte&quot;:&quot;amazon&quot;,&quot;offer_url&quot;:&quot;https:\/\/shop.frandroid.com\/ljxie23h&quot;,&quot;zone&quot;:&quot;contenu-page&quot;}\">Amazon<\/a> propose 10 \u20ac offerts d\u00e8s 50 \u20ac d\u2019achat avec le code promo <strong>AMZ10<\/strong>.<\/li>\n<li><a href=\"https:\/\/shop.frandroid.com\/nc5bmww0\" target=\"_blank\" rel=\"noreferrer noopener affiliate nofollow\" data-gtm=\"{&quot;event&quot;:&quot;afficlic&quot;,&quot;nom_marchand&quot;:&quot;cdiscount&quot;,&quot;nom_produit&quot;:&quot;inconnu&quot;,&quot;categorie_produit&quot;:&quot;inconnu&quot;,&quot;module_produit&quot;:&quot;editolink&quot;,&quot;position_marchand&quot;:0,&quot;texte&quot;:&quot;cdiscount&quot;,&quot;offer_url&quot;:&quot;https:\/\/shop.frandroid.com\/nc5bmww0&quot;,&quot;zone&quot;:&quot;contenu-page&quot;}\">Cdiscount<\/a> propose 15 \u20ac offerts d\u00e8s 129 \u20ac d\u2019achat avec le code <strong>COCORICO15 <\/strong>et 25 \u20ac d\u00e8s 249 \u20ac d\u2019achat avec le code <strong>COCORICO25<\/strong>.<\/li>\n<li><a href=\"https:\/\/shop.frandroid.com\/b67xern9\" target=\"_blank\" rel=\"noreferrer noopener affiliate nofollow\" data-gtm=\"{&quot;event&quot;:&quot;afficlic&quot;,&quot;nom_marchand&quot;:&quot;darty&quot;,&quot;nom_produit&quot;:&quot;inconnu&quot;,&quot;categorie_produit&quot;:&quot;inconnu&quot;,&quot;module_produit&quot;:&quot;editolink&quot;,&quot;position_marchand&quot;:0,&quot;texte&quot;:&quot;darty&quot;,&quot;offer_url&quot;:&quot;https:\/\/shop.frandroid.com\/b67xern9&quot;,&quot;zone&quot;:&quot;contenu-page&quot;}\">Darty<\/a> propose trois codes sur les univers PC portables (hors Apple), PC de bureau (toujours hors Apple) et Mobilit\u00e9 Urbaine : 60 \u20ac de remise imm\u00e9diate d\u00e8s 600 \u20ac d\u2019achat avec <strong>FDAYS60 <\/strong>; 80 \u20ac de remise imm\u00e9diate d\u00e8s 800 e d\u2019achat avec <strong>FDAYS80 <\/strong>et 100 \u20ac de remise imm\u00e9diate d\u00e8s 1 000 \u20ac d\u2019achat avec <strong>FDAYS100<\/strong>.<\/li>\n<\/ul>\n<p>            mises \u00e0 jour disponibles<\/p>\n<p>Apr\u00e8s une officialisation peu de temps apr\u00e8s la sortie de la Switch 2 de Nintendo, les Asus ROG Xbox Ally et Asus ROG Xbox Ally X sont d\u00e8s \u00e0 pr\u00e9sent disponibles en pr\u00e9commande, et d\u00e9j\u00e0 en promotion gr\u00e2ce aux French Days. <\/p>\n<p><a target=\"_blank\" href=\"https:\/\/images.frandroid.com\/wp-content\/uploads\/2025\/09\/xbox-ally-french-days-2025.jpg\" class=\"article-content__figure\" rel=\"noopener\"><img loading=\"lazy\" decoding=\"async\" width=\"1200\" height=\"675\" src=\"https:\/\/www.europesays.com\/fr\/wp-content\/uploads\/2025\/09\/xbox-ally-french-days-2025-1200x675.jpg\" alt=\"\" class=\"wp-image-2808989 wp-image\"  \/><\/a><\/p>\n<p>French Days oblige : les consoles de Sony passent en promo. Deux choix s\u2019offrent aux joueurs : l\u2019\u00e9dition 100 % digitale, sans lecteur de disque, ou la version standard, toujours \u00e9quip\u00e9e d\u2019un support physique. Dans les deux cas, la m\u00eame machine, le m\u00eame ADN, et des performances qui tiennent la sc\u00e8ne depuis 2020. <\/p>\n<p><a href=\"https:\/\/images.frandroid.com\/wp-content\/uploads\/2025\/09\/ps5-slim-standard-pro-french-days-frandroid.jpg\" target=\"_blank\" class=\"article-content__figure\" rel=\"noopener\"><img loading=\"lazy\" decoding=\"async\" width=\"1200\" height=\"675\" src=\"https:\/\/www.europesays.com\/fr\/wp-content\/uploads\/2025\/09\/ps5-slim-standard-pro-french-days-frandroid-1200x675.jpg\" alt=\"\" class=\"wp-image-2804721 wp-image\"  \/><\/a><\/p>\n<ul class=\"wp-block-list\">\n<li>Un SSD de 1 To, taill\u00e9 pour r\u00e9duire les temps de chargement au silence radio.<\/li>\n<li>Une exp\u00e9rience 4K HDR fluide, avec ray tracing et jusqu\u2019\u00e0 120 FPS.<\/li>\n<li>Le Tempest 3D Audio Tech, qui transforme chaque partie en salle de cin\u00e9ma.<\/li>\n<\/ul>\n<p>Au lieu de 549 euros, la PlayStation 5 Slim Standard est <a href=\"https:\/\/shop.frandroid.com\/yxc36sug\" target=\"_blank\" rel=\"noreferrer noopener affiliate nofollow\" data-gtm=\"{&quot;event&quot;:&quot;afficlic&quot;,&quot;nom_marchand&quot;:&quot;cdiscount&quot;,&quot;nom_produit&quot;:&quot;inconnu&quot;,&quot;categorie_produit&quot;:&quot;inconnu&quot;,&quot;module_produit&quot;:&quot;editolink&quot;,&quot;position_marchand&quot;:0,&quot;texte&quot;:&quot;aujourd-hui-disponible-en-promotion-a-454-euros-sur-cdiscount&quot;,&quot;offer_url&quot;:&quot;https:\/\/shop.frandroid.com\/yxc36sug&quot;,&quot;zone&quot;:&quot;contenu-page&quot;}\">aujourd\u2019hui disponible en promotion \u00e0 474 euros sur Cdiscount<\/a> <strong>avec le code : COCORICO25<\/strong>. Quant \u00e0 la version Slim Digital, au lieu de 499 euros, elle se trouve <a href=\"https:\/\/shop.frandroid.com\/sw8de8ro\" target=\"_blank\" rel=\"noreferrer noopener affiliate nofollow\" data-gtm=\"{&quot;event&quot;:&quot;afficlic&quot;,&quot;nom_marchand&quot;:&quot;cdiscount&quot;,&quot;nom_produit&quot;:&quot;inconnu&quot;,&quot;categorie_produit&quot;:&quot;inconnu&quot;,&quot;module_produit&quot;:&quot;editolink&quot;,&quot;position_marchand&quot;:0,&quot;texte&quot;:&quot;aujourd-hui-a-364-euros-chez-cdiscount&quot;,&quot;offer_url&quot;:&quot;https:\/\/shop.frandroid.com\/sw8de8ro&quot;,&quot;zone&quot;:&quot;contenu-page&quot;}\">aujourd\u2019hui \u00e0 374 euros chez Cdiscount<\/a> avec <strong>le m\u00eame code promo<\/strong>.<\/p>\n<p>La PlayStation 5 Pro est aussi en promotion sur <a href=\"https:\/\/shop.frandroid.com\/57skei5y\" target=\"_blank\" rel=\"noreferrer noopener affiliate nofollow\" data-gtm=\"{&quot;event&quot;:&quot;afficlic&quot;,&quot;nom_marchand&quot;:&quot;cdiscount&quot;,&quot;nom_produit&quot;:&quot;inconnu&quot;,&quot;categorie_produit&quot;:&quot;inconnu&quot;,&quot;module_produit&quot;:&quot;editolink&quot;,&quot;position_marchand&quot;:0,&quot;texte&quot;:&quot;cdiscount-a-774-euros-au-lieu-de-799-euros&quot;,&quot;offer_url&quot;:&quot;https:\/\/shop.frandroid.com\/57skei5y&quot;,&quot;zone&quot;:&quot;contenu-page&quot;}\">Cdiscount \u00e0 774 euros au lieu de 799 euros<\/a>, toujours avec le <strong>code promo :<\/strong> <strong>COCORICO25<\/strong>.<\/p>\n<p>Voici un ensemble qui vous \u00e9quipe de la t\u00eate aux poignets pour moins de 450 euros avec : le smartphone Honor 400, la montre connect\u00e9e Watch 2i et le casque Headphones Pro. <\/p>\n<p><a href=\"https:\/\/images.frandroid.com\/wp-content\/uploads\/2025\/09\/pack-honor-400-watch-2i-headphone-pro-french-days-frandroid.jpg\" target=\"_blank\" class=\"article-content__figure\" rel=\"noopener\"><img loading=\"lazy\" decoding=\"async\" width=\"1200\" height=\"675\" src=\"https:\/\/www.europesays.com\/fr\/wp-content\/uploads\/2025\/09\/pack-honor-400-watch-2i-headphone-pro-french-days-frandroid-1200x675.jpg\" alt=\"\" class=\"wp-image-2808661 wp-image\"  \/><\/a><\/p>\n<ul class=\"wp-block-list\">\n<li>Un smartphone ultra-lumineux et blind\u00e9 de puissance.<\/li>\n<li>Une montre qui encaisse tout, m\u00eame vos exc\u00e8s.<\/li>\n<li>Un casque qui vous coupe du monde avec 80h d\u2019autonomie.<\/li>\n<\/ul>\n<p>Au lieu de 749 euros, le pack Honor 400, Watch 2i et Headphone Pro est <a href=\"https:\/\/shop.frandroid.com\/ly6kqmy5\" target=\"_blank\" rel=\"noreferrer noopener affiliate nofollow\" data-gtm=\"{&quot;event&quot;:&quot;afficlic&quot;,&quot;nom_marchand&quot;:&quot;honor&quot;,&quot;nom_produit&quot;:&quot;inconnu&quot;,&quot;categorie_produit&quot;:&quot;inconnu&quot;,&quot;module_produit&quot;:&quot;editolink&quot;,&quot;position_marchand&quot;:0,&quot;texte&quot;:&quot;aujourd-hui-disponible-en-promotion-a-449-euros-sur-le-site-officiel-d-honor&quot;,&quot;offer_url&quot;:&quot;https:\/\/shop.frandroid.com\/ly6kqmy5&quot;,&quot;zone&quot;:&quot;contenu-page&quot;}\">aujourd\u2019hui disponible en promotion \u00e0 449 euros sur le site officiel d\u2019Honor<\/a>.<\/p>\n<p>L\u2019Oppo Reno 13 F 5G est un smartphone milieu de gamme qui poss\u00e8de une fiche technique solide tout en conservant un prix bas. Les French Days viennent abaisser le prix et le rendent encore plus accessible.<\/p>\n<p><a href=\"https:\/\/images.frandroid.com\/wp-content\/uploads\/2025\/09\/oppo-reno-13-f-5g-french-days.jpg\" target=\"_blank\" class=\"article-content__figure\" rel=\"noopener\"><img loading=\"lazy\" decoding=\"async\" width=\"1200\" height=\"675\" src=\"https:\/\/www.europesays.com\/fr\/wp-content\/uploads\/2025\/09\/oppo-reno-13-f-5g-french-days-1200x675.jpg\" alt=\"\" class=\"wp-image-2808517 wp-image\"  \/><\/a><\/p>\n<ul class=\"wp-block-list\">\n<li>Un \u00e9cran AMOLED de 6,67 pouces 120 Hz adaptatif<\/li>\n<li>Photo de jour de bon niveau et une puce \u00e9quilibr\u00e9e<\/li>\n<li>Une grosse batterie de 5 800 mAh et la charge rapide de 45 W<\/li>\n<\/ul>\n<p>Initialement \u00e0 329 euros, l\u2019Oppo Reno 13 F (256 Go) est en ce moment\u00a0<a href=\"https:\/\/shop.frandroid.com\/g5tlglzr\" target=\"_blank\" rel=\"noreferrer noopener affiliate nofollow\" data-gtm=\"{&quot;event&quot;:&quot;afficlic&quot;,&quot;nom_marchand&quot;:&quot;e_leclerc&quot;,&quot;nom_produit&quot;:&quot;inconnu&quot;,&quot;categorie_produit&quot;:&quot;inconnu&quot;,&quot;module_produit&quot;:&quot;editolink&quot;,&quot;position_marchand&quot;:0,&quot;texte&quot;:&quot;remise-a-269-euros-chez-e-leclerc&quot;,&quot;offer_url&quot;:&quot;https:\/\/shop.frandroid.com\/g5tlglzr&quot;,&quot;zone&quot;:&quot;contenu-page&quot;}\">remis\u00e9 \u00e0 269 euros chez E.Leclerc.<\/a><\/p>\n<p>La Legion Go S est une console portable sous Windows convaincante et offre un bon confort avec sa large diagonale d\u2019\u00e9cran.\u00a0Une console avec SteamOS pour faire tourner vos jeux poss\u00e9d\u00e9s sur la c\u00e9l\u00e8bre plateforme et qui co\u00fbte moins de 500 euros pendant les French Days. <\/p>\n<p><a href=\"https:\/\/images.frandroid.com\/wp-content\/uploads\/2025\/09\/lenovo-legion-go-s-french-days.jpg\" target=\"_blank\" class=\"article-content__figure\" rel=\"noopener\"><img loading=\"lazy\" decoding=\"async\" width=\"1200\" height=\"675\" src=\"https:\/\/www.europesays.com\/fr\/wp-content\/uploads\/2025\/09\/lenovo-legion-go-s-french-days-1200x675.jpg\" alt=\"\" class=\"wp-image-2808349 wp-image\"  \/><\/a><\/p>\n<ul class=\"wp-block-list\">\n<li>La taille de son \u00e9cran : 8 pouces pour jouer confortablement<\/li>\n<\/ul>\n<ul class=\"wp-block-list\">\n<li>Elle tient bien en main, sans \u00eatre trop envahissante<\/li>\n<\/ul>\n<ul class=\"wp-block-list\">\n<li>Legion Space, qui permet d\u2019avoir vos biblioth\u00e8ques Steam, Epic Game et Xbox au m\u00eame endroit<\/li>\n<\/ul>\n<p>Commercialis\u00e9e \u00e0 629,99 euros, puis remis\u00e9e \u00e0 579 euros, la Lenovo Legion Go S est en ce moment <a href=\"https:\/\/shop.frandroid.com\/s420hmwm\" target=\"_blank\" rel=\"noreferrer noopener affiliate nofollow\" data-gtm=\"{&quot;event&quot;:&quot;afficlic&quot;,&quot;nom_marchand&quot;:&quot;e_leclerc&quot;,&quot;nom_produit&quot;:&quot;inconnu&quot;,&quot;categorie_produit&quot;:&quot;inconnu&quot;,&quot;module_produit&quot;:&quot;editolink&quot;,&quot;position_marchand&quot;:0,&quot;texte&quot;:&quot;remisee-499-euros-chez-e-leclerc&quot;,&quot;offer_url&quot;:&quot;https:\/\/shop.frandroid.com\/s420hmwm&quot;,&quot;zone&quot;:&quot;contenu-page&quot;}\">remis\u00e9e 499 euros chez E.Leclerc.<\/a> <\/p>\n<p>Contrairement aux mod\u00e8les plus haut de gamme, <a href=\"https:\/\/www.frandroid.com\/produits\/tablettes-tactiles\/samsung\/2576337-samsung-galaxy-tab-s10-fe-plus\" target=\"_blank\" rel=\"noopener\">la Galaxy Tab S10 FE Plus <\/a>fait quelques sacrifices, au niveau de l\u2019affichage ou du processeur, mais c\u2019est une ardoise efficace au quotidien qui\u00a0a tout pour plaire. D\u2019autant plus maintenant qu\u2019elle co\u00fbte 200 euros de moins. <\/p>\n<p><a href=\"https:\/\/images.frandroid.com\/wp-content\/uploads\/2025\/09\/samsung-galaxy-tab-s10-fe-french-days.jpg\" target=\"_blank\" class=\"article-content__figure\" rel=\"noopener\"><img loading=\"lazy\" decoding=\"async\" width=\"1200\" height=\"675\" src=\"https:\/\/www.europesays.com\/fr\/wp-content\/uploads\/2025\/09\/samsung-galaxy-tab-s10-fe-french-days-1200x675.jpg\" alt=\"\" class=\"wp-image-2808471 wp-image\"  \/><\/a><\/p>\n<ul class=\"wp-block-list\">\n<li>Un grand \u00e9cran LCD \u00e0 90 Hz<\/li>\n<\/ul>\n<ul class=\"wp-block-list\">\n<li>Une batterie de 10 090 mAh<\/li>\n<\/ul>\n<p>Au d\u00e9part \u00e0 749 euros, la Samsung Galaxy Tab S10 FE Plus se trouve <a href=\"https:\/\/shop.frandroid.com\/5woypvhe\" target=\"_blank\" rel=\"noreferrer noopener affiliate nofollow\" data-gtm=\"{&quot;event&quot;:&quot;afficlic&quot;,&quot;nom_marchand&quot;:&quot;e_leclerc&quot;,&quot;nom_produit&quot;:&quot;inconnu&quot;,&quot;categorie_produit&quot;:&quot;inconnu&quot;,&quot;module_produit&quot;:&quot;editolink&quot;,&quot;position_marchand&quot;:0,&quot;texte&quot;:&quot;en-promotion-a-549-euros-sur-le-site-e-leclerc&quot;,&quot;offer_url&quot;:&quot;https:\/\/shop.frandroid.com\/5woypvhe&quot;,&quot;zone&quot;:&quot;contenu-page&quot;}\">en promotion \u00e0 549 euros sur le site E.Leclerc.<\/a> <\/p>\n<p>Si vous \u00eates \u00e0 la recherche d\u2019une trottinette \u00e9lectrique performante et abordable, la\u00a0Navee GT3\u00a0pr\u00e9sente de bons arguments pour vous faire craquer.\u00a0<\/p>\n<p><a href=\"https:\/\/www.europesays.com\/fr\/wp-content\/uploads\/2025\/09\/image-60-4.jpg\" target=\"_blank\" class=\"article-content__figure\"><img loading=\"lazy\" decoding=\"async\" width=\"1200\" height=\"675\" src=\"https:\/\/www.europesays.com\/fr\/wp-content\/uploads\/2025\/09\/image-60-4.jpg\" alt=\"\" class=\"wp-image-2808519 wp-image\"  \/><\/a><\/p>\n<ul class=\"wp-block-list\">\n<li>Une trottinette confortable avec un guidon rotatif<\/li>\n<li>Un moteur puissant pour gravir les pentes jusqu\u2019\u00e0 18 % d\u2019inclinaison<\/li>\n<li>Son autonomie solide : jusqu\u2019\u00e0 50 km<\/li>\n<\/ul>\n<p>De base \u00e0 499 euros, puis r\u00e9duite \u00e0 399 euros, la trottinette \u00e9lectrique Navee GT3 se n\u00e9gocie en ce moment\u00a0<a href=\"https:\/\/shop.frandroid.com\/71yeus18\" target=\"_blank\" rel=\"noreferrer noopener affiliate nofollow\">\u00e0 329 euros chez Carrefour<\/a>.<\/p>\n<p>Ce pack avec la nouvelle Xiaomi Redmi Pad 2 Pro (128 Go, Wi-Fi, Gris) accompagn\u00e9 de son cover clavier est d\u00e9j\u00e0 un bon plan lors des French Days. <\/p>\n<p><a href=\"https:\/\/images.frandroid.com\/wp-content\/uploads\/2025\/09\/pack-xiaomi-redmi-pad-2-pro-french-days-frandroid.jpg\" target=\"_blank\" class=\"article-content__figure\" rel=\"noopener\"><img loading=\"lazy\" decoding=\"async\" width=\"1200\" height=\"675\" src=\"https:\/\/www.europesays.com\/fr\/wp-content\/uploads\/2025\/09\/pack-xiaomi-redmi-pad-2-pro-french-days-frandroid-1200x675.jpg\" alt=\"\" class=\"wp-image-2808451 wp-image\"  \/><\/a><\/p>\n<ul class=\"wp-block-list\">\n<li>Un \u00e9cran 12,1\u2033 2.5K \u00e0 120 Hz qui sublime films, s\u00e9ries et jeux<\/li>\n<li>Une batterie 12 000 mAh qui tient sur la longueur<\/li>\n<li>Un Snapdragon 7s Gen 4 qui encaisse sans broncher<\/li>\n<li>Le clavier qui permet de transformer l\u2019ardoise en mini-pc<\/li>\n<\/ul>\n<p>Au lieu de 399 euros, le duo Xiaomi Redmi Pad 2 Pro et Cover Clavier est <a href=\"https:\/\/shop.frandroid.com\/4tx8cois\" target=\"_blank\" rel=\"noreferrer noopener affiliate nofollow\" data-gtm=\"{&quot;event&quot;:&quot;afficlic&quot;,&quot;nom_marchand&quot;:&quot;darty&quot;,&quot;nom_produit&quot;:&quot;inconnu&quot;,&quot;categorie_produit&quot;:&quot;inconnu&quot;,&quot;module_produit&quot;:&quot;editolink&quot;,&quot;position_marchand&quot;:0,&quot;texte&quot;:&quot;aujourd-hui-disponible-en-promotion-a-349-euros-sur-darty&quot;,&quot;offer_url&quot;:&quot;https:\/\/shop.frandroid.com\/4tx8cois&quot;,&quot;zone&quot;:&quot;contenu-page&quot;}\">aujourd\u2019hui disponible en promotion \u00e0 349 euros sur Darty<\/a>.<\/p>\n<p>Realme a d\u00e9gain\u00e9 de nouveaux smartphones cette ann\u00e9e, dont le GT 7T. Un mod\u00e8le qui s\u2019\u00e9quipe d\u2019une batterie massive et d\u2019un syst\u00e8me de charge vraiment rapide.<\/p>\n<p><a href=\"https:\/\/images.frandroid.com\/wp-content\/uploads\/2025\/09\/realme-gt-7t-french-days-2025.jpg\" target=\"_blank\" class=\"article-content__figure\" rel=\"noopener\"><img loading=\"lazy\" decoding=\"async\" width=\"1200\" height=\"675\" src=\"https:\/\/www.europesays.com\/fr\/wp-content\/uploads\/2025\/09\/realme-gt-7t-french-days-2025-1200x675.jpg\" alt=\"\" class=\"wp-image-2808341 wp-image\"  \/><\/a><\/p>\n<ul class=\"wp-block-list\">\n<li>Un \u00e9cran AMOLED lumineux de 6,8 pouces \u00e0 120 Hz<\/li>\n<li>De bonnes performances avec la puce Dimensity 8400-MAX<\/li>\n<li>Une batterie de massive de 7 000 mAh + charge 120 W<\/li>\n<\/ul>\n<p>Lanc\u00e9 au prix de 649,99 euros, le Realme GT 7T (12 + 256 Go) s\u2019affiche aujourd\u2019hui\u00a0<a href=\"https:\/\/shop.frandroid.com\/exefuca5\" target=\"_blank\" rel=\"noreferrer noopener affiliate nofollow\">\u00e0 seulement 309,99 euros sur AliExpress<\/a>. C\u2019est moiti\u00e9 prix !<\/p>\n<p>Id\u00e9ale pour les d\u00e9butants, la deuxi\u00e8me Xiaomi Electric Scooter 4 Lite est une trottinette \u00e9lectrique stable, maniable et surtout peu ch\u00e8re. <\/p>\n<p><a href=\"https:\/\/images.frandroid.com\/wp-content\/uploads\/2025\/09\/xiaomi-electric-scooter-4-lite-french-days-2025.jpg\" target=\"_blank\" class=\"article-content__figure\" rel=\"noopener\"><img loading=\"lazy\" decoding=\"async\" width=\"1200\" height=\"675\" src=\"https:\/\/www.europesays.com\/fr\/wp-content\/uploads\/2025\/09\/xiaomi-electric-scooter-4-lite-french-days-2025-1200x675.jpg\" alt=\"\" class=\"wp-image-2804699 wp-image\"  \/><\/a><\/p>\n<ul class=\"wp-block-list\">\n<li>Un mod\u00e8le certifi\u00e9 IPX4<\/li>\n<li>Des pneus plus larges<\/li>\n<li>Une puissance nominale de 300 W<\/li>\n<\/ul>\n<p>Initialement affich\u00e9e \u00e0 309,99 euros, la Xiaomi Electric Scooter 4 Lite (2nd Gen) est aujourd\u2019hui <a href=\"https:\/\/shop.frandroid.com\/nzworigl\" target=\"_blank\" rel=\"noreferrer noopener affiliate nofollow\" data-gtm=\"{&quot;event&quot;:&quot;afficlic&quot;,&quot;nom_marchand&quot;:&quot;boulanger&quot;,&quot;nom_produit&quot;:&quot;inconnu&quot;,&quot;categorie_produit&quot;:&quot;inconnu&quot;,&quot;module_produit&quot;:&quot;editolink&quot;,&quot;position_marchand&quot;:0,&quot;texte&quot;:&quot;disponible-en-promotion-a-269-99-euros-chez-boulanger&quot;,&quot;offer_url&quot;:&quot;https:\/\/shop.frandroid.com\/nzworigl&quot;,&quot;zone&quot;:&quot;contenu-page&quot;}\">disponible en promotion \u00e0 269,99 euros chez Boulanger<\/a>. <\/p>\n<p>Avec le mod\u00e8le NeoPix 130 Smart, Philips propose un petit vid\u00e9oprojecteur au rapport qualit\u00e9-prix int\u00e9ressant, puisqu\u2019il co\u00fbte, de base, 179 euros. Surtout qu\u2019il a tout pour plaire, puisqu\u2019il est connect\u00e9 et donc nativement \u00e9quip\u00e9 pour diffuser du contenu Netflix, Prime Video, YouTube ou toute autre plateforme de streaming.<\/p>\n<p><a href=\"https:\/\/www.europesays.com\/fr\/wp-content\/uploads\/2025\/09\/image-60.jpg\" target=\"_blank\" class=\"article-content__figure\"><img loading=\"lazy\" decoding=\"async\" width=\"1200\" height=\"675\" src=\"https:\/\/www.europesays.com\/fr\/wp-content\/uploads\/2025\/09\/image-60.jpg\" alt=\"\" class=\"wp-image-2808173 wp-image\"  \/><\/a><\/p>\n<ul class=\"wp-block-list\">\n<li>LuminOS et son acc\u00e8s aux plateformes de streaming<\/li>\n<li>Le design compact fait qu\u2019on peut le transporter partout<\/li>\n<li>Le Bluetooth permet de connecter un casque ou des \u00e9couteurs<\/li>\n<\/ul>\n<p>Au lieu de 179,99 euros, le Philips NeoPix 130 Smart est aujourd\u2019hui disponible en promotion\u00a0<a href=\"https:\/\/shop.frandroid.com\/ixwo5oss\" target=\"_blank\" rel=\"noreferrer noopener affiliate nofollow\">\u00e0 125,99 euros sur Carrefour<\/a>.<\/p>\n<p>La diff\u00e9rence entre une dalle OLED classique et une dalle OLED Evo, c\u2019est une image plus brillante et une pr\u00e9cision des couleurs sup\u00e9rieures d\u2019apr\u00e8s LG. Quoi qu\u2019il en soit, il est vrai que sa s\u00e9rie C4 fait partie des meilleures r\u00e9f\u00e9rences du march\u00e9.<\/p>\n<p><a href=\"https:\/\/www.europesays.com\/fr\/wp-content\/uploads\/2025\/09\/image-59-7.jpg\" target=\"_blank\" class=\"article-content__figure\"><img loading=\"lazy\" decoding=\"async\" width=\"1200\" height=\"675\" src=\"https:\/\/www.europesays.com\/fr\/wp-content\/uploads\/2025\/09\/image-59-7.jpg\" alt=\"\" class=\"wp-image-2808137 wp-image\"  \/><\/a><\/p>\n<ul class=\"wp-block-list\">\n<li>Le processeur a9 AI 4K Gen7 offre une gestion pr\u00e9cise des couleurs<\/li>\n<li>Il parvient \u00e0 virtualiser un son 9.1.2 et est compatible WOW Synergy<\/li>\n<li>Pour le gaming, il utilise le HDMI 2.1, VRR, ALLM et monte \u00e0 144 images\/seconde<\/li>\n<\/ul>\n<p>L\u2019ensemble LG OLED55C4 + barre de son LG S40TR est disponible <a href=\"https:\/\/shop.frandroid.com\/8l4rguw0\" target=\"_blank\" rel=\"noreferrer noopener affiliate nofollow\">\u00e0 999 euros sur PcComponentes<\/a>.<\/p>\n<p>Par ailleurs, le TV seul est disponible\u00a0<a href=\"https:\/\/shop.frandroid.com\/f4wmskvf\" target=\"_blank\" rel=\"noreferrer noopener affiliate nofollow\">\u00e0 941 euros<\/a>\u00a0chez le m\u00eame marchand, au lieu de 1 999 euros \u00e0 son lancement.<\/p>\n<p>Si vous avez la Nintendo Switch 2, vous \u00eates s\u00fbrement \u00e0 la recherche de nouveaux jeux. Et pourquoi pas avec une promotion ? Ce sont les French Days apr\u00e8s tout ! Voici une petite liste : <\/p>\n<p><a href=\"https:\/\/images.frandroid.com\/wp-content\/uploads\/2025\/09\/mario-kart-world-french-days-2025.jpg\" target=\"_blank\" class=\"article-content__figure\" rel=\"noopener\"><img loading=\"lazy\" decoding=\"async\" width=\"1200\" height=\"675\" src=\"https:\/\/www.europesays.com\/fr\/wp-content\/uploads\/2025\/09\/mario-kart-world-french-days-2025-1200x675.jpg\" alt=\"\" class=\"wp-image-2808093 wp-image\"  \/><\/a><\/p>\n<p>Cet ordinateur portable est clairement pens\u00e9 pour la bureautique avanc\u00e9e, le multim\u00e9dia et plus particuli\u00e8rement la retouche photo. Que vous soyez en t\u00e9l\u00e9travail, \u00e0 la maison ou m\u00eame dans un bureau, c\u2019est une machine toute indiqu\u00e9e.<\/p>\n<p><a href=\"https:\/\/images.frandroid.com\/wp-content\/uploads\/2025\/09\/asus-vivobook-oled-s1505-french-days-2025.jpg\" target=\"_blank\" class=\"article-content__figure\" rel=\"noopener\"><img loading=\"lazy\" decoding=\"async\" width=\"1200\" height=\"675\" src=\"https:\/\/www.europesays.com\/fr\/wp-content\/uploads\/2025\/09\/asus-vivobook-oled-s1505-french-days-2025-1200x675.jpg\" alt=\"\" class=\"wp-image-2808029 wp-image\"  \/><\/a><\/p>\n<ul class=\"wp-block-list\">\n<li>La qualit\u00e9 de son \u00e9cran OLED, tout juste magnifique<\/li>\n<li>Le PC est tr\u00e8s silencieux et la chauffe est ma\u00eetris\u00e9e<\/li>\n<li>Une autonomie estim\u00e9e \u00e0 environ 7h, une journ\u00e9e de travail<\/li>\n<\/ul>\n<p>Au lieu de 579,99 euros, l\u2019Asus VivoBook OLED S1505 est actuellement <a href=\"https:\/\/shop.frandroid.com\/25368i13\" target=\"_blank\" rel=\"noreferrer noopener affiliate nofollow\">en promotion \u00e0 494,99 euros sur Cdiscount<\/a> avec le code <strong>COCORICO25<\/strong>. <\/p>\n<p>Le vintage est \u00e0 la mode en ce moment : le retour en gr\u00e2ce du vinyle, m\u00eame de la cassette audio en tant qu\u2019objet de collection. C\u00f4t\u00e9 photo, l\u2019instantan\u00e9 est, lui aussi, de retour sur le devant de la sc\u00e8ne depuis quelques ann\u00e9es. La marque ambassadrice est bien s\u00fbr\u00a0Polaroid, d\u00e9j\u00e0 pr\u00e9sente depuis la fin des ann\u00e9es 40, qui s\u2019est bien adapt\u00e9e avec le temps. Avec le mod\u00e8le Polaroid Now G\u00e9n\u00e9ration 2, la marque propose un look vintage qui rappelle les 80\u2009s avec des fonctions totalement adapt\u00e9es \u00e0 notre \u00e9poque.<\/p>\n<p><a href=\"https:\/\/images.frandroid.com\/wp-content\/uploads\/2025\/09\/polaroid-now-generation-2-french-days-2025.jpg\" target=\"_blank\" class=\"article-content__figure\" rel=\"noopener\"><img loading=\"lazy\" decoding=\"async\" width=\"1200\" height=\"675\" src=\"https:\/\/www.europesays.com\/fr\/wp-content\/uploads\/2025\/09\/polaroid-now-generation-2-french-days-2025-1200x675.jpg\" alt=\"\" class=\"wp-image-2807961 wp-image\"  \/><\/a><\/p>\n<ul class=\"wp-block-list\">\n<li>Son look r\u00e9tro en fait un v\u00e9ritable objet esth\u00e9tique<\/li>\n<li>Il est \u00e9quip\u00e9 d\u2019un syst\u00e8me d\u2019autofocus<\/li>\n<li>Fonctionne avec une batterie rechargeable<\/li>\n<\/ul>\n<p>Le Polaroid Now G\u00e9n\u00e9ration 2, ici propos\u00e9 en noir,\u00a0<a href=\"https:\/\/shop.frandroid.com\/8l5yw68s\" target=\"_blank\" rel=\"noreferrer noopener affiliate nofollow\">passe de 129,99 euros \u00e0 79,99 euros sur Fnac<\/a>. Il est aussi disponible <a href=\"https:\/\/shop.frandroid.com\/xiwxe69o\" target=\"_blank\" rel=\"noreferrer noopener affiliate nofollow\">en blanc ici<\/a>. <\/p>\n<p>Avec le Dyson V12 Origin, vous avez un aspirateur balai sans-fil ni sac, qui permet de faire votre m\u00e9nage efficacement et rapidement. Son design soign\u00e9 et son poids plume font qu\u2019il est facile de le passer sur toutes les surfaces. Sans compter la multitude d\u2019accessoires inclus.<\/p>\n<p><a href=\"https:\/\/images.frandroid.com\/wp-content\/uploads\/2025\/09\/dyson-v12-origin-french-days-2025.jpg\" target=\"_blank\" class=\"article-content__figure\" rel=\"noopener\"><img loading=\"lazy\" decoding=\"async\" width=\"1200\" height=\"675\" src=\"https:\/\/www.europesays.com\/fr\/wp-content\/uploads\/2025\/09\/dyson-v12-origin-french-days-2025-1200x675.jpg\" alt=\"\" class=\"wp-image-2807929 wp-image\"  \/><\/a><\/p>\n<ul class=\"wp-block-list\">\n<li>Sa puissance d\u2019aspiration de 120AW le rend efficace en toute circonstance<\/li>\n<li>Son autonomie maximale de 60 minutes<\/li>\n<li>Les diff\u00e9rents accessoires inclus permettent de le passer n\u2019importe o\u00f9<\/li>\n<\/ul>\n<p>Au lieu de 499 euros habituellement, le Dyson V12 Origin avec tous ses accessoires est actuellement disponible <a href=\"https:\/\/shop.frandroid.com\/8b7hlcm3\" target=\"_blank\" rel=\"noreferrer noopener affiliate nofollow\">en promotion \u00e0 374,99 euros sur Cdiscount<\/a> avec le code <strong>COCORICO25<\/strong>. <\/p>\n<p>Avec ce Legion Pro 5i, Lenovo balance tout ce qu\u2019il a dans le ventre : un processeur Ultra 9, une RTX 5070 Ti et 32 Go de RAM. Une vraie machine de comp\u00e9tition !<\/p>\n<p><a href=\"https:\/\/images.frandroid.com\/wp-content\/uploads\/2025\/09\/lenovo-legion-pro-5i-french-days-frandroid.jpg\" target=\"_blank\" class=\"article-content__figure\" rel=\"noopener\"><img loading=\"lazy\" decoding=\"async\" width=\"1200\" height=\"675\" src=\"https:\/\/www.europesays.com\/fr\/wp-content\/uploads\/2025\/09\/lenovo-legion-pro-5i-french-days-frandroid-1200x675.jpg\" alt=\"\" class=\"wp-image-2807801 wp-image\"  \/><\/a><\/p>\n<ul class=\"wp-block-list\">\n<li>Un \u00e9cran OLED de 16 pouces WQXGA avec 165 Hz et HDR 1000<\/li>\n<li>Une carte graphique RTX 5070 Ti coupl\u00e9e \u00e0 32 Go de RAM<\/li>\n<li>Refroidissement Coldfront: Hyper : pour du silence et de la performance, m\u00eame quand \u00e7a chauffe<\/li>\n<\/ul>\n<p>Au lieu de 2 599 euros, le Lenovo Legion Pro 5i est <a href=\"https:\/\/shop.frandroid.com\/2o030j7n\" target=\"_blank\" rel=\"noreferrer noopener affiliate nofollow\" data-gtm=\"{&quot;event&quot;:&quot;afficlic&quot;,&quot;nom_marchand&quot;:&quot;lenovo&quot;,&quot;nom_produit&quot;:&quot;inconnu&quot;,&quot;categorie_produit&quot;:&quot;inconnu&quot;,&quot;module_produit&quot;:&quot;editolink&quot;,&quot;position_marchand&quot;:0,&quot;texte&quot;:&quot;aujourd-hui-disponible-en-promotion-a-1-999-euros-sur-lenovo&quot;,&quot;offer_url&quot;:&quot;https:\/\/shop.frandroid.com\/2o030j7n&quot;,&quot;zone&quot;:&quot;contenu-page&quot;}\">aujourd\u2019hui disponible en promotion \u00e0 1 999 euros sur Lenovo<\/a>.<\/p>\n<p>Besoin d\u2019une montre connect\u00e9e \u00e0 la fois sportive et \u00e9l\u00e9gante ? L\u2019Amazfit Active 2 coche pas mal de cases : autonomie g\u00e9n\u00e9reuse, nombreux modes sportifs, design \u00e9l\u00e9gant, belle luminosit\u00e9\u2026\u00a0<\/p>\n<p><a href=\"https:\/\/images.frandroid.com\/wp-content\/uploads\/2025\/09\/amazfit-active-2-french-days-2025.jpg\" target=\"_blank\" class=\"article-content__figure\" rel=\"noopener\"><img loading=\"lazy\" decoding=\"async\" width=\"1200\" height=\"675\" src=\"https:\/\/www.europesays.com\/fr\/wp-content\/uploads\/2025\/09\/amazfit-active-2-french-days-2025-1200x675.jpg\" alt=\"\" class=\"wp-image-2807851 wp-image\"  \/><\/a><\/p>\n<ul class=\"wp-block-list\">\n<li>Une interface claire et un \u00e9cran lumineux et bien d\u00e9fini<\/li>\n<li>Un assistant vocal pratique<\/li>\n<li>Beaucoup de modes sportifs<\/li>\n<\/ul>\n<p>Au lieu de 99 euros, l\u2019Amazfit Active 2 est aujourd\u2019hui disponible\u00a0<a href=\"https:\/\/shop.frandroid.com\/6ga8df1f\" target=\"_blank\" rel=\"noreferrer noopener affiliate nofollow\">en promotion \u00e0 79 euros sur Amazon<\/a> avec le code promo <strong>AMZ10<\/strong>.<\/p>\n<p>Si vous jouez r\u00e9guli\u00e8rement \u00e0 la PS5, la Sony DualSense Edge est la manette de jeu ultime. Et s\u2019il \u00e9tait difficile de la conseiller \u00e0 sa sortie, aujourd\u2019hui, elle devient bien plus int\u00e9ressante gr\u00e2ce \u00e0 cette offre des French Days.<\/p>\n<p><a href=\"https:\/\/images.frandroid.com\/wp-content\/uploads\/2025\/09\/dualsense-edge-french-days-2025.jpg\" target=\"_blank\" class=\"article-content__figure\" rel=\"noopener\"><img loading=\"lazy\" decoding=\"async\" width=\"1200\" height=\"675\" src=\"https:\/\/www.europesays.com\/fr\/wp-content\/uploads\/2025\/09\/dualsense-edge-french-days-2025-1200x675.jpg\" alt=\"\" class=\"wp-image-2807807 wp-image\"  \/><\/a><\/p>\n<ul class=\"wp-block-list\">\n<li>Une manette personnalisable<\/li>\n<li>G\u00e2chettes adaptatives, vibrations avanc\u00e9es, microphone\u2026<\/li>\n<li>Une autonomie de 5h30<\/li>\n<\/ul>\n<p>Lanc\u00e9e \u00e0 239,99 euros \u00e0 son lancement, la manette Sony DualSense Edge est actuellement <a href=\"https:\/\/shop.frandroid.com\/8lzorhqt\" target=\"_blank\" rel=\"noreferrer noopener affiliate nofollow\">en promotion \u00e0 178,14 euros chez E.Leclerc<\/a>.<\/p>\n<p>Un peu comme Apple avec\u00a0son iPhone Plus (RIP depuis l\u2019iPhone Air), Samsung propose son Galaxy S25 Plus, un mod\u00e8le interm\u00e9diaire\u2009 qui n\u2019est autre que le grand fr\u00e8re du S25\u2026 avec quelques diff\u00e9rences au programme : un \u00e9cran plus grand avec une meilleure d\u00e9finition, une batterie plus grande, et une charge plus rapide. Not\u00e9 8\/10 par nos soins, c\u2019est un produit que l\u2019on recommande chaudement.<\/p>\n<p><a href=\"https:\/\/www.europesays.com\/fr\/wp-content\/uploads\/2025\/09\/image-59-1.jpg\" target=\"_blank\" class=\"article-content__figure\"><img loading=\"lazy\" decoding=\"async\" width=\"768\" height=\"432\" src=\"https:\/\/www.europesays.com\/fr\/wp-content\/uploads\/2025\/09\/image-59-1.jpg\" alt=\"\" class=\"wp-image-2807763 wp-image\"  \/><\/a><\/p>\n<ul class=\"wp-block-list\">\n<li>Un design confortable et un \u00e9cran lumineux<\/li>\n<li>Un gain de puissance avec le Snapdragon 8 Elite<\/li>\n<li>One UI 7 et les sept ans de mises \u00e0 jour<\/li>\n<\/ul>\n<p>Au lieu de 1 172 euros au lancement, le Samsung Galaxy S25 Plus est aujourd\u2019hui disponible en promotion\u00a0<a href=\"https:\/\/shop.frandroid.com\/zwe2grsc\" target=\"_blank\" rel=\"noreferrer noopener\">\u00e0 749 euros sur Boulanger<\/a> avec le code promo <strong>200S25<\/strong>.<\/p>\n<p>La s\u00e9rie G5 de LG n\u2019est plus a pr\u00e9sent\u00e9, le dernier mod\u00e8le pourrait m\u00eame si\u00e9ger sur le tr\u00f4ne des meilleurs t\u00e9l\u00e9viseurs tant il a \u00e9bloui la r\u00e9daction, <a href=\"https:\/\/www.frandroid.com\/marques\/lg\/2563179_test-du-tv-lg-oled65g5-2025-des-qualites-vraiment-tres-impressionnantes\" target=\"_blank\" rel=\"noopener\">qui lui a attribu\u00e9 un 9\/10<\/a>.<\/p>\n<p><a href=\"https:\/\/images.frandroid.com\/wp-content\/uploads\/2025\/09\/lg-48g5-french-days-frandroid.jpg\" target=\"_blank\" class=\"article-content__figure\" rel=\"noopener\"><img loading=\"lazy\" decoding=\"async\" width=\"1200\" height=\"675\" src=\"https:\/\/www.europesays.com\/fr\/wp-content\/uploads\/2025\/09\/lg-48g5-french-days-frandroid-1200x675.jpg\" alt=\"\" class=\"wp-image-2805253 wp-image\"  \/><\/a><\/p>\n<ul class=\"wp-block-list\">\n<li>Un contraste sans rival : noir absolu et certification \u201cPerfect Black\u201d.<\/li>\n<li>Des couleurs qui claquent : fid\u00e9lit\u00e9 100 % valid\u00e9e par Intertek.<\/li>\n<li>Un vrai cerveau : processeur Alpha 11 AI 4K Gen2, Brightness Booster Ultimate et compatibilit\u00e9s Dolby Vision\/Atmos.<\/li>\n<\/ul>\n<p>Au lieu de 1 699 euros, le LG 48G5 est <a href=\"https:\/\/shop.frandroid.com\/pi7gc632\" target=\"_blank\" rel=\"noreferrer noopener affiliate nofollow\">aujourd\u2019hui disponible en promotion \u00e0 1 229 euros sur Boulanger<\/a> gr\u00e2ce \u00e0 70 euros de remise suppl\u00e9mentaire au panier.<\/p>\n<p>Les <a href=\"https:\/\/www.frandroid.com\/produits\/audio-casques-ecouteurs\/apple\/2331458-apple-airpods-4\" target=\"_blank\" rel=\"noopener\">AirPods 4<\/a> signent le retour des fameux <a href=\"https:\/\/www.frandroid.com\/guide-dachat\/2643597_quels-sont-les-meilleurs-ecouteurs-ouverts\" target=\"_blank\" rel=\"noopener\">\u00e9couteurs ouverts<\/a>\u00a0d\u2019Apple. Ils sont dot\u00e9s d\u2019une fonction de r\u00e9duction de bruit active plut\u00f4t convaincante et perdent 20 euros pendant les French Days.<\/p>\n<p><a href=\"https:\/\/images.frandroid.com\/wp-content\/uploads\/2025\/09\/airpods-4-avec-anc-french-days-2025.jpg\" target=\"_blank\" class=\"article-content__figure\" rel=\"noopener\"><img loading=\"lazy\" decoding=\"async\" width=\"1200\" height=\"675\" src=\"https:\/\/www.europesays.com\/fr\/wp-content\/uploads\/2025\/09\/airpods-4-avec-anc-french-days-2025-1200x675.jpg\" alt=\"\" class=\"wp-image-2807211 wp-image\"  \/><\/a><\/p>\n<ul class=\"wp-block-list\">\n<li>Un bon confort de port<\/li>\n<li>De bonnes performances acoustiques<\/li>\n<li>L\u2019ANC est efficace pour des \u00e9couteurs ouverts<\/li>\n<\/ul>\n<p>Les Apple AirPods 4 avec ANC sont disponibles \u00e0 199 euros, mais sur le site Carrefour, ils sont actuellement <a href=\"https:\/\/shop.frandroid.com\/s1k7r78z\" target=\"_blank\" rel=\"noreferrer noopener affiliate nofollow\" data-gtm=\"{&quot;event&quot;:&quot;afficlic&quot;,&quot;nom_marchand&quot;:&quot;carrefour&quot;,&quot;nom_produit&quot;:&quot;inconnu&quot;,&quot;categorie_produit&quot;:&quot;inconnu&quot;,&quot;module_produit&quot;:&quot;editolink&quot;,&quot;position_marchand&quot;:0,&quot;texte&quot;:&quot;en-promotion-a-179-euros&quot;,&quot;offer_url&quot;:&quot;https:\/\/shop.frandroid.com\/s1k7r78z&quot;,&quot;zone&quot;:&quot;contenu-page&quot;}\">en promotion \u00e0 179 euros.<\/a><\/p>\n<p>Avec le Realme 14 Pro, la marque fait une proposition originale : un smartphone avec un dos nacr\u00e9 dont\u00a0<a href=\"https:\/\/www.frandroid.com\/marques\/realme\/2450820_realme-14-pro-les-smartphones-peuvent-changer-de-couleur-quand-il-fait-froid\" target=\"_blank\" rel=\"noreferrer noopener\">la couleur varie<\/a>\u00a0en fonction de la temp\u00e9rature. Un design unique, mais qui ne fait pas tout. Ce smartphone propose en effet une fiche technique solide\u00a0pour un prix accessible, surtout suite \u00e0 cette promotion.<\/p>\n<p><a href=\"https:\/\/images.frandroid.com\/wp-content\/uploads\/2025\/09\/realme-14-pro-5g.jpg\" target=\"_blank\" class=\"article-content__figure\" rel=\"noopener\"><img loading=\"lazy\" decoding=\"async\" width=\"1200\" height=\"675\" src=\"https:\/\/www.europesays.com\/fr\/wp-content\/uploads\/2025\/09\/realme-14-pro-5g-1200x675.jpg\" alt=\"\" class=\"wp-image-2807243 wp-image\"  \/><\/a><\/p>\n<ul class=\"wp-block-list\">\n<li>La batterie de 5 260 mAh compatible charge rapide 45 W<\/li>\n<li>Le capteur photo Sony OIS 50 Mpx fait de belles photos<\/li>\n<li>L\u2019\u00e9cran Amoled et le design incurv\u00e9<\/li>\n<\/ul>\n<p>Le Realme 14 Pro 5G est en ce moment <a href=\"https:\/\/shop.frandroid.com\/l04lneec\" target=\"_blank\" rel=\"noreferrer noopener affiliate nofollow\" data-gtm=\"{&quot;event&quot;:&quot;afficlic&quot;,&quot;nom_marchand&quot;:&quot;carrefour&quot;,&quot;nom_produit&quot;:&quot;inconnu&quot;,&quot;categorie_produit&quot;:&quot;inconnu&quot;,&quot;module_produit&quot;:&quot;editolink&quot;,&quot;position_marchand&quot;:0,&quot;texte&quot;:&quot;remise-a-379-99-euros-chez-carrefour&quot;,&quot;offer_url&quot;:&quot;https:\/\/shop.frandroid.com\/l04lneec&quot;,&quot;zone&quot;:&quot;contenu-page&quot;}\">remis\u00e9 \u00e0 379,99 euros chez Carrefour<\/a>, au lieu de 479,99 euros initialement. <\/p>\n<p>Le Lenovo Legion 5 15IRX10 est un PC portable gaming qui se d\u00e9cline en plusieurs versions. Ici, il s\u2019agit de la version avec \u00e9cran IPS, tandis qu\u2019il existe la version OLED. Les images ne sont peut-\u00eatre pas au m\u00eame niveau, mais l\u2019\u00e9cran est plus grand : 15,3 pouces contre 15,1 pouces et surtout, le prix est beaucoup plus abordable.<\/p>\n<p><a href=\"https:\/\/images.frandroid.com\/wp-content\/uploads\/2025\/09\/lenovo-legion-5-15irx10-french-days.jpg\" target=\"_blank\" class=\"article-content__figure\" rel=\"noopener\"><img loading=\"lazy\" decoding=\"async\" width=\"1200\" height=\"675\" src=\"https:\/\/www.europesays.com\/fr\/wp-content\/uploads\/2025\/09\/lenovo-legion-5-15irx10-french-days-1200x675.jpg\" alt=\"\" class=\"wp-image-2804839 wp-image\"  \/><\/a><\/p>\n<ul class=\"wp-block-list\">\n<li>Son poids relativement l\u00e9ger de 2,1 kg pour un PC gaming<\/li>\n<li>Les 32 Go de RAM sont bien utiles pour jouer<\/li>\n<li>Un bon \u00e9quilibre GPU\/CPU pour le gaming<\/li>\n<\/ul>\n<p>Le Lenovo Legion 5 est un PC portable gaming qui co\u00fbte normalement 1 799,99 euros. Avant les French Days, il \u00e9tait tomb\u00e9 \u00e0 1 499,99 euros et en ce moment, avec <strong>le code promo COCORICO25<\/strong>, <a href=\"https:\/\/shop.frandroid.com\/7wiyv9j7\" target=\"_blank\" rel=\"noreferrer noopener affiliate nofollow\" data-gtm=\"{&quot;event&quot;:&quot;afficlic&quot;,&quot;nom_marchand&quot;:&quot;cdiscount&quot;,&quot;nom_produit&quot;:&quot;inconnu&quot;,&quot;categorie_produit&quot;:&quot;inconnu&quot;,&quot;module_produit&quot;:&quot;editolink&quot;,&quot;position_marchand&quot;:0,&quot;texte&quot;:&quot;il-passe-meme-a-1274-99-euros&quot;,&quot;offer_url&quot;:&quot;https:\/\/shop.frandroid.com\/7wiyv9j7&quot;,&quot;zone&quot;:&quot;contenu-page&quot;}\">il passe m\u00eame \u00e0 1 274,99 euros<\/a>.<\/p>\n<p>D\u00e9voil\u00e9e ce mois-ci, la Huawei Watch GT 6 Pro s\u2019est montr\u00e9e particuli\u00e8rement convaincante lors de notre test. Bonne autonomie, suivi sportif efficace\u2026 <\/p>\n<p><a href=\"https:\/\/images.frandroid.com\/wp-content\/uploads\/2025\/09\/huawei-watch-gt-6-pro-french-days-2025-1.jpg\" target=\"_blank\" class=\"article-content__figure\" rel=\"noopener\"><img loading=\"lazy\" decoding=\"async\" width=\"1200\" height=\"675\" src=\"https:\/\/www.europesays.com\/fr\/wp-content\/uploads\/2025\/09\/huawei-watch-gt-6-pro-french-days-2025-1-1200x675.jpg\" alt=\"\" class=\"wp-image-2807147 wp-image\"  \/><\/a><\/p>\n<ul class=\"wp-block-list\">\n<li>Un design soign\u00e9<\/li>\n<li>Un suivi de la fr\u00e9quence cardiaque tr\u00e8s pr\u00e9cis<\/li>\n<li>Une autonomie de plus d\u2019une semaine<\/li>\n<\/ul>\n<p>Lanc\u00e9e \u00e0 379,99 euros, la Huawei Watch GT 6 Pro est aujourd\u2019hui <a href=\"https:\/\/shop.frandroid.com\/g38wcho5\" target=\"_blank\" rel=\"noreferrer noopener affiliate nofollow\" data-gtm=\"{&quot;event&quot;:&quot;afficlic&quot;,&quot;nom_marchand&quot;:&quot;amazon_fr&quot;,&quot;nom_produit&quot;:&quot;inconnu&quot;,&quot;categorie_produit&quot;:&quot;inconnu&quot;,&quot;module_produit&quot;:&quot;editolink&quot;,&quot;position_marchand&quot;:0,&quot;texte&quot;:&quot;disponible-en-promotion-a-311-99-euros-sur-amazon&quot;,&quot;offer_url&quot;:&quot;https:\/\/shop.frandroid.com\/g38wcho5&quot;,&quot;zone&quot;:&quot;contenu-page&quot;}\">disponible en promotion \u00e0 311,99 euros sur Amazon<\/a>, gr\u00e2ce \u00e0 une remise de 30 euros au panier et \u00e0 une autre r\u00e9duction de 10 % avec le code promo <strong>HUAWEIFR10<\/strong>.<\/p>\n<p>Parmi toute sa gamme de v\u00e9los \u00e9lectriques, Intersport, par le biais de sa marque Nakamura, propose le mod\u00e8le E-Powerfit LTD. Un v\u00e9lo con\u00e7u pour les d\u00e9placements du quotidien, pour aller travailler ou se promener. En th\u00e9orie, il promet une assistance \u00e9lectrique sur 70 km, de quoi vous promener un long moment sur sa selle avant de passer par la case recharge.<\/p>\n<p><a href=\"https:\/\/images.frandroid.com\/wp-content\/uploads\/2025\/09\/nakamura-e-powerfit-ltd-french-days-2025.jpg\" target=\"_blank\" class=\"article-content__figure\" rel=\"noopener\"><img loading=\"lazy\" decoding=\"async\" width=\"1200\" height=\"675\" src=\"https:\/\/www.europesays.com\/fr\/wp-content\/uploads\/2025\/09\/nakamura-e-powerfit-ltd-french-days-2025-1200x675.jpg\" alt=\"\" class=\"wp-image-2807039 wp-image\"  \/><\/a><\/p>\n<ul class=\"wp-block-list\">\n<li>Le moteur central avec capteur de couple<\/li>\n<li>Une autonomie adapt\u00e9e \u00e0 l\u2019usage urbain<\/li>\n<li>Le cadre \u00e0 enjambement bas facilite la mont\u00e9e et la descente<\/li>\n<\/ul>\n<p>Au lieu de 1 299,99 euros, vous pouvez commander le v\u00e9lo \u00e9lectrique <a href=\"https:\/\/shop.frandroid.com\/puealhnm\" target=\"_blank\" rel=\"noreferrer noopener affiliate nofollow\" data-gtm=\"{&quot;event&quot;:&quot;afficlic&quot;,&quot;nom_marchand&quot;:&quot;intersport&quot;,&quot;nom_produit&quot;:&quot;inconnu&quot;,&quot;categorie_produit&quot;:&quot;inconnu&quot;,&quot;module_produit&quot;:&quot;editolink&quot;,&quot;position_marchand&quot;:0,&quot;texte&quot;:&quot;nakamura-e-powerfit-ltd-pour-899-99-euros&quot;,&quot;offer_url&quot;:&quot;https:\/\/shop.frandroid.com\/puealhnm&quot;,&quot;zone&quot;:&quot;contenu-page&quot;}\">Nakamura E-Powerfit LTD pour 899,99 euros<\/a> pendant les French Days. Sans oublier de v\u00e9rifier <a href=\"https:\/\/www.frandroid.com\/survoltes\/velo-electrique\/1788079_aide-a-lachat-dun-velo-electrique-comment-obtenir-la-prime-de-400-e-en-ile-de-france\" target=\"_blank\" rel=\"noreferrer noopener\">les aides de l\u2019\u00e9tat<\/a> pour faire baisser encore la facture.<\/p>\n<p>Le DJI Osmo Mobile 7P est un gimbal qui offre non seulement une stabilisation efficace, mais aussi un suivi de sujet pr\u00e9cis et ultra-r\u00e9actif.<\/p>\n<p><a href=\"https:\/\/images.frandroid.com\/wp-content\/uploads\/2025\/09\/dji-osmo-mobile-7p-french-days-2025.jpg\" target=\"_blank\" class=\"article-content__figure\" rel=\"noopener\"><img loading=\"lazy\" decoding=\"async\" width=\"1200\" height=\"675\" src=\"https:\/\/www.europesays.com\/fr\/wp-content\/uploads\/2025\/09\/dji-osmo-mobile-7p-french-days-2025-1200x675.jpg\" alt=\"\" class=\"wp-image-2807183 wp-image\"  \/><\/a><\/p>\n<ul class=\"wp-block-list\">\n<li>Un stabilisateur pliable avec une perche et un tr\u00e9pied int\u00e9gr\u00e9s<\/li>\n<li>Le suivi automatique d\u2019un sujet<\/li>\n<li>Une autonomie de 10 heures<\/li>\n<\/ul>\n<p>Initialement propos\u00e9 \u00e0 159,99 euros, le DJI Osmo Mobile 7P est actuellement disponible <a href=\"https:\/\/shop.frandroid.com\/os7efxyp\" target=\"_blank\" rel=\"noreferrer noopener affiliate nofollow\">\u00e0 117,99 euros sur Cdiscount<\/a> avec le code promo <strong>COCORICO15<\/strong>.<\/p>\n<p>L\u2019an dernier, Oppo a fait son retour sur le march\u00e9 des tablettes milieu de gamme avec sa <a href=\"https:\/\/www.frandroid.com\/produits\/tablettes-tactiles\/oppo\/2415374-oppo-pad-3-pro\" target=\"_blank\" rel=\"noopener\">Pad 3 Pro<\/a>. Une ardoise qui ressemble d\u2019ailleurs fortement \u00e0 la\u00a0<a href=\"https:\/\/www.frandroid.com\/marques\/2317918_test-de-la-oneplus-pad-2-de-la-puissance-a-revendre-pour-moins-de-600-euros\" target=\"_blank\" rel=\"noopener\">OnePlus Pad 2<\/a> (dont la marque appartient au m\u00eame groupe).<\/p>\n<p><a href=\"https:\/\/images.frandroid.com\/wp-content\/uploads\/2025\/09\/oppo-pad-3-pro-french-days-2025.jpg\" target=\"_blank\" class=\"article-content__figure\" rel=\"noopener\"><img loading=\"lazy\" decoding=\"async\" width=\"1200\" height=\"675\" src=\"https:\/\/www.europesays.com\/fr\/wp-content\/uploads\/2025\/09\/oppo-pad-3-pro-french-days-2025-1200x675.jpg\" alt=\"\" class=\"wp-image-2806867 wp-image\"  \/><\/a><\/p>\n<ul class=\"wp-block-list\">\n<li>Une grande dalle 3K de 12,1 pouces + 144 Hz<\/li>\n<li>Une puce Snapdragon 8 Gen 3<\/li>\n<li>Quelques fonctions IA int\u00e9gr\u00e9es <\/li>\n<\/ul>\n<p>Lanc\u00e9e \u00e0 599,99 euros, puis r\u00e9duite \u00e0 489 euros, la tablette Oppo Pad 3 Pro est aujourd\u2019hui <a href=\"https:\/\/shop.frandroid.com\/ezxlffh5\" target=\"_blank\" rel=\"noreferrer noopener affiliate nofollow\" data-gtm=\"{&quot;event&quot;:&quot;afficlic&quot;,&quot;nom_marchand&quot;:&quot;cdiscount&quot;,&quot;nom_produit&quot;:&quot;inconnu&quot;,&quot;categorie_produit&quot;:&quot;inconnu&quot;,&quot;module_produit&quot;:&quot;editolink&quot;,&quot;position_marchand&quot;:0,&quot;texte&quot;:&quot;disponible-en-promotion-a-464-euros-chez-cdiscount&quot;,&quot;offer_url&quot;:&quot;https:\/\/shop.frandroid.com\/ezxlffh5&quot;,&quot;zone&quot;:&quot;contenu-page&quot;}\">disponible en promotion \u00e0 464 euros chez Cdiscount<\/a> gr\u00e2ce au code promo <strong>COCORICO25<\/strong>.<\/p>\n<p>Le Pixel 9a est excellent pour le prix : avec son format de 6,3 pouces qui joue l\u2019\u00e9quilibre entre confort et compacit\u00e9, et surtout un module photo qui reprend l\u2019ADN Google. Le bonus, en plus <a href=\"https:\/\/shop.frandroid.com\/k4q3wudj\" target=\"_blank\" rel=\"noreferrer noopener affiliate nofollow\" data-gtm=\"{&quot;event&quot;:&quot;afficlic&quot;,&quot;nom_marchand&quot;:&quot;boulanger&quot;,&quot;nom_produit&quot;:&quot;inconnu&quot;,&quot;categorie_produit&quot;:&quot;inconnu&quot;,&quot;module_produit&quot;:&quot;editolink&quot;,&quot;position_marchand&quot;:0,&quot;texte&quot;:&quot;boulanger-ce-pack-profite-d-une-ristourne-de-120-euros&quot;,&quot;offer_url&quot;:&quot;https:\/\/shop.frandroid.com\/k4q3wudj&quot;,&quot;zone&quot;:&quot;contenu-page&quot;}\">des 120 euros de remise<\/a> ? Une petite JBL Go 3 est gliss\u00e9e dans la bo\u00eete pour sonoriser vos fins de soir\u00e9e. <\/p>\n<p><a href=\"https:\/\/images.frandroid.com\/wp-content\/uploads\/2025\/09\/google-pixel-9a-jbl-go-3-french-days-frandroid.jpg\" target=\"_blank\" class=\"article-content__figure\" rel=\"noopener\"><img loading=\"lazy\" decoding=\"async\" width=\"1200\" height=\"675\" src=\"https:\/\/www.europesays.com\/fr\/wp-content\/uploads\/2025\/09\/google-pixel-9a-jbl-go-3-french-days-frandroid-1200x675.jpg\" alt=\"\" class=\"wp-image-2804057 wp-image\"  \/><\/a><\/p>\n<ul class=\"wp-block-list\">\n<li>Un Pixel 9a qui aligne un \u00e9cran pOLED 120 Hz de 6,3 pouces et un SoC Tensor G4, avec 8 Go de RAM.<\/li>\n<li>Un suivi logiciel garanti 7 ans, rare sur ce segment.<\/li>\n<li>Une enceinte JBL Go 3 compacte, \u00e9tanche et nomade, pour compl\u00e9ter l\u2019exp\u00e9rience.<\/li>\n<\/ul>\n<p>Au lieu de 599 euros, le pack Google Pixel 9a et JBL Go 3 est <a href=\"https:\/\/shop.frandroid.com\/k4q3wudj\" target=\"_blank\" rel=\"noreferrer noopener affiliate nofollow\" data-gtm=\"{&quot;event&quot;:&quot;afficlic&quot;,&quot;nom_marchand&quot;:&quot;boulanger&quot;,&quot;nom_produit&quot;:&quot;inconnu&quot;,&quot;categorie_produit&quot;:&quot;inconnu&quot;,&quot;module_produit&quot;:&quot;editolink&quot;,&quot;position_marchand&quot;:0,&quot;texte&quot;:&quot;aujourd-hui-disponible-en-promotion-a-479-euros-sur-boulanger&quot;,&quot;offer_url&quot;:&quot;https:\/\/shop.frandroid.com\/k4q3wudj&quot;,&quot;zone&quot;:&quot;contenu-page&quot;}\">aujourd\u2019hui disponible en promotion \u00e0 479 euros sur Boulanger<\/a>.<\/p>\n<p>On le trouve <a href=\"https:\/\/shop.frandroid.com\/pasgcn4k\" target=\"_blank\" rel=\"noreferrer noopener affiliate nofollow\">au m\u00eame prix sur Amazon<\/a>, mais sans enceinte Bluetooth offerte. <\/p>\n<p>L\u2019Asus Gaming V16 est un PC portable gaming polyvalent, avec une bonne configuration capable de faire tourner la grande majorit\u00e9 des jeux. Sa puissance est relative \u00e0 son prix et il ne permet pas de faire tourner les AAA en ultra, mais sa fiche technique reste quand m\u00eame suffisamment solide et la configuration est l\u00e9g\u00e8rement \u00e9volutive.<\/p>\n<p><a href=\"https:\/\/images.frandroid.com\/wp-content\/uploads\/2025\/09\/asus-gaming-v16-french-days-2025.jpg\" target=\"_blank\" class=\"article-content__figure\" rel=\"noopener\"><img loading=\"lazy\" decoding=\"async\" width=\"1200\" height=\"675\" src=\"https:\/\/www.europesays.com\/fr\/wp-content\/uploads\/2025\/09\/asus-gaming-v16-french-days-2025-1200x675.jpg\" alt=\"\" class=\"wp-image-2806837 wp-image\"  \/><\/a><\/p>\n<ul class=\"wp-block-list\">\n<li>Un grand \u00e9cran lumineux de 16 pouces \u00e0 144 Hz<\/li>\n<li>La RAM est \u00e9volutive et peut passer \u00e0 32 Go si besoin<\/li>\n<li>Un poids inf\u00e9rieur \u00e0 moins de 2 kilos<\/li>\n<\/ul>\n<p>R\u00e9cemment, l\u2019Asus Gaming V16 \u00e9tait \u00e0 799,99 euros sur Cdiscount. Il est depuis pass\u00e9 \u00e0 599,99 euros et avec les French Days et <strong>le code promo COCORICO25<\/strong>, <a href=\"https:\/\/shop.frandroid.com\/jslvh37y\" target=\"_blank\" rel=\"noreferrer noopener affiliate nofollow\" data-gtm=\"{&quot;event&quot;:&quot;afficlic&quot;,&quot;nom_marchand&quot;:&quot;cdiscount&quot;,&quot;nom_produit&quot;:&quot;inconnu&quot;,&quot;categorie_produit&quot;:&quot;inconnu&quot;,&quot;module_produit&quot;:&quot;editolink&quot;,&quot;position_marchand&quot;:0,&quot;texte&quot;:&quot;il-passe-a-574-99-euros&quot;,&quot;offer_url&quot;:&quot;https:\/\/shop.frandroid.com\/jslvh37y&quot;,&quot;zone&quot;:&quot;contenu-page&quot;}\">il passe \u00e0 574,99 euros<\/a>.<\/p>\n<p>Pour garder pr\u00e8s de vous \u00e0 tout moment vos fichiers et vos jeux, il est int\u00e9ressant de se tourner vers un bon SSD externe. Et pour cela, le SSD portable SanDisk semble tout choisi, surtout avec cette promotion des French Days.<\/p>\n<p><a href=\"https:\/\/images.frandroid.com\/wp-content\/uploads\/2025\/09\/ssd-externe-sandisk-2-to-french-days-2025.jpg\" target=\"_blank\" class=\"article-content__figure\" rel=\"noopener\"><img loading=\"lazy\" decoding=\"async\" width=\"1200\" height=\"675\" src=\"https:\/\/www.europesays.com\/fr\/wp-content\/uploads\/2025\/09\/ssd-externe-sandisk-2-to-french-days-2025-1200x675.jpg\" alt=\"\" class=\"wp-image-2806941 wp-image\"  \/><\/a><\/p>\n<ul class=\"wp-block-list\">\n<li>Pour son format compact et robuste<\/li>\n<li>Ses vitesses de lecture jusqu\u2019\u00e0 520\u00a0Mo\/s<\/li>\n<li>Sa grande capacit\u00e9 de stockage\u00a0: 2\u00a0To<\/li>\n<li>Et sa compatibilit\u00e9 USB-C<\/li>\n<\/ul>\n<p>Au d\u00e9part \u00e0 129,99\u00a0euros, le SSD externe portable de SanDisk avec 2\u00a0To de stockage est en ce moment disponible <a href=\"https:\/\/shop.frandroid.com\/4xpr7la7\" data-type=\"link\" data-id=\"https:\/\/shop.frandroid.com\/4xpr7la7\" target=\"_blank\" rel=\"noreferrer noopener affiliate nofollow\" data-gtm=\"{&quot;event&quot;:&quot;afficlic&quot;,&quot;nom_marchand&quot;:&quot;amazon_fr&quot;,&quot;nom_produit&quot;:&quot;inconnu&quot;,&quot;categorie_produit&quot;:&quot;inconnu&quot;,&quot;module_produit&quot;:&quot;editolink&quot;,&quot;position_marchand&quot;:0,&quot;texte&quot;:&quot;en-promotion-a-114-99-euros-sur-cdiscount&quot;,&quot;offer_url&quot;:&quot;https:\/\/shop.frandroid.com\/lyy8sll4&quot;,&quot;zone&quot;:&quot;contenu-page&quot;}\">en promotion \u00e0 114,99 euros sur Cdiscount<\/a> avec le code <strong>COCORICO15<\/strong>.<\/p>\n<p>Apple a d\u00e9voil\u00e9 ce mois-ci sa nouvelle montre d\u2019entr\u00e9e de gamme, l\u2019Apple Watch SE 3, que l\u2019on trouve d\u2019ores et d\u00e9j\u00e0 en promotion.<\/p>\n<p><a href=\"https:\/\/images.frandroid.com\/wp-content\/uploads\/2025\/09\/apple-watch-se-3-french-days-2025.jpg\" target=\"_blank\" class=\"article-content__figure\" rel=\"noopener\"><img loading=\"lazy\" decoding=\"async\" width=\"1200\" height=\"675\" src=\"https:\/\/www.europesays.com\/fr\/wp-content\/uploads\/2025\/09\/apple-watch-se-3-french-days-2025-1200x675.jpg\" alt=\"\" class=\"wp-image-2806667 wp-image\"  \/><\/a><\/p>\n<ul class=\"wp-block-list\">\n<li>Un \u00e9cran OLED et Always-On, enfin<\/li>\n<li>Une puce S10 rapide<\/li>\n<li>Le score de sommeil et le capteur de temp\u00e9rature<\/li>\n<\/ul>\n<p>Lanc\u00e9e \u00e0 269 euros, l\u2019Apple Watch SE 3 (40 mm, GPS) est d\u00e9sormais <a href=\"https:\/\/shop.frandroid.com\/k02bzzlc\" target=\"_blank\" rel=\"noreferrer noopener affiliate nofollow\" data-gtm=\"{&quot;event&quot;:&quot;afficlic&quot;,&quot;nom_marchand&quot;:&quot;cdiscount&quot;,&quot;nom_produit&quot;:&quot;inconnu&quot;,&quot;categorie_produit&quot;:&quot;inconnu&quot;,&quot;module_produit&quot;:&quot;editolink&quot;,&quot;position_marchand&quot;:0,&quot;texte&quot;:&quot;affichee-a-244-euros-chez-cdiscount&quot;,&quot;offer_url&quot;:&quot;https:\/\/shop.frandroid.com\/k02bzzlc&quot;,&quot;zone&quot;:&quot;contenu-page&quot;}\">affich\u00e9e \u00e0 244 euros chez Cdiscount<\/a> gr\u00e2ce au code promo <strong>COCORICO25<\/strong>.<\/p>\n<p>Le casque Sennheiser Accentum Plus a \u00e9t\u00e9 pr\u00e9sent\u00e9 au monde lors du CES de la Las Vegas version 2024. Il est en fait une \u00e9volution bienvenue du <a href=\"https:\/\/www.frandroid.com\/produits\/audio-casques-ecouteurs\/sennheiser\/1810081-sennheiser-accentum-wireless\" target=\"_blank\" rel=\"noreferrer noopener\">Sennheiser Accentum Wireless<\/a> avec une connectique plus compl\u00e8te, l\u2019arriv\u00e9e de contr\u00f4les tactiles et surtout d\u2019une optimisation sonore r\u00e9alis\u00e9e en partenariat avec Fraunhofer pour une exp\u00e9rience personnalis\u00e9e. <\/p>\n<p><a href=\"https:\/\/images.frandroid.com\/wp-content\/uploads\/2025\/09\/sennheiser-accentum-plus-french-days-2025.jpg\" target=\"_blank\" class=\"article-content__figure\" rel=\"noopener\"><img loading=\"lazy\" decoding=\"async\" width=\"1200\" height=\"675\" src=\"https:\/\/www.europesays.com\/fr\/wp-content\/uploads\/2025\/09\/sennheiser-accentum-plus-french-days-2025-1200x675.jpg\" alt=\"\" class=\"wp-image-2806597 wp-image\"  \/><\/a><\/p>\n<ul class=\"wp-block-list\">\n<li>Les performances acoustiques et la personnalisation du son<\/li>\n<li>La r\u00e9duction de bruit active est tr\u00e8s efficace<\/li>\n<li>Le port USB-C pour charger et lire depuis un PC ou un smartphone<\/li>\n<\/ul>\n<p>Le casque Sennheiser Accentum Plus est un appareil qui co\u00fbte habituellement 179,99 euros. Il est actuellement affich\u00e9 \u00e0 142,91 euros sur Amazon et si vous utilisez <strong>le code promo AMZ10<\/strong> pendant les French Days, <a href=\"https:\/\/shop.frandroid.com\/1lhmw28g\" target=\"_blank\" rel=\"noreferrer noopener affiliate nofollow\" data-gtm=\"{&quot;event&quot;:&quot;afficlic&quot;,&quot;nom_marchand&quot;:&quot;amazon_fr&quot;,&quot;nom_produit&quot;:&quot;inconnu&quot;,&quot;categorie_produit&quot;:&quot;inconnu&quot;,&quot;module_produit&quot;:&quot;editolink&quot;,&quot;position_marchand&quot;:0,&quot;texte&quot;:&quot;il-passe-a-132-91-euros&quot;,&quot;offer_url&quot;:&quot;https:\/\/shop.frandroid.com\/1lhmw28g&quot;,&quot;zone&quot;:&quot;contenu-page&quot;}\">il passe \u00e0 132,91 euros<\/a>.<\/p>\n<p>Le MacBook Air M2 est le laptop d\u2019Apple qui se veut l\u00e9ger, rapide, endurant et sans bruit, mais surtout abordable gr\u00e2ce \u00e0 cette nouvelle offre des French Days. <\/p>\n<p><a href=\"https:\/\/images.frandroid.com\/wp-content\/uploads\/2025\/09\/apple-macbook-air-m2-french-days-frandroid.jpg\" target=\"_blank\" class=\"article-content__figure\" rel=\"noopener\"><img loading=\"lazy\" decoding=\"async\" width=\"1200\" height=\"675\" src=\"https:\/\/www.europesays.com\/fr\/wp-content\/uploads\/2025\/09\/apple-macbook-air-m2-french-days-frandroid-1200x675.jpg\" alt=\"\" class=\"wp-image-2804885 wp-image\"  \/><\/a><\/p>\n<ul class=\"wp-block-list\">\n<li>Une puce M2 avec CPU 8 c\u0153urs, GPU 8 c\u0153urs et un moteur neuronal de 16 c\u0153urs.<\/li>\n<li>Un \u00e9cran Liquid Retina de 13,6 pouces, lumineux \u00e0 500 nits, fid\u00e8le \u00e0 la r\u00e9alit\u00e9.<\/li>\n<li>Un poids plume de 1,24 kg, avec 16 Go de RAM pour tout absorber.<\/li>\n<\/ul>\n<p>Au lieu de 1 199 euros lors de son lancement, l\u2019Apple MacBook Air 13\u2033 M2 est <a href=\"https:\/\/shop.frandroid.com\/tgvqurx2\" data-type=\"link\" data-id=\"https:\/\/www.cdiscount.com\/informatique\/ordinateurs-pc-portables\/apple-13-6-macbook-air-m2-ram-16go-stockag\/f-1070992-mc7x4fna.html\" target=\"_blank\" rel=\"noreferrer noopener affiliate nofollow\" data-gtm=\"{&quot;event&quot;:&quot;afficlic&quot;,&quot;nom_marchand&quot;:&quot;cdiscount&quot;,&quot;nom_produit&quot;:&quot;inconnu&quot;,&quot;categorie_produit&quot;:&quot;inconnu&quot;,&quot;module_produit&quot;:&quot;editolink&quot;,&quot;position_marchand&quot;:0,&quot;texte&quot;:&quot;aujourd-hui-disponible-en-promotion-a-774-euros-sur-cdiscount&quot;,&quot;offer_url&quot;:&quot;https:\/\/shop.frandroid.com\/tgvqurx2&quot;,&quot;zone&quot;:&quot;contenu-page&quot;}\">aujourd\u2019hui disponible en promotion \u00e0 774 euros sur Cdiscount<\/a> avec le coupon de r\u00e9duction : <strong>COCORICO25<\/strong>.<\/p>\n<p>C\u2019est lors du\u00a0CES 2025\u00a0que Samsung a pr\u00e9sent\u00e9\u00a0<a href=\"https:\/\/www.frandroid.com\/marques\/samsung\/2458072_samsung-officialise-trois-nouvelles-series-de-tv-oled-pour-2025-s95f-s90f-et-s85f\" target=\"_blank\" rel=\"noreferrer noopener\">sa nouvelle s\u00e9rie de TV OLED et LCD<\/a>.\u00a0Parmi eux, on retrouve la s\u00e9rie S90F qui se distingue par son approche hybride en mati\u00e8re de technologie d\u2019\u00e9cran. Il int\u00e8gre un \u00e9cran QD-OLED sublime.\u00a0<\/p>\n<p><a href=\"https:\/\/www.europesays.com\/fr\/wp-content\/uploads\/2025\/09\/image-55-1.jpg\" target=\"_blank\" class=\"article-content__figure\"><img loading=\"lazy\" decoding=\"async\" width=\"768\" height=\"432\" src=\"https:\/\/www.europesays.com\/fr\/wp-content\/uploads\/2025\/09\/image-55-1.jpg\" alt=\"\" class=\"wp-image-2806691 wp-image\"  \/><\/a><\/p>\n<ul class=\"wp-block-list\">\n<li>Une dalle OLED 2025 \u00e0 144 Hz qui flatte la r\u00e9tine<\/li>\n<li>Le processeur NQ4 AI Gen3 optimiser l\u2019image en temps r\u00e9el<\/li>\n<li>Le syst\u00e8me audio 2.1 40 W compatible Dolby Atmos<\/li>\n<\/ul>\n<p>Disponible \u00e0 1 399 euros, le Samsung T55S90F est aujourd\u2019hui disponible\u00a0<a href=\"https:\/\/shop.frandroid.com\/elcqupc3\" target=\"_blank\" rel=\"noreferrer noopener\">en promotion \u00e0 1 199 euros \u00e0 la Fnac<\/a>. L\u2019offre est aussi\u00a0<a href=\"https:\/\/shop.frandroid.com\/f9augjdz\" target=\"_blank\" rel=\"noreferrer noopener\">valable chez Darty<\/a>.<\/p>\n<p>La\u00a0trottinette \u00e9lectrique\u00a0ST3 Pro de\u00a0Navee\u00a0cumule les bons points : elle s\u2019\u00e9quipe d\u2019une double suspension pour offrir une conduite confortable, mise sur un moteur suffisamment puissant pour grimper des c\u00f4tes et se montre tr\u00e8s endurante pour assurer vos trajets. Gr\u00e2ce aux French Days, elle co\u00fbte 200 euros de moins qu\u2019\u00e0 sa sortie.<\/p>\n<p><a href=\"https:\/\/www.europesays.com\/fr\/wp-content\/uploads\/2025\/09\/image-55.jpg\" target=\"_blank\" class=\"article-content__figure\"><img loading=\"lazy\" decoding=\"async\" width=\"768\" height=\"432\" src=\"https:\/\/www.europesays.com\/fr\/wp-content\/uploads\/2025\/09\/image-55.jpg\" alt=\"\" class=\"wp-image-2806655 wp-image\"  \/><\/a><\/p>\n<ul class=\"wp-block-list\">\n<li>Un large plateau et suspensions \u00e0 l\u2019avant et \u00e0 l\u2019arri\u00e8re<\/li>\n<li>Un moteur puissant pour affronter des pentes jusqu\u2019\u00e0 28 %<\/li>\n<li>Une autonomie longue dur\u00e9e<\/li>\n<\/ul>\n<p>Habituellement \u00e0 799,99 euros, la trottinette \u00e9lectrique Navee ST3 Pro s\u2019affiche pendant les French Days\u00a0<a href=\"https:\/\/shop.frandroid.com\/galgdl9n\" target=\"_blank\" rel=\"noreferrer noopener affiliate nofollow\">en promotion \u00e0 599 euros sur le site Darty<\/a>\u00a0et celui de\u00a0<a href=\"https:\/\/shop.frandroid.com\/6t8ovk5k\" target=\"_blank\" rel=\"noreferrer noopener affiliate nofollow\">la Fnac<\/a>.<\/p>\n<p>La PNY GeForce RTX 5060 Dual Fan OC avec 8 Go de RAM GDDR7 d\u00e9di\u00e9e est une version overclock\u00e9e l\u00e9g\u00e8rement plus puissante que celle de base, avec deux ventilateurs, pour assurer aussi bien la s\u00e9curit\u00e9 de votre PC que votre plaisir de jeu.<\/p>\n<p><a href=\"https:\/\/images.frandroid.com\/wp-content\/uploads\/2025\/09\/pny-geforce-rtx-5060-overclocked-dual-fan-gpu.jpg\" target=\"_blank\" class=\"article-content__figure\" rel=\"noopener\"><img loading=\"lazy\" decoding=\"async\" width=\"1200\" height=\"675\" src=\"https:\/\/www.europesays.com\/fr\/wp-content\/uploads\/2025\/09\/pny-geforce-rtx-5060-overclocked-dual-fan-gpu-1200x675.jpg\" alt=\"\" class=\"wp-image-2804741 wp-image\"  \/><\/a><\/p>\n<ul class=\"wp-block-list\">\n<li>L\u2019architecture Blackwell et le DLSS 4 assurent de bonnes performances<\/li>\n<li>Le syst\u00e8me de refroidissement est bien efficace<\/li>\n<li>La connectique moderne<\/li>\n<\/ul>\n<p>Au lieu de 329 euros au lancement pour l\u2019\u00e9dition Founder, la GeForce RTX 5060 Dual Fan OC avec 8 Go de RAM GDDR7 de PNY est actuellement <a href=\"https:\/\/shop.frandroid.com\/tjj6vzka\" target=\"_blank\" rel=\"noreferrer noopener affiliate nofollow\">en promotion \u00e0 274,99 euros sur Cdiscount<\/a> avec le code promo <strong>COCORICO25<\/strong>.<\/p>\n<p>Si vous cherchez des \u00e9couteurs qui permettent de s\u2019isoler des bruits externes pour \u00eatre dans votre bulle, voici les Bose QuietComfort Ultra Earbuds. Que ce soit pour travailler, faire du sport, jouer ou juste se d\u00e9tendre, ils s\u2019adaptent \u00e0 toutes les situations.\u00a0<\/p>\n<p><a href=\"https:\/\/images.frandroid.com\/wp-content\/uploads\/2025\/09\/bose-quietcomfort-ultra-earbuds-french-days-2025.jpg\" target=\"_blank\" class=\"article-content__figure\" rel=\"noopener\"><img loading=\"lazy\" decoding=\"async\" width=\"1200\" height=\"675\" src=\"https:\/\/www.europesays.com\/fr\/wp-content\/uploads\/2025\/09\/bose-quietcomfort-ultra-earbuds-french-days-2025-1200x675.jpg\" alt=\"\" class=\"wp-image-2806535 wp-image\"  \/><\/a><\/p>\n<ul class=\"wp-block-list\">\n<li>La qualit\u00e9 de la r\u00e9duction de bruit active<\/li>\n<li>Une autonomie de 24 h au total avec le boitier<\/li>\n<li>Ils sont adapt\u00e9s \u00e0 tous les usages<\/li>\n<\/ul>\n<p>Initialement sortis \u00e0 349 euros, les Bose QuietComfort Ultra Earbuds sont actuellement\u00a0<a href=\"https:\/\/shop.frandroid.com\/ad30grod\" target=\"_blank\" rel=\"noreferrer noopener affiliate nofollow\">accessibles pour 134,99 euros<\/a>\u00a0en passant sur Cdiscount et en n\u2019oubliant pas d\u2019utiliser le code promo\u00a0<strong>COCORICO15 <\/strong>avant de proc\u00e9der au paiement.<\/p>\n<p>Si vous souhaitez avoir un SSD NVMe puissant et pas trop cher qui va permettre de booster les performances de votre PC ou de votre PS5 sans avoir pay\u00e9 le prix fort, voici le Samsung 990 EVO Plus de 2 To.<\/p>\n<p><a href=\"https:\/\/images.frandroid.com\/wp-content\/uploads\/2025\/09\/ssd-samsung-2-to-french-days-2025.jpg\" target=\"_blank\" class=\"article-content__figure\" rel=\"noopener\"><img loading=\"lazy\" decoding=\"async\" width=\"1200\" height=\"675\" src=\"https:\/\/www.europesays.com\/fr\/wp-content\/uploads\/2025\/09\/ssd-samsung-2-to-french-days-2025-1200x675.jpg\" alt=\"\" class=\"wp-image-2805937 wp-image\"  \/><\/a><\/p>\n<ul class=\"wp-block-list\">\n<li>Jusqu\u2019\u00e0 7 250 Mo\/s en lecture<\/li>\n<li>Un stockage de 2 To<\/li>\n<li>Une compatibilit\u00e9 PCIe 3.0 et 4.0<\/li>\n<\/ul>\n<p>Au lieu de 174,99 euros, le SSD Samsung 990 Evo Plus 2 To est actuellement <a href=\"https:\/\/shop.frandroid.com\/xs1ms4y8\" target=\"_blank\" rel=\"noreferrer noopener affiliate nofollow\" data-gtm=\"{&quot;event&quot;:&quot;afficlic&quot;,&quot;nom_marchand&quot;:&quot;cdiscount&quot;,&quot;nom_produit&quot;:&quot;inconnu&quot;,&quot;categorie_produit&quot;:&quot;inconnu&quot;,&quot;module_produit&quot;:&quot;editolink&quot;,&quot;position_marchand&quot;:0,&quot;texte&quot;:&quot;en-promotion-a-115-99-euros-sur-cdiscount&quot;,&quot;offer_url&quot;:&quot;https:\/\/shop.frandroid.com\/xs1ms4y8&quot;,&quot;zone&quot;:&quot;contenu-page&quot;}\">en promotion \u00e0 114,99 euros sur Cdiscount<\/a> avec le code promo <strong>COCORICO15<\/strong>.<\/p>\n<p>On trouve aussi <a href=\"https:\/\/shop.frandroid.com\/6hiyal71\" target=\"_blank\" rel=\"noreferrer noopener affiliate nofollow\">le mod\u00e8le 1 To en promotion \u00e0 67,99 euros sur Amazon<\/a> avec le code <strong>AMZ10<\/strong>.<\/p>\n<p>Rien \u00e0 faire, Nothing a compris un truc que les autres ont oubli\u00e9 : faire des smartphones atypiques sans rogner sur la qualit\u00e9. Le Phone (3a) Pro continue d\u2019explorer cette voie singuli\u00e8re, avec ses glyphes lumineux, son interface fluide, et une exp\u00e9rience qui m\u00e9lange hardware bien fini et software peaufin\u00e9.\u00a0<\/p>\n<p><a href=\"https:\/\/images.frandroid.com\/wp-content\/uploads\/2025\/09\/nothing-phone-3a-pro-french-days-2025.jpg\" target=\"_blank\" class=\"article-content__figure\" rel=\"noopener\"><img loading=\"lazy\" decoding=\"async\" width=\"1200\" height=\"675\" src=\"https:\/\/www.europesays.com\/fr\/wp-content\/uploads\/2025\/09\/nothing-phone-3a-pro-french-days-2025-1200x675.jpg\" alt=\"\" class=\"wp-image-2806395 wp-image\"  \/><\/a><\/p>\n<ul class=\"wp-block-list\">\n<li>Un superbe \u00e9cran AMOLED de 6,77 pouces<\/li>\n<li>La technologie Glyphe<\/li>\n<li>Une charge rapide de 50 W<\/li>\n<\/ul>\n<p>Au lieu de 479 euros, le Nothing Phone (3a) Pro avec 256 Go de stockage\u00a0<a href=\"https:\/\/shop.frandroid.com\/4t5ly4sl\" target=\"_blank\" rel=\"noreferrer noopener affiliate nofollow\">est aujourd\u2019hui disponible en promotion \u00e0 369,99 euros sur Amazon<\/a> avec le code <strong>AMZ10<\/strong>.<\/p>\n<p>Le fabricant chinois Xiaomi est r\u00e9put\u00e9 pour son immense catalogue de produits, allant\u00a0des smartphones\u00a0aux objets connect\u00e9s, en passant par les appareils \u00e9lectrom\u00e9nagers. Parmi ces derniers, les aspirateurs balais au format stick sont aussi pr\u00e9sents que les robots aspirateurs. La marque a renouvel\u00e9 sa gamme avec les G20, tous \u00e9quip\u00e9s d\u2019un \u00e9clairage LED pour mieux d\u00e9busquer les salet\u00e9s. Le G20 Max, le mod\u00e8le le mieux \u00e9quip\u00e9.<\/p>\n<p><a href=\"https:\/\/images.frandroid.com\/wp-content\/uploads\/2025\/09\/xiaomi-vacuum-cleaner-g20-max-french-days-2025.jpg\" target=\"_blank\" class=\"article-content__figure\" rel=\"noopener\"><img loading=\"lazy\" decoding=\"async\" width=\"1200\" height=\"675\" src=\"https:\/\/www.europesays.com\/fr\/wp-content\/uploads\/2025\/09\/xiaomi-vacuum-cleaner-g20-max-french-days-2025-1200x675.jpg\" alt=\"\" class=\"wp-image-2806351 wp-image\"  \/><\/a><\/p>\n<ul class=\"wp-block-list\">\n<li>Un balai maniable avec un \u00e9clairage LED pour d\u00e9tecter la poussi\u00e8re<\/li>\n<li>Une bonne puissance d\u2019aspiration<\/li>\n<li>Un \u00e9cran LED pratique et une autonomie satisfaisante<\/li>\n<\/ul>\n<p>Au lieu de 299,99 euros, le Xiaomi Vacuum Cleaner G20 Max est actuellement disponible <a href=\"https:\/\/shop.frandroid.com\/xyigszfr\" target=\"_blank\" rel=\"noreferrer noopener affiliate nofollow\">\u00e0 218,59 euros sur Amazon<\/a> avec le code <strong>AMZ10<\/strong>. <\/p>\n<p>Le Xiaomi Mix Flip est le premier smartphone \u00e0 clapet de la marche chinoise. Et m\u00eame si le Mix Flip 2 a \u00e9t\u00e9 r\u00e9cemment officialis\u00e9, il reste tout \u00e0 fait recommandable, surtout quand il est affich\u00e9 \u00e0 moiti\u00e9 prix.<\/p>\n<p><a href=\"https:\/\/images.frandroid.com\/wp-content\/uploads\/2025\/09\/xiaomi-mix-flip-french-days-2025.jpg\" target=\"_blank\" class=\"article-content__figure\" rel=\"noopener\"><img loading=\"lazy\" decoding=\"async\" width=\"1200\" height=\"675\" src=\"https:\/\/www.europesays.com\/fr\/wp-content\/uploads\/2025\/09\/xiaomi-mix-flip-french-days-2025-1200x675.jpg\" alt=\"\" class=\"wp-image-2804901 wp-image\"  \/><\/a><\/p>\n<ul class=\"wp-block-list\">\n<li>Deux dalles Amoled LTPO : une interne de 6,86 pouces et une externe de 4,01 pouces<\/li>\n<li>Une puissante puce Snapdragon 8 Gen 3<\/li>\n<li>Une charge 67 W avec un bloc fourni<\/li>\n<\/ul>\n<p>D\u2019abord propos\u00e9 \u00e0 1 302 euros, le Xiaomi Mix Flip (512 Go) est aujourd\u2019hui <a href=\"https:\/\/shop.frandroid.com\/5armh92u\" target=\"_blank\" rel=\"noreferrer noopener affiliate nofollow\" data-gtm=\"{&quot;event&quot;:&quot;afficlic&quot;,&quot;nom_marchand&quot;:&quot;fnac&quot;,&quot;nom_produit&quot;:&quot;inconnu&quot;,&quot;categorie_produit&quot;:&quot;inconnu&quot;,&quot;module_produit&quot;:&quot;editolink&quot;,&quot;position_marchand&quot;:0,&quot;texte&quot;:&quot;disponible-en-promotion-a-699-euros-a-la-fnac&quot;,&quot;offer_url&quot;:&quot;https:\/\/shop.frandroid.com\/5armh92u&quot;,&quot;zone&quot;:&quot;contenu-page&quot;}\">disponible en promotion \u00e0 699 euros \u00e0 la Fnac<\/a> et <a href=\"https:\/\/shop.frandroid.com\/66e30k1a\" target=\"_blank\" rel=\"noreferrer noopener affiliate nofollow\" data-gtm=\"{&quot;event&quot;:&quot;afficlic&quot;,&quot;nom_marchand&quot;:&quot;darty&quot;,&quot;nom_produit&quot;:&quot;inconnu&quot;,&quot;categorie_produit&quot;:&quot;inconnu&quot;,&quot;module_produit&quot;:&quot;editolink&quot;,&quot;position_marchand&quot;:0,&quot;texte&quot;:&quot;chez-darty&quot;,&quot;offer_url&quot;:&quot;https:\/\/shop.frandroid.com\/66e30k1a&quot;,&quot;zone&quot;:&quot;contenu-page&quot;}\">chez Darty<\/a>.<\/p>\n<p>D\u00e9voil\u00e9e lors du Nintendo Direct d\u2019avril dernier,\u00a0riche en annonces, la\u00a0Switch 2 Pro Controller\u00a0accompagne \u00e0 merveille\u00a0la console flambant neuve\u00a0de la marque. Cette manette a \u00e9videmment b\u00e9n\u00e9fici\u00e9 de quelques am\u00e9liorations, comme l\u2019apparition de deux boutons arri\u00e8re personnalisables ou encore celle du fameux\u00a0bouton C.\u00a0<\/p>\n<p><a href=\"https:\/\/images.frandroid.com\/wp-content\/uploads\/2025\/09\/manette-nintendo-switch-2-pro-french-days-2025.jpg\" target=\"_blank\" class=\"article-content__figure\" rel=\"noopener\"><img loading=\"lazy\" decoding=\"async\" width=\"1200\" height=\"675\" src=\"https:\/\/www.europesays.com\/fr\/wp-content\/uploads\/2025\/09\/manette-nintendo-switch-2-pro-french-days-2025-1200x675.jpg\" alt=\"\" class=\"wp-image-2806235 wp-image\"  \/><\/a><\/p>\n<ul class=\"wp-block-list\">\n<li>Un design toujours aussi soign\u00e9<\/li>\n<li>Des commandes personnalisables<\/li>\n<li>Le bouton C pour activer les conversations audio et vid\u00e9o<\/li>\n<\/ul>\n<p>Habituellement vendue \u00e0 89,99 euros, la manette Nintendo Switch 2 Pro Controller est aujourd\u2019hui\u00a0<a href=\"https:\/\/shop.frandroid.com\/r0xapfx7\" target=\"_blank\" rel=\"noreferrer noopener affiliate nofollow\">affich\u00e9e \u00e0 64,99 euros sur Amazon<\/a>\u00a0avec le code <strong>AMZ10<\/strong>.<\/p>\n<p>Le premi\u00e8re manette Pro de la Switch classique est \u00e9galement <a href=\"https:\/\/shop.frandroid.com\/bc1tte3j\" target=\"_blank\" rel=\"noreferrer noopener affiliate nofollow\">en promotion \u00e0 44,99 euros sur Amazon<\/a>, avec le m\u00eame code promo. <\/p>\n<p>Le Sony WH-1000XM6 est un mod\u00e8le qui fr\u00f4le la perfection. Sa r\u00e9duction de bruit est d\u2019une efficacit\u00e9 redoutable, le confort, exemplaire, et l\u2019endurance impressionnante.\u00a0<\/p>\n<p><a href=\"https:\/\/images.frandroid.com\/wp-content\/uploads\/2025\/09\/sony-xm6-french-days-2025.jpg\" target=\"_blank\" class=\"article-content__figure\" rel=\"noopener\"><img loading=\"lazy\" decoding=\"async\" width=\"1200\" height=\"675\" src=\"https:\/\/www.europesays.com\/fr\/wp-content\/uploads\/2025\/09\/sony-xm6-french-days-2025-1200x675.jpg\" alt=\"\" class=\"wp-image-2806183 wp-image\"  \/><\/a><\/p>\n<ul class=\"wp-block-list\">\n<li>Un design pliable et un confort exemplaire<\/li>\n<li>L\u2019efficacit\u00e9 de la r\u00e9duction de bruit<\/li>\n<li>Une belle signature sonore<\/li>\n<\/ul>\n<p>De base \u00e0 450 euros, le Sony WH-1000XM6 est en ce moment affich\u00e9 en promotion\u00a0<a href=\"https:\/\/shop.frandroid.com\/eog0ro4h\" target=\"_blank\" rel=\"noreferrer noopener affiliate nofollow\">\u00e0 344 euros sur Cdiscount<\/a> avec le code <strong>COCORICO25<\/strong>.<\/p>\n<p>Si vous cherchez un bon \u00e9cran PC gaming et que vous n\u2019avez pas forc\u00e9ment un budget \u00e0 rallonge, vous pouvez vous faire plaisir sans d\u00e9penser des sommes folles et avec du mat\u00e9riel de qualit\u00e9 qui plus est.\u00a0<\/p>\n<p><a href=\"https:\/\/images.frandroid.com\/wp-content\/uploads\/2025\/09\/msi-g2422c-french-days-2025.jpg\" target=\"_blank\" class=\"article-content__figure\" rel=\"noopener\"><img loading=\"lazy\" decoding=\"async\" width=\"1200\" height=\"675\" src=\"https:\/\/www.europesays.com\/fr\/wp-content\/uploads\/2025\/09\/msi-g2422c-french-days-2025-1200x675.jpg\" alt=\"\" class=\"wp-image-2806139 wp-image\"  \/><\/a><\/p>\n<ul class=\"wp-block-list\">\n<li>La fr\u00e9quence de rafra\u00eechissement de 180 Hz est appr\u00e9ciable<\/li>\n<li>La dalle incurv\u00e9e 1500R est confortable pour les yeux<\/li>\n<li>Une latence d\u2019une milliseconde pour les jeux nerveux<\/li>\n<\/ul>\n<p>Alors qu\u2019il co\u00fbte 149,99 euros en temps normal, Amazon fait une offre limit\u00e9e sur cet \u00e9cran PC gaming\u00a0<a href=\"https:\/\/shop.frandroid.com\/ue531ip2\" target=\"_blank\" rel=\"noreferrer noopener affiliate nofollow\">MSI G2422C qui se retrouve \u00e0 79,99 euros<\/a> avec le code promo <strong>AMZ10<\/strong>.<\/p>\n<p>Faut-il encore pr\u00e9senter la manette Xbox, ici pens\u00e9e pour les Xbox\u00a0<a href=\"https:\/\/www.frandroid.com\/marques\/microsoft\/791378_test-microsoft-xbox-series-x-4k-ssd-performance\" target=\"_blank\" rel=\"noreferrer noopener\">Series X<\/a>\u00a0et\u00a0<a href=\"https:\/\/www.frandroid.com\/marques\/microsoft\/791383_test-microsoft-xbox-series-s-puissance-prix-performances-taille\" target=\"_blank\" rel=\"noreferrer noopener\">Series S<\/a>\u00a0? Ce p\u00e9riph\u00e9rique de jeu universel, reconnaissable avec ses sticks asym\u00e9triques, permet de jouer sur la console de Microsoft. Sa connexion Bluetooth fait qu\u2019elle est aussi compatible PC et smartphone Android.<\/p>\n<p><a href=\"https:\/\/images.frandroid.com\/wp-content\/uploads\/2025\/09\/manette-xbox-series-french-days-2025.jpg\" target=\"_blank\" class=\"article-content__figure\" rel=\"noopener\"><img loading=\"lazy\" decoding=\"async\" width=\"1200\" height=\"675\" src=\"https:\/\/www.europesays.com\/fr\/wp-content\/uploads\/2025\/09\/manette-xbox-series-french-days-2025-1200x675.jpg\" alt=\"\" class=\"wp-image-2806081 wp-image\"  \/><\/a><\/p>\n<ul class=\"wp-block-list\">\n<li>Un bijou d\u2019ergonomie<\/li>\n<li>La compatibilit\u00e9 multiplateforme<\/li>\n<li>Une autonomie de 40\u00a0heures avec des piles AA<\/li>\n<\/ul>\n<p>Au lieu de 59,99 euros habituellement, la manette sans fil Xbox Series\u00a0est actuellement disponible <a href=\"https:\/\/shop.frandroid.com\/nn5dq4ux\" target=\"_blank\" rel=\"noreferrer noopener affiliate nofollow\">\u00e0 41,99 euros sur Amazon<\/a> avec le code promo <strong>AMZ10<\/strong>. <\/p>\n<p>En d\u00e9but d\u2019ann\u00e9e 2025, Xiaomi <a href=\"https:\/\/www.frandroid.com\/marques\/xiaomi\/2464244_xiaomi-devoile-ses-redmi-note-14-et-note-14-5g\" target=\"_blank\" rel=\"noreferrer noopener\">d\u00e9voilait et sortait ses Redmi Note 14<\/a>. Des smartphones d\u2019entr\u00e9e de gamme qui se d\u00e9clinent en deux versions : 4G et 5G. Ici, c\u2019est cette seconde it\u00e9ration qui est concern\u00e9e, plus puissante, mais aussi plus ch\u00e8re, sauf pendant les French Days. <\/p>\n<p><a href=\"https:\/\/images.frandroid.com\/wp-content\/uploads\/2025\/09\/xiaomi-redmi-note-14-5g-french-days-2025.jpg\" target=\"_blank\" class=\"article-content__figure\" rel=\"noopener\"><img loading=\"lazy\" decoding=\"async\" width=\"1200\" height=\"675\" src=\"https:\/\/www.europesays.com\/fr\/wp-content\/uploads\/2025\/09\/xiaomi-redmi-note-14-5g-french-days-2025-1200x675.jpg\" alt=\"\" class=\"wp-image-2804533 wp-image\"  \/><\/a><\/p>\n<ul class=\"wp-block-list\">\n<li>Un bel \u00e9cran Full HD+ AMOLED 120 Hz<\/li>\n<li>Une autonomie qui pousse jusqu\u2019\u00e0 2 jours<\/li>\n<li>Le capteur photo principal de 108 Mpx fait de belles photos<\/li>\n<\/ul>\n<p>Le Xiaomi Redmi Note 14 5G est sorti \u00e0 299,99 euros et <a href=\"https:\/\/shop.frandroid.com\/i5avh3rx\" target=\"_blank\" rel=\"noreferrer noopener affiliate nofollow\" data-gtm=\"{&quot;event&quot;:&quot;afficlic&quot;,&quot;nom_marchand&quot;:&quot;cdiscount&quot;,&quot;nom_produit&quot;:&quot;inconnu&quot;,&quot;categorie_produit&quot;:&quot;inconnu&quot;,&quot;module_produit&quot;:&quot;editolink&quot;,&quot;position_marchand&quot;:0,&quot;texte&quot;:&quot;passe-a-154-99-euros&quot;,&quot;offer_url&quot;:&quot;https:\/\/shop.frandroid.com\/i5avh3rx&quot;,&quot;zone&quot;:&quot;contenu-page&quot;}\">passe \u00e0 154,99 euros<\/a> avec le code promo <strong>COCORICO15<\/strong>. <\/p>\n<p>Avec le m\u00eame code, vous avez aussi le <a href=\"https:\/\/shop.frandroid.com\/i775n7wc\" target=\"_blank\" rel=\"noreferrer noopener affiliate nofollow\" data-gtm=\"{&quot;event&quot;:&quot;afficlic&quot;,&quot;nom_marchand&quot;:&quot;cdiscount&quot;,&quot;nom_produit&quot;:&quot;inconnu&quot;,&quot;categorie_produit&quot;:&quot;inconnu&quot;,&quot;module_produit&quot;:&quot;editolink&quot;,&quot;position_marchand&quot;:0,&quot;texte&quot;:&quot;redmi-note-14-pro-5-g-a-194-99-euros&quot;,&quot;offer_url&quot;:&quot;https:\/\/shop.frandroid.com\/i775n7wc&quot;,&quot;zone&quot;:&quot;contenu-page&quot;}\">Redmi Note 14 Pro 5G \u00e0 199,99 euros<\/a>.<\/p>\n<p>Avis aux nostalgiques des sessions de jeu \u00e9nergiques sur Guitar Hero, guitare factice \u00e0 la main, qui souhaitent \u00e0 nouveau se glisser dans la peau de v\u00e9ritables stars du rock. La guitare sans fil Riffmaster, qui ressemble fortement \u00e0 une v\u00e9ritable guitare \u00e9lectrique, vous permettra d\u2019encha\u00eener les parties sur Rock Band 4, ou m\u00eame de proposer des performances de folie sur Fortnite Festival.<\/p>\n<p><a href=\"https:\/\/images.frandroid.com\/wp-content\/uploads\/2025\/09\/riffmaster-french-days-2025.jpg\" target=\"_blank\" class=\"article-content__figure\" rel=\"noopener\"><img loading=\"lazy\" decoding=\"async\" width=\"1200\" height=\"675\" src=\"https:\/\/www.europesays.com\/fr\/wp-content\/uploads\/2025\/09\/riffmaster-french-days-2025-1200x675.jpg\" alt=\"\" class=\"wp-image-2806037 wp-image\"  \/><\/a><\/p>\n<ul class=\"wp-block-list\">\n<li>Un mod\u00e8le pliable et dot\u00e9 d\u2019une sangle<\/li>\n<li>Une guitare sans fil avec une faible latence<\/li>\n<li>Plus de 30 heures d\u2019autonomie<\/li>\n<\/ul>\n<p>Habituellement propos\u00e9e \u00e0 149,99 euros, la guitare Riffmaster est aujourd\u2019hui\u00a0<a href=\"https:\/\/shop.frandroid.com\/v1l30npl\" target=\"_blank\" rel=\"noreferrer noopener affiliate nofollow\">disponible en promotion \u00e0 99 euros sur Amazon<\/a> avec le code promo <strong>AMZ10<\/strong>.<\/p>\n<p>L\u00e9g\u00e8re et compacte, la Kobo Clara Colour est une liseuse \u00e9lectronique qui a le net avantage d\u2019embarquer un \u00e9cran couleur.<\/p>\n<p><a href=\"https:\/\/images.frandroid.com\/wp-content\/uploads\/2025\/09\/kobo-clara-colour.jpg\" target=\"_blank\" class=\"article-content__figure\" rel=\"noopener\"><img loading=\"lazy\" decoding=\"async\" width=\"1200\" height=\"675\" src=\"https:\/\/www.europesays.com\/fr\/wp-content\/uploads\/2025\/09\/kobo-clara-colour-1200x675.jpg\" alt=\"\" class=\"wp-image-2803937 wp-image\"  \/><\/a><\/p>\n<ul class=\"wp-block-list\">\n<li>Une liseuse compacte et \u00e9tanche<\/li>\n<li>Un \u00e9cran couleur de 6 pouces<\/li>\n<li>Une compatibilit\u00e9 avec les livres audio<\/li>\n<\/ul>\n<p>Auparavant propos\u00e9e \u00e0 169,99 euros, la liseuse Kobo Clara Colour est aujourd\u2019hui <a href=\"https:\/\/shop.frandroid.com\/zjau0o3u\" target=\"_blank\" rel=\"noreferrer noopener affiliate nofollow\" data-gtm=\"{&quot;event&quot;:&quot;afficlic&quot;,&quot;nom_marchand&quot;:&quot;amazon_fr&quot;,&quot;nom_produit&quot;:&quot;inconnu&quot;,&quot;categorie_produit&quot;:&quot;inconnu&quot;,&quot;module_produit&quot;:&quot;editolink&quot;,&quot;position_marchand&quot;:0,&quot;texte&quot;:&quot;disponible-en-promotion-a-139-99-euros-sur-amazon&quot;,&quot;offer_url&quot;:&quot;https:\/\/shop.frandroid.com\/zjau0o3u&quot;,&quot;zone&quot;:&quot;contenu-page&quot;}\">disponible en promotion \u00e0 139,99 euros sur Amazon<\/a> gr\u00e2ce au code promo <strong>AMZ10<\/strong>.<\/p>\n<p>L\u2019Insta360 X4 reprend le format vertical embl\u00e9matique de la marque, un design qui allie un format compact et une ergonomie impeccable.\u00a0<\/p>\n<p><a href=\"https:\/\/images.frandroid.com\/wp-content\/uploads\/2025\/09\/insta-360-x4-french-days-2025.jpg\" target=\"_blank\" class=\"article-content__figure\" rel=\"noopener\"><img loading=\"lazy\" decoding=\"async\" width=\"1200\" height=\"675\" src=\"https:\/\/www.europesays.com\/fr\/wp-content\/uploads\/2025\/09\/insta-360-x4-french-days-2025-1200x675.jpg\" alt=\"\" class=\"wp-image-2806007 wp-image\"  \/><\/a><\/p>\n<ul class=\"wp-block-list\">\n<li>Qualit\u00e9 d\u2019image 4K et une excellente capture audio<\/li>\n<li>Une bonne autonomie<\/li>\n<li>Une application bien pens\u00e9e<\/li>\n<\/ul>\n<p>Au lieu de 559,99 euros, l\u2019Insta360 X4 est actuellement <a href=\"https:\/\/shop.frandroid.com\/auhr37ky\" target=\"_blank\" rel=\"noreferrer noopener affiliate nofollow\">en promotion \u00e0 324,99 euros sur Cdiscount<\/a> avec le code promo <strong>COCORICO25<\/strong>.<\/p>\n<p>Avec le mod\u00e8le AG276QZD2, AOC propose sur une dalle QD-OLED de 27 pouces qui affiche de la QHD (2560 x 1440), ce qui va plaire aux gamers les plus exigeants.\u00a0<\/p>\n<p><a href=\"https:\/\/images.frandroid.com\/wp-content\/uploads\/2025\/09\/aoc-ag276qzd2-french-days-2025.jpg\" target=\"_blank\" class=\"article-content__figure\" rel=\"noopener\"><img loading=\"lazy\" decoding=\"async\" width=\"1200\" height=\"675\" src=\"https:\/\/www.europesays.com\/fr\/wp-content\/uploads\/2025\/09\/aoc-ag276qzd2-french-days-2025-1200x675.jpg\" alt=\"\" class=\"wp-image-2805967 wp-image\"  \/><\/a><\/p>\n<ul class=\"wp-block-list\">\n<li>L\u2019OLED c\u2019est vraiment un gain fou en mati\u00e8re de qualit\u00e9<\/li>\n<li>La latence de 0,03 ms, c\u2019est l\u2019id\u00e9al pour jouer<\/li>\n<li>Une fr\u00e9quence de rafra\u00eechissement de 240 Hz incroyable<\/li>\n<\/ul>\n<p>L\u2019AOC Agon Pro AG276QZD2 est vendu 529,99 euros sur le site officiel de la marque. Sur Cdiscount, on le trouve \u00e0 449,99 euros. Une r\u00e9duction renforc\u00e9e actuellement par\u00a0<strong>l<\/strong>e code promo\u00a0<strong>COCORICO25 <\/strong>qui permet de\u00a0<a href=\"https:\/\/shop.frandroid.com\/w2abw88f\" target=\"_blank\" rel=\"noreferrer noopener affiliate nofollow\">le commander pour 424,99 euros<\/a>.<\/p>\n<p>Avec un bel \u00e9cran OLED, un ch\u00e2ssis l\u00e9ger et une fiche technique solide, cet IdeaPad Slim 3 de chez Lenovo est un bon choix pour les \u00e9tudiants cherchant encore un laptop pour la rentr\u00e9e.<\/p>\n<p><a href=\"https:\/\/images.frandroid.com\/wp-content\/uploads\/2025\/09\/lenovo-ideapad-slim-3-14irh10-french-days-2025.jpg\" target=\"_blank\" class=\"article-content__figure\" rel=\"noopener\"><img loading=\"lazy\" decoding=\"async\" width=\"1200\" height=\"675\" src=\"https:\/\/www.europesays.com\/fr\/wp-content\/uploads\/2025\/09\/lenovo-ideapad-slim-3-14irh10-french-days-2025-1200x675.jpg\" alt=\"\" class=\"wp-image-2805945 wp-image\"  \/><\/a><\/p>\n<ul class=\"wp-block-list\">\n<li>Un \u00e9cran OLED de 14 pouces<\/li>\n<li>Un trio Intel Core i5-13420H, 16 Go de RAM et 512 Go en SSD<\/li>\n<li>Livr\u00e9 sans Windows, pour une machine sans fioritures<\/li>\n<\/ul>\n<p>Au lieu de 799,99 euros, le Lenovo IdeaPad Slim 3 14IRH10 est\u00a0<a href=\"https:\/\/shop.frandroid.com\/t6kxyioi\" target=\"_blank\" rel=\"noreferrer noopener affiliate nofollow\">aujourd\u2019hui disponible en promotion \u00e0 499,99 euros sur Cdiscount<\/a>\u00a0avec le code promo\u00a0<strong>COCORICO25<\/strong>.<\/p>\n<p>Le pack PS5 Slim Standard aux couleurs du prochain jeu de Sucker Punch, \u00e0 savoir Ghost of Yotei, est actuellement disponible en pr\u00e9commande avec une petite r\u00e9duction \u00e0 l\u2019occasion des French Days. <\/p>\n<p><a href=\"https:\/\/images.frandroid.com\/wp-content\/uploads\/2025\/09\/ps5-slim-ghost-of-yotei-french-days-2025.jpg\" target=\"_blank\" class=\"article-content__figure\" rel=\"noopener\"><img loading=\"lazy\" decoding=\"async\" width=\"1200\" height=\"675\" src=\"https:\/\/www.europesays.com\/fr\/wp-content\/uploads\/2025\/09\/ps5-slim-ghost-of-yotei-french-days-2025-1200x675.jpg\" alt=\"\" class=\"wp-image-2805941 wp-image\"  \/><\/a><\/p>\n<p>Ce pack contient la PlayStation 5 Standard et une manette DualSense, toutes les deux aux couleurs du jeu. Ghost of Yotei sera disponible via un code de t\u00e9l\u00e9chargement. <a href=\"https:\/\/shop.frandroid.com\/wfjasllj\" target=\"_blank\" rel=\"noreferrer noopener affiliate nofollow\" data-gtm=\"{&quot;event&quot;:&quot;afficlic&quot;,&quot;nom_marchand&quot;:&quot;cdiscount&quot;,&quot;nom_produit&quot;:&quot;inconnu&quot;,&quot;categorie_produit&quot;:&quot;inconnu&quot;,&quot;module_produit&quot;:&quot;editolink&quot;,&quot;position_marchand&quot;:0,&quot;texte&quot;:&quot;le-tout-est-a-574-99-euros-au-lieu-de-599-99-euros&quot;,&quot;offer_url&quot;:&quot;https:\/\/shop.frandroid.com\/wfjasllj&quot;,&quot;zone&quot;:&quot;contenu-page&quot;}\">Le tout est \u00e0 574,99 euros au lieu de 599,99 euros<\/a> avec le code promo <strong>COCORICO25<\/strong>. <\/p>\n<p>Le PlayStation Portal est un p\u00e9riph\u00e9rique de jeu pour la PlayStation 5 qui a\u00a0re\u00e7u une mise \u00e0 jour\u00a0relan\u00e7ant tout son int\u00e9r\u00eat. De base, il permet de jouer de mani\u00e8re d\u00e9port\u00e9e \u00e0 votre\u00a0PS5. Il suffit d\u2019avoir une connexion Internet et vous acc\u00e9dez au contenu de votre PlayStation 5 un peu partout, mais il permet maintenant bien plus.<\/p>\n<p><a href=\"https:\/\/images.frandroid.com\/wp-content\/uploads\/2025\/09\/ps-portal-french-days-2025.jpg\" target=\"_blank\" class=\"article-content__figure\" rel=\"noopener\"><img loading=\"lazy\" decoding=\"async\" width=\"1200\" height=\"675\" src=\"https:\/\/www.europesays.com\/fr\/wp-content\/uploads\/2025\/09\/ps-portal-french-days-2025-1200x675.jpg\" alt=\"\" class=\"wp-image-2805933 wp-image\"  \/><\/a><\/p>\n<ul class=\"wp-block-list\">\n<li>L\u2019\u00e9cran de 8 pouces est grand et lumineux<\/li>\n<li>On retrouve l\u2019ergonomie de la DualSense<\/li>\n<li>Une autonomie entre 5h et 8h selon le niveau de luminosit\u00e9 r\u00e9gl\u00e9<\/li>\n<\/ul>\n<p>Au lieu de 219,99 euros habituellement, le PlayStation Portal est actuellement <a href=\"https:\/\/shop.frandroid.com\/w2cserug\" target=\"_blank\" rel=\"noreferrer noopener affiliate nofollow\" data-gtm=\"{&quot;event&quot;:&quot;afficlic&quot;,&quot;nom_marchand&quot;:&quot;cdiscount&quot;,&quot;nom_produit&quot;:&quot;inconnu&quot;,&quot;categorie_produit&quot;:&quot;inconnu&quot;,&quot;module_produit&quot;:&quot;editolink&quot;,&quot;position_marchand&quot;:0,&quot;texte&quot;:&quot;en-promotion-a-184-99-euros-sur-cdiscount&quot;,&quot;offer_url&quot;:&quot;https:\/\/shop.frandroid.com\/w2cserug&quot;,&quot;zone&quot;:&quot;contenu-page&quot;}\">en promotion \u00e0 184,99 euros sur Cdiscount<\/a> avec le code promo <strong>COCORICO15<\/strong>.<\/p>\n<p>Si vous cherchez un bon petit PC pas cher avec une carte graphique d\u00e9di\u00e9e, notamment pour le gaming, mais aussi pour \u00e9ventuellement des t\u00e2ches professionnelles qui n\u00e9cessitent un peu de puissance, voici le Medion Erazer Craweler E30e.<\/p>\n<p><a href=\"https:\/\/images.frandroid.com\/wp-content\/uploads\/2025\/09\/crawler-e30e-french-days-2025.jpg\" target=\"_blank\" class=\"article-content__figure\" rel=\"noopener\"><img loading=\"lazy\" decoding=\"async\" width=\"1200\" height=\"675\" src=\"https:\/\/www.europesays.com\/fr\/wp-content\/uploads\/2025\/09\/crawler-e30e-french-days-2025-1200x675.jpg\" alt=\"\" class=\"wp-image-2805925 wp-image\"  \/><\/a><\/p>\n<ul class=\"wp-block-list\">\n<li>La configuration \u00e9volutive : vous pouvez mettre jusqu\u2019\u00e0 64 Go de RAM<\/li>\n<li>La carte graphique d\u00e9di\u00e9e fait toute la diff\u00e9rence (RTX 2050)<\/li>\n<li>L\u2019\u00e9cran Full HD de 15,6\u2033 qui peut afficher jusqu\u2019\u00e0 60 images\/seconde<\/li>\n<\/ul>\n<p>Au lieu de 424,99 euros, le Medion Erazer Crawler E30e est actuellement <a href=\"https:\/\/shop.frandroid.com\/97g8fvra\" target=\"_blank\" rel=\"noreferrer noopener affiliate nofollow\" data-gtm=\"{&quot;event&quot;:&quot;afficlic&quot;,&quot;nom_marchand&quot;:&quot;cdiscount&quot;,&quot;nom_produit&quot;:&quot;inconnu&quot;,&quot;categorie_produit&quot;:&quot;inconnu&quot;,&quot;module_produit&quot;:&quot;editolink&quot;,&quot;position_marchand&quot;:0,&quot;texte&quot;:&quot;en-promotion-a-374-99-euros-sur-cdiscount&quot;,&quot;offer_url&quot;:&quot;https:\/\/shop.frandroid.com\/97g8fvra&quot;,&quot;zone&quot;:&quot;contenu-page&quot;}\">en promotion \u00e0 374,99 euros sur Cdiscount<\/a> avec le code promo <strong>COCORICO25<\/strong>.<\/p>\n<p>L\u2019Apple Watch Ultra 2 reprend la philosophie de la premi\u00e8re g\u00e9n\u00e9ration et reste destin\u00e9 aux ultra-sportifs. Elle est dot\u00e9e de fonctionnalit\u00e9s avanc\u00e9es et a fait des progr\u00e8s par rapport \u00e0 la premi\u00e8re version, notamment au niveau de la luminosit\u00e9.<\/p>\n<p><a href=\"https:\/\/images.frandroid.com\/wp-content\/uploads\/2025\/09\/apple-watch-ultra-2-french-days-2025.jpg\" target=\"_blank\" class=\"article-content__figure\" rel=\"noopener\"><img loading=\"lazy\" decoding=\"async\" width=\"1200\" height=\"675\" src=\"https:\/\/www.europesays.com\/fr\/wp-content\/uploads\/2025\/09\/apple-watch-ultra-2-french-days-2025-1200x675.jpg\" alt=\"\" class=\"wp-image-2805917 wp-image\"  \/><\/a><\/p>\n<ul class=\"wp-block-list\">\n<li>La luminosit\u00e9 peut atteindre 3 000 cd\/m\u00b2, soit 1000 de plus que l\u2019Ultra 1<\/li>\n<li>64 Go de m\u00e9moire interne pour vos apps et vos cadrans<\/li>\n<li>Utilisant d\u2019un GPS double fr\u00e9quence ultra pr\u00e9cis<\/li>\n<\/ul>\n<p>De base \u00e0 899 euros, l\u2019Apple Watch Ultra 2 est aujourd\u2019hui <a href=\"https:\/\/www.fnac.com\/Apple-Watch-Ultra-2-Titane-Naturel-Reconditionne\/a21856232\/w-4\" data-type=\"link\" data-id=\"https:\/\/www.fnac.com\/Apple-Watch-Ultra-2-Titane-Naturel-Reconditionne\/a21856232\/w-4\" target=\"_blank\" rel=\"noreferrer noopener affiliate nofollow\" data-gtm=\"{&quot;event&quot;:&quot;afficlic&quot;,&quot;nom_marchand&quot;:&quot;boulanger&quot;,&quot;nom_produit&quot;:&quot;inconnu&quot;,&quot;categorie_produit&quot;:&quot;inconnu&quot;,&quot;module_produit&quot;:&quot;editolink&quot;,&quot;position_marchand&quot;:0,&quot;texte&quot;:&quot;remise-a-699-euros-chez-la-fnac&quot;}\">remis\u00e9 \u00e0 699 euros chez la Fnac<\/a>.<\/p>\n<p>La Garmin Venu 2S est une tocante \u00e0 destination des sportifs et sportives aux petits poignets qui cherchent \u00e0 mesurer leurs performances avec pr\u00e9cision. Elle devient plus int\u00e9ressante lors des French Days, puisqu\u2019elle ne co\u00fbte pas plus de 190 euros.<\/p>\n<p><a href=\"https:\/\/images.frandroid.com\/wp-content\/uploads\/2025\/09\/garmin-venu-2s-french-days-2025.jpg\" target=\"_blank\" class=\"article-content__figure\" rel=\"noopener\"><img loading=\"lazy\" decoding=\"async\" width=\"1200\" height=\"675\" src=\"https:\/\/www.europesays.com\/fr\/wp-content\/uploads\/2025\/09\/garmin-venu-2s-french-days-2025-1200x675.jpg\" alt=\"\" class=\"wp-image-2805447 wp-image\"  \/><\/a><\/p>\n<ul class=\"wp-block-list\">\n<li>Son suivi sportif au top<\/li>\n<li>Son petit format, parfait pour les poignets fins<\/li>\n<li>Son autonomie d\u2019une semaine en utilisation standard<\/li>\n<\/ul>\n<p>Lanc\u00e9e \u00e0 399,99 euros, la Garmin Venu 2S est en ce moment remis\u00e9e\u00a0<a href=\"https:\/\/shop.frandroid.com\/gees9feu\" target=\"_blank\" rel=\"noreferrer noopener affiliate nofollow\">\u00e0 seulement 184,99 euros chez Cdiscount<\/a>\u00a0avec le code promo\u00a0<strong>COCORICO15<\/strong>.<a href=\"https:\/\/shop.frandroid.com\/gees9feu\" target=\"_blank\" rel=\"noreferrer noopener\"><\/p>\n<p>La marque chinoise a pr\u00e9sent\u00e9 lors du MWC 2025 son flagship en qui vient marcher sur les plates-bandes de Samsung et d\u2019Apple. Pour vous convaincre de l\u2019adopter, les soldes d\u2019\u00e9t\u00e9 appliquent une belle remise sur ce smartphone quelques mois apr\u00e8s sa sortie. De quoi profiter de son Snapdragon 8 Elite, de sa dalle OLED LTPO et de sa recharge rapide de 90 W.<\/p>\n<p><a href=\"https:\/\/images.frandroid.com\/wp-content\/uploads\/2025\/09\/xiaomi-15-french-days-2025.jpg\" target=\"_blank\" class=\"article-content__figure\" rel=\"noopener\"><img loading=\"lazy\" decoding=\"async\" width=\"1200\" height=\"675\" src=\"https:\/\/www.europesays.com\/fr\/wp-content\/uploads\/2025\/09\/xiaomi-15-french-days-2025-1200x675.jpg\" alt=\"\" class=\"wp-image-2805129 wp-image\"  \/><\/a><\/p>\n<ul class=\"wp-block-list\">\n<li>Son \u00e9cran OLED LTPO de 6,36 pouces avec fr\u00e9quence adaptative 1 \u00e0 120 Hz<\/li>\n<li>Une autonomie 20% sup\u00e9rieure au Galaxy S25<\/li>\n<li>Les 3 capteurs photo de 50 Mpx chacun proposent de beaux r\u00e9sultats<\/li>\n<\/ul>\n<p>Au lieu de 1 099 euros, le Xiaomi 15 est aujourd\u2019hui disponible en promotion \u00e0 802 euros chez <a href=\"https:\/\/shop.frandroid.com\/ll1alj60\" data-type=\"link\" data-id=\"https:\/\/www.darty.com\/nav\/achat\/gps_communication\/telephone_mobile\/telephone_portable\/xiaomi_15_512go_blanc.html\" target=\"_blank\" rel=\"noreferrer noopener affiliate nofollow\" data-gtm=\"{&quot;event&quot;:&quot;afficlic&quot;,&quot;nom_marchand&quot;:&quot;darty&quot;,&quot;nom_produit&quot;:&quot;inconnu&quot;,&quot;categorie_produit&quot;:&quot;inconnu&quot;,&quot;module_produit&quot;:&quot;editolink&quot;,&quot;position_marchand&quot;:0,&quot;texte&quot;:&quot;darty&quot;,&quot;offer_url&quot;:&quot;https:\/\/shop.frandroid.com\/ll1alj60&quot;,&quot;zone&quot;:&quot;contenu-page&quot;}\">Darty<\/a>, en partie gr\u00e2ce \u00e0 100 euros de bonus reprise.<\/p>\n<p>Le\u00a0Sennheiser Momentum 4 Wireless\u00a0est un casque qui coche bien des cases. Parmi ses caract\u00e9ristiques que l\u2019on a particuli\u00e8rement appr\u00e9ci\u00e9es au cours de notre test, il y a \u00e9videmment sa r\u00e9duction de bruit active enfin convaincante, ainsi que son autonomie qui peut d\u00e9passer les 50 heures.<\/p>\n<p><a href=\"https:\/\/images.frandroid.com\/wp-content\/uploads\/2025\/09\/sennheiser-momentum-4-wireless-french-days-2025.jpg\" target=\"_blank\" class=\"article-content__figure\" rel=\"noopener\"><img loading=\"lazy\" decoding=\"async\" width=\"1200\" height=\"675\" src=\"https:\/\/www.europesays.com\/fr\/wp-content\/uploads\/2025\/09\/sennheiser-momentum-4-wireless-french-days-2025-1200x675.jpg\" alt=\"\" class=\"wp-image-2805881 wp-image\"  \/><\/a><\/p>\n<ul class=\"wp-block-list\">\n<li>Pour son autonomie de plus de 50 heures<\/li>\n<li>Pour sa bonne r\u00e9duction de bruit active<\/li>\n<li>Pour son utilisation possible en USB-C<\/li>\n<\/ul>\n<p>Au lieu de 349 euros \u00e0 son lancement, le Sennheiser Momentum 4 Wireless est actuellement <a href=\"https:\/\/shop.frandroid.com\/1y5qfd44\" target=\"_blank\" rel=\"noreferrer noopener affiliate nofollow\">en promotion \u00e0 199 euros chez Boulanger<\/a>. <\/p>\n<p>Ce n\u2019est pas un secret, pour avoir une machine gaming solide con\u00e7ue pour durer, il faut y mettre le prix. C\u2019est pourquoi le MSI Katana 15 HX B14WGK-004FR co\u00fbtait assez cher de base. C\u2019est un laptop gaming puissant avec une fiche technique solide, dot\u00e9e d\u2019une carte graphique d\u00e9di\u00e9e capable de faire tourner les titres les plus modernes. <\/p>\n<p><a href=\"https:\/\/images.frandroid.com\/wp-content\/uploads\/2025\/09\/msi-katana-15-hx-b14wgk-004fr-french-days-2025.jpg\" target=\"_blank\" class=\"article-content__figure\" rel=\"noopener\"><img loading=\"lazy\" decoding=\"async\" width=\"1200\" height=\"675\" src=\"https:\/\/www.europesays.com\/fr\/wp-content\/uploads\/2025\/09\/msi-katana-15-hx-b14wgk-004fr-french-days-2025-1200x675.jpg\" alt=\"\" class=\"wp-image-2804301 wp-image\"  \/><\/a><\/p>\n<ul class=\"wp-block-list\">\n<li>Permet de jouer en Full HD en ultra aux jeux r\u00e9cents<\/li>\n<li>L\u2019\u00e9cran 144 Hz est fluide, id\u00e9al pour la comp\u00e9tition<\/li>\n<li>Le CoolerBoost 5 est performant et \u00e9vite la surchauffe<\/li>\n<\/ul>\n<p>Lanc\u00e9 \u00e0 2 099,99 euros, le MSI Katana 15 dans sa version pr\u00e9sent\u00e9e ici \u00e9tait r\u00e9cemment \u00e0 1549,99 euros. Mais pour les French Days, Boulanger le baisse encore un peu <a href=\"https:\/\/shop.frandroid.com\/6xjgscxu\" target=\"_blank\" rel=\"noreferrer noopener affiliate nofollow\" data-gtm=\"{&quot;event&quot;:&quot;afficlic&quot;,&quot;nom_marchand&quot;:&quot;boulanger&quot;,&quot;nom_produit&quot;:&quot;inconnu&quot;,&quot;categorie_produit&quot;:&quot;inconnu&quot;,&quot;module_produit&quot;:&quot;editolink&quot;,&quot;position_marchand&quot;:0,&quot;texte&quot;:&quot;et-l-affiche-a-1-399-euros&quot;,&quot;offer_url&quot;:&quot;https:\/\/shop.frandroid.com\/6xjgscxu&quot;,&quot;zone&quot;:&quot;contenu-page&quot;}\">et l\u2019affiche \u00e0 1 399 euros<\/a>.<\/p>\n<p>Le BenQ GP520 est not\u00e9 8\/10 dans nos colonnes. Au-del\u00e0 de son image 4K et d\u2019une grande pr\u00e9cision colorim\u00e9trique, il a l\u2019avantage d\u2019utiliser Google TV, ce qui fait que vous ne serez pas forc\u00e9ment d\u00e9pays\u00e9 par rapport \u00e0 <a href=\"https:\/\/www.frandroid.com\/guide-dachat\/guides-dachat-tv\/508152_quelle-television-4k-choisir-la-selection-de-la-redaction\" target=\"_blank\" rel=\"noreferrer noopener\">une Smart TV classique<\/a>. <\/p>\n<p><a href=\"https:\/\/images.frandroid.com\/wp-content\/uploads\/2025\/09\/benq-gp520.jpg\" target=\"_blank\" class=\"article-content__figure\" rel=\"noopener\"><img loading=\"lazy\" decoding=\"async\" width=\"1200\" height=\"675\" src=\"https:\/\/www.europesays.com\/fr\/wp-content\/uploads\/2025\/09\/benq-gp520-1200x675.jpg\" alt=\"\" class=\"wp-image-2803925 wp-image\"  \/><\/a><\/p>\n<ul class=\"wp-block-list\">\n<li>Toutes les fonctions de correction automatique<\/li>\n<li>Sa grande luminosit\u00e9 pour un usage en pleine journ\u00e9e<\/li>\n<li>L\u2019int\u00e9gration de Google TV rend l\u2019exp\u00e9rience plus fluide<\/li>\n<\/ul>\n<p>Jusque l\u00e0, le BenQ GP520 \u00e9tait affich\u00e9 \u00e0 1 190 euros un peu partout. Boulanger profite des French Days sur son site pour <a href=\"https:\/\/shop.frandroid.com\/zfb6927o\" target=\"_blank\" rel=\"noreferrer noopener affiliate nofollow\" data-gtm=\"{&quot;event&quot;:&quot;afficlic&quot;,&quot;nom_marchand&quot;:&quot;boulanger&quot;,&quot;nom_produit&quot;:&quot;inconnu&quot;,&quot;categorie_produit&quot;:&quot;inconnu&quot;,&quot;module_produit&quot;:&quot;editolink&quot;,&quot;position_marchand&quot;:0,&quot;texte&quot;:&quot;le-faire-passer-a-929-euros&quot;,&quot;offer_url&quot;:&quot;https:\/\/shop.frandroid.com\/zfb6927o&quot;,&quot;zone&quot;:&quot;contenu-page&quot;}\">le faire passer \u00e0 929 euros<\/a> gr\u00e2ce \u00e0 200 euros de remise imm\u00e9diate et 70 euros de remise au panier.<\/p>\n<p>Si vous \u00eates un joueur exp\u00e9riment\u00e9 avec un budget serr\u00e9, mais que vous cherchez malgr\u00e9 tout un PC portable capable de tenir la cadence sur les jeux les plus gourmands, alors le HP Victus 15-fb3012nf pourrait tout \u00e0 fait vous convenir.<\/p>\n<p><a href=\"https:\/\/images.frandroid.com\/wp-content\/uploads\/2025\/09\/hp-victus-15-fb3012nf-rench-days-2025.jpg\" target=\"_blank\" class=\"article-content__figure\" rel=\"noopener\"><img loading=\"lazy\" decoding=\"async\" width=\"1200\" height=\"675\" src=\"https:\/\/www.europesays.com\/fr\/wp-content\/uploads\/2025\/09\/hp-victus-15-fb3012nf-rench-days-2025-1200x675.jpg\" alt=\"\" class=\"wp-image-2804201 wp-image\"  \/><\/a><\/p>\n<ul class=\"wp-block-list\">\n<li>Une dalle IPS Full HD de 15,6 pouces rafra\u00eechie \u00e0 144 Hz<\/li>\n<li>Un combo RTX 5060 + Ryzen AI 5 + 16 Go de RAM<\/li>\n<li>Un SSD de 512 Go pour la r\u00e9activit\u00e9 et le stockage<\/li>\n<\/ul>\n<p>Auparavant affich\u00e9 \u00e0 1 299,99 euros, le HP Victus 15-fb3012nf est aujourd\u2019hui <a href=\"https:\/\/shop.frandroid.com\/qwtei3vl\" target=\"_blank\" rel=\"noreferrer noopener affiliate nofollow\" data-gtm=\"{&quot;event&quot;:&quot;afficlic&quot;,&quot;nom_marchand&quot;:&quot;cdiscount&quot;,&quot;nom_produit&quot;:&quot;inconnu&quot;,&quot;categorie_produit&quot;:&quot;inconnu&quot;,&quot;module_produit&quot;:&quot;editolink&quot;,&quot;position_marchand&quot;:0,&quot;texte&quot;:&quot;disponible-en-promotion-a-874-99-euros-chez-cdiscount&quot;,&quot;offer_url&quot;:&quot;https:\/\/shop.frandroid.com\/qwtei3vl&quot;,&quot;zone&quot;:&quot;contenu-page&quot;}\">disponible en promotion \u00e0 924,99 euros chez Cdiscount<\/a> gr\u00e2ce au code promo <strong>COCORICO25<\/strong>.<\/p>\n<p>Id\u00e9al pour les petites pi\u00e8ces, le t\u00e9l\u00e9viseur 4K de 43 pouces propos\u00e9 par Thomson offre tous les avantages d\u2019Android TV tout en \u00e9tant affich\u00e9 \u00e0 un prix d\u00e9fiant toute concurrence.<\/p>\n<p><a href=\"https:\/\/images.frandroid.com\/wp-content\/uploads\/2025\/09\/tv-4k-thomson-43-french-days-2025.jpg\" target=\"_blank\" class=\"article-content__figure\" rel=\"noopener\"><img loading=\"lazy\" decoding=\"async\" width=\"1200\" height=\"675\" src=\"https:\/\/www.europesays.com\/fr\/wp-content\/uploads\/2025\/09\/tv-4k-thomson-43-french-days-2025-1200x675.jpg\" alt=\"\" class=\"wp-image-2804413 wp-image\"  \/><\/a><\/p>\n<ul class=\"wp-block-list\">\n<li>Une petite dalle LED UHD de 43 pouces<\/li>\n<li>Compatible Dolby Vision<\/li>\n<li>Android TV est de la partie<\/li>\n<\/ul>\n<p>Auparavant vendu \u00e0 399 euros, le TV 4K Thomson 43\u2033 est aujourd\u2019hui <a href=\"https:\/\/shop.frandroid.com\/gk4wpzle\" target=\"_blank\" rel=\"noreferrer noopener affiliate nofollow\" data-gtm=\"{&quot;event&quot;:&quot;afficlic&quot;,&quot;nom_marchand&quot;:&quot;cdiscount&quot;,&quot;nom_produit&quot;:&quot;inconnu&quot;,&quot;categorie_produit&quot;:&quot;inconnu&quot;,&quot;module_produit&quot;:&quot;editolink&quot;,&quot;position_marchand&quot;:0,&quot;texte&quot;:&quot;affiche-a-184-euros-chez-cdiscount&quot;,&quot;offer_url&quot;:&quot;https:\/\/shop.frandroid.com\/gk4wpzle&quot;,&quot;zone&quot;:&quot;contenu-page&quot;}\">affich\u00e9 \u00e0 184 euros chez Cdiscount<\/a> gr\u00e2ce au code promo <strong>COCORICO15<\/strong>.<\/p>\n<p>Le LG OLED 77C5 met la barre tr\u00e8s haut sur le march\u00e9 des TV premium. Entre ses pixels auto-\u00e9missifs, son processeur maison survitamin\u00e9 et son syst\u00e8me audio compatible Dolby Atmos, on est face \u00e0 une machine taill\u00e9e pour le cin\u00e9ma, le sport et le gaming. <\/p>\n<p><a href=\"https:\/\/images.frandroid.com\/wp-content\/uploads\/2025\/09\/lg-oled-77c5-french-days-frandroid.jpg\" target=\"_blank\" class=\"article-content__figure\" rel=\"noopener\"><img loading=\"lazy\" decoding=\"async\" width=\"1200\" height=\"675\" src=\"https:\/\/www.europesays.com\/fr\/wp-content\/uploads\/2025\/09\/lg-oled-77c5-french-days-frandroid-1200x675.jpg\" alt=\"\" class=\"wp-image-2804339 wp-image\"  \/><\/a><\/p>\n<ul class=\"wp-block-list\">\n<li>Une dalle OLED evo 77 pouces, contrastes infinis et noirs certifi\u00e9s \u201cPerfect Black\u201d.<\/li>\n<li>Un processeur Alpha 9 AI Gen8, dop\u00e9 \u00e0 l\u2019IA pour optimiser chaque image.<\/li>\n<li>Une exp\u00e9rience sonore Dolby Atmos, \u00e9paul\u00e9e par AI Sound Pro.<\/li>\n<\/ul>\n<p>Au lieu de 3 599 euros, le LG 77C5 est <a href=\"https:\/\/shop.frandroid.com\/14ipj48b\" target=\"_blank\" rel=\"noreferrer noopener affiliate nofollow\" data-gtm=\"{&quot;event&quot;:&quot;afficlic&quot;,&quot;nom_marchand&quot;:&quot;boulanger&quot;,&quot;nom_produit&quot;:&quot;inconnu&quot;,&quot;categorie_produit&quot;:&quot;inconnu&quot;,&quot;module_produit&quot;:&quot;editolink&quot;,&quot;position_marchand&quot;:0,&quot;texte&quot;:&quot;aujourd-hui-disponible-en-promotion-a-2-229-euros-sur-boulanger&quot;,&quot;offer_url&quot;:&quot;https:\/\/shop.frandroid.com\/14ipj48b&quot;,&quot;zone&quot;:&quot;contenu-page&quot;}\">aujourd\u2019hui disponible en promotion \u00e0 2 229 euros sur Boulanger<\/a>, dont 70 euros de remise au panier.  <\/p>\n<p>Les dates des French Days <\/p>\n<p><strong>La deuxi\u00e8me \u00e9dition de l\u2019\u00e9v\u00e9nement commercial pour l\u2019ann\u00e9e 2025 court en ce moment jusqu\u2019au mardi 30 septembre \u00e0 23h59<\/strong>, soit 7 jours de festivit\u00e9s au total.<\/p>\n<p>Les e-commer\u00e7ants participants aux French Days<\/p>\n<p>Les French Days ont pris de l\u2019ampleur dans l\u2019Hexagone ces derni\u00e8res ann\u00e9es. En plus des investigateurs de cet \u00e9v\u00e9nement commercial fran\u00e7ais, quelques autres e-commer\u00e7ants ont rejoint le mouvement pour vous faire b\u00e9n\u00e9ficier des meilleurs prix possibles pendant l\u2019\u00e9v\u00e9nement. Voici la liste :<\/p>\n<p>Un nouveau forfait mobile pendant les French Days ?<\/p>\n<p>Si vous avez renouveler votre smartphone pendant les French Days, n\u2019h\u00e9sitez pas \u00e0 aller faire un tour de <a href=\"https:\/\/www.frandroid.com\/comparateur-forfaits\" target=\"_blank\" rel=\"noreferrer noopener\">notre comparateur de forfaits mobile<\/a> pour trouver la meilleure offre selon vos besoins. <\/p>\n<p>Il y a d\u2019ailleurs du mouvement du c\u00f4t\u00e9 des op\u00e9rateurs de t\u00e9l\u00e9phonie mobile. <a href=\"https:\/\/shop.frandroid.com\/27x94d6l\" target=\"_blank\" rel=\"noreferrer noopener affiliate nofollow\">Sosh vient de lancer un forfait 80 Go \u00e0 moins de 10 euros par mois<\/a>. Cdiscount y va aussi tr\u00e8s g\u00e9n\u00e9reusement <a href=\"https:\/\/shop.frandroid.com\/rseleytb\" target=\"_blank\" rel=\"noreferrer noopener affiliate nofollow\" data-gtm=\"{&quot;event&quot;:&quot;afficlic&quot;,&quot;nom_marchand&quot;:&quot;cdiscount_mobile&quot;,&quot;nom_produit&quot;:&quot;inconnu&quot;,&quot;categorie_produit&quot;:&quot;inconnu&quot;,&quot;module_produit&quot;:&quot;editolink&quot;,&quot;position_marchand&quot;:0,&quot;texte&quot;:&quot;avec-son-offre-de-300-go-a-9-99-euros-par-mois&quot;,&quot;offer_url&quot;:&quot;https:\/\/shop.frandroid.com\/rseleytb&quot;,&quot;zone&quot;:&quot;contenu-page&quot;}\">avec son offre de 300 Go \u00e0 9,99 euros par mois<\/a>. <\/p>\n<p>Appels illimit\u00e9s<\/p>\n<p>100 Go en France<\/p>\n<p>29 Go en Europe<\/p>\n<p>Appels illimit\u00e9s<\/p>\n<p>120 Go en France<\/p>\n<p>25 Go en Europe<\/p>\n<p>\n                        11.99\u20ac\/mois\n                                            <\/p>\n<p>                                 9,99 avec Fibre\n                        <\/p>\n<p>Appels illimit\u00e9s<\/p>\n<p>160 Go \u2013 200 Go en France<\/p>\n<p>15 Go en Europe<\/p>\n<p>        <a href=\"https:\/\/www.frandroid.com\/comparateur-forfaits\" class=\"listplans-shortcode-cta button fr-button fr-button--pink fr-button--small-icon fr-button--icon-after mb-3-mobile \" target=\"_blank\" rel=\"noopener\"><br \/>\n            Tous les forfaits mobile<br \/>\n        <\/a><\/p>\n<p>French Days 2025 : ne ratez aucun bon plan avec Frandroid <\/p>\n<p>Les <a href=\"https:\/\/www.frandroid.com\/bons-plans\/2805055_les-french-days-2025-continuent-ce-vendredi-voici-le-top-des-offres-en-direct-sur-amazon-boulanger-fnac\" data-type=\"link\" data-id=\"https:\/\/www.frandroid.com\/bons-plans\/2805055_les-french-days-2025-continuent-ce-vendredi-voici-le-top-des-offres-en-direct-sur-amazon-boulanger-fnac\" target=\"_blank\" rel=\"noreferrer noopener\">French Days<\/a> reviennent en 2025 pour une deuxi\u00e8me \u00e9dition jusqu\u2019au 30 septembre prochain. Afin d\u2019y voir plus clair sur les diff\u00e9rentes offres Tech que nous recommandons chaudement lors de cette p\u00e9riode, voici quelques s\u00e9lections de produits :<\/p>\n<p>Et, pour ne rien louper des bons plans que nous partageons, voici quelques tips et liens utiles :<\/p>\n<ul class=\"wp-block-list\">\n<li>Suivez notre compte X\u00a0<a href=\"https:\/\/twitter.com\/FrandroidPromos\" target=\"_blank\" rel=\"noreferrer noopener\">@FrandroidPromos<\/a> uniquement d\u00e9di\u00e9 aux bons plans (pensez \u00e0 activer la cloche pour recevoir les notifications en temps r\u00e9el)<\/li>\n<li><a href=\"https:\/\/whatsapp.com\/channel\/0029VabYxm5LI8YhSlD8xc05\" target=\"_blank\" rel=\"noreferrer noopener\">Rejoignez notre canal WhatsApp<\/a> pour recevoir une fois par jour un condens\u00e9 des meilleures offres<\/li>\n<li>T\u00e9l\u00e9chargez notre <a href=\"https:\/\/www.frandroid.com\/telecharger\/apps\/frandroid\" target=\"_blank\" rel=\"noreferrer noopener\">application Frandroid<\/a> (disponible sur iOS et Android) pour activer les notifications de la cat\u00e9gorie \u00ab Bons Plans \u00bb et ainsi recevoir en temps r\u00e9el les nouveaux articles li\u00e9s aux French Days<\/li>\n<li>Abonnez-vous \u00e0 notre newsletter pour \u00eatre s\u00fbr de recevoir les offres en avant-premi\u00e8re (pas plus d\u2019un mail par jour, d\u00e9sinscription en 1 clic, aucune diffusion \u00e0 des tiers) :<\/li>\n<\/ul>\n<p class=\"newsletter-form__title is-size-6 is-size-7-mobile is-uppercase has-text-good-deals has-text-weight-semibold mb-4 px-5\">Frandroid Bons plans<\/p>\n<p class=\"has-text-centered-tablet newsletter-form__subtitle is-size-4 has-text-weight-bold has-text-primary column is-9-tablet is-10-mobile\">\n                C\u2019est enregistr\u00e9 ! Surveillez votre bo\u00eete aux lettres, vous allez entendre parler de nous\u00a0!\n            <\/p>\n<p class=\"newsletter-form__subtitle is-size-4 has-text-weight-bold has-text-gradient-pink\">Ne manquez aucun bon plan avec notre newsletter<\/p>\n<p class=\"is-size-7\">\n                Les donn\u00e9es transmises par le biais de ce formulaire sont destin\u00e9es \u00e0 Humanoid,<br \/>\n                soci\u00e9t\u00e9 \u00e9ditrice du site Frandroid en sa qualit\u00e9 de responsable de traitement.<br \/>\n                Elles ne seront en aucun cas c\u00e9d\u00e9es \u00e0 des tiers. Ces donn\u00e9es sont trait\u00e9es sous r\u00e9serve d\u2019obtention de<br \/>\n                votre consentement pour vous envoyer par e-mail des actualit\u00e9s et informations relatives aux contenus<br \/>\n                \u00e9ditoriaux publi\u00e9s sur Frandroid. Vous pouvez vous opposer \u00e0 tout moment \u00e0 ces e-mails<br \/>\n                en cliquant sur les liens de d\u00e9sinscriptions pr\u00e9sents dans chacun d\u2019eux. Pour plus d\u2019informations, vous<br \/>\n                pouvez consulter l\u2019int\u00e9gralit\u00e9 de notre <a href=\"https:\/\/www.frandroid.com\/politique-donnees-personnelles\" target=\"_blank\" rel=\"noopener\"><br \/>\n                politique de traitement de vos donn\u00e9es personnelles<\/a>.<br \/>\n                Vous disposez d\u2019un droit d\u2019acc\u00e8s, de rectification, d\u2019effacement, de limitation, de portabilit\u00e9 et<br \/>\n                d\u2019opposition pour motif l\u00e9gitime aux donn\u00e9es personnelles vous concernant. Pour exercer l\u2019un de ces droits,<br \/>\n                merci d\u2019effectuer votre demande via notre <a href=\"https:\/\/www.frandroid.com\/contact\/#RGPD\" target=\"_blank\" rel=\"noopener\">formulaire<br \/>\n                de demandes d\u2019exercices de droits d\u00e9di\u00e9<\/a>.\n            <\/p>\n<p>            <script async src=\"https:\/\/platform.twitter.com\/widgets.js\" charset=\"utf-8\"><\/script><\/p>\n","protected":false},"excerpt":{"rendered":"L\u2019\u00e9t\u00e9 est termin\u00e9 et No\u00ebl se rapproche \u00e0 grands pas. Eh oui, on est sur la p\u00e9riode de&hellip;\n","protected":false},"author":2,"featured_media":418520,"comment_status":"","ping_status":"","sticky":false,"template":"","format":"standard","meta":{"footnotes":""},"categories":[7],"tags":[1011,27,16300,43,40,41,39,42,44],"class_list":{"0":"post-418519","1":"post","2":"type-post","3":"status-publish","4":"format-standard","5":"has-post-thumbnail","7":"category-sciences-et-technologies","8":"tag-fr","9":"tag-france","10":"tag-french-days-2025","11":"tag-science","12":"tag-science-and-technology","13":"tag-sciences","14":"tag-sciences-et-technologies","15":"tag-technologies","16":"tag-technology"},"share_on_mastodon":{"url":"https:\/\/pubeurope.com\/@fr\/115269755046891336","error":""},"_links":{"self":[{"href":"https:\/\/www.europesays.com\/fr\/wp-json\/wp\/v2\/posts\/418519","targetHints":{"allow":["GET"]}}],"collection":[{"href":"https:\/\/www.europesays.com\/fr\/wp-json\/wp\/v2\/posts"}],"about":[{"href":"https:\/\/www.europesays.com\/fr\/wp-json\/wp\/v2\/types\/post"}],"author":[{"embeddable":true,"href":"https:\/\/www.europesays.com\/fr\/wp-json\/wp\/v2\/users\/2"}],"replies":[{"embeddable":true,"href":"https:\/\/www.europesays.com\/fr\/wp-json\/wp\/v2\/comments?post=418519"}],"version-history":[{"count":0,"href":"https:\/\/www.europesays.com\/fr\/wp-json\/wp\/v2\/posts\/418519\/revisions"}],"wp:featuredmedia":[{"embeddable":true,"href":"https:\/\/www.europesays.com\/fr\/wp-json\/wp\/v2\/media\/418520"}],"wp:attachment":[{"href":"https:\/\/www.europesays.com\/fr\/wp-json\/wp\/v2\/media?parent=418519"}],"wp:term":[{"taxonomy":"category","embeddable":true,"href":"https:\/\/www.europesays.com\/fr\/wp-json\/wp\/v2\/categories?post=418519"},{"taxonomy":"post_tag","embeddable":true,"href":"https:\/\/www.europesays.com\/fr\/wp-json\/wp\/v2\/tags?post=418519"}],"curies":[{"name":"wp","href":"https:\/\/api.w.org\/{rel}","templated":true}]}}