{"id":418522,"date":"2025-09-26T08:54:12","date_gmt":"2025-09-26T08:54:12","guid":{"rendered":"https:\/\/www.europesays.com\/fr\/418522\/"},"modified":"2025-09-26T08:54:12","modified_gmt":"2025-09-26T08:54:12","slug":"les-images-impressionnantes-des-destructions-provoquees-par-loffensive-israelienne-sur-gaza-ville","status":"publish","type":"post","link":"https:\/\/www.europesays.com\/fr\/418522\/","title":{"rendered":"Les images impressionnantes des destructions provoqu\u00e9es par l\u2019offensive isra\u00e9lienne sur Gaza-ville"},"content":{"rendered":"<p><strong>AVANT\/APR\u00c8S \u2013 <\/strong>Tsahal souhaite prendre le contr\u00f4le de toute la \u00abcapitale\u00bb de l\u2019enclave palestinienne afin de \u00abvaincre\u00bb le Hamas et lib\u00e9rer les 49 derniers otages retenus par le mouvement terroriste.<\/p>\n<p class=\"fig-paragraph\">Les chars isra\u00e9liens ont p\u00e9n\u00e9tr\u00e9\u00a0<a href=\"http:\/\/www.lefigaro.fr\/flash-actu\/la-defense-civile-de-gaza-annonce-11-morts-dans-une-frappe-israelienne-dont-plusieurs-enfants-20250925\" data-fig-type=\"NewsFlash\" data-gtm-custom-categorie=\"navigation\" data-gtm-custom-action=\"crossclick\" data-gtm-custom-label=\"Contextuel\" data-gtm-event=\"customEventSPE\" data-fig-domain=\"LEFIGARO\" target=\"_blank\" rel=\"noopener\">dans la ville de Gaza<\/a>, nouvelle \u00e9tape de l\u2019offensive de Tsahal visant\u00a0<a href=\"http:\/\/www.lefigaro.fr\/international\/nos-soldats-se-preparent-a-combattre-un-ennemi-cache-israel-lance-son-offensive-terrestre-sur-la-ville-de-gaza-20250916\" data-fig-type=\"Article\" data-gtm-custom-categorie=\"navigation\" data-gtm-custom-action=\"crossclick\" data-gtm-custom-label=\"Contextuel\" data-gtm-event=\"customEventSPE\" data-fig-domain=\"LEFIGARO\" target=\"_blank\" rel=\"noopener\">\u00e0 prendre le contr\u00f4le de toute la capitale de l\u2019enclave palestinienne<\/a>, \u00e0 d\u00e9manteler le dernier bastion du Hamas mais aussi \u00e0 lib\u00e9rer les 49 otages \u2013 22 seraient encore vivants \u2013 retenus par le mouvement terroriste. Cette op\u00e9ration terrestre, lanc\u00e9e le 16 septembre dernier, fait suite \u00e0 d\u2019intenses bombardements a\u00e9riens qui ont vis\u00e9 une zone d\u00e9j\u00e0 largement d\u00e9truite par les pr\u00e9c\u00e9dentes incursions de l\u2019arm\u00e9e isra\u00e9lienne, notamment \u00e0 la fin de l\u2019ann\u00e9e 2023.\u00a0<a href=\"http:\/\/www.lefigaro.fr\/international\/guerre-israel-hamas-plus-de-60-des-immeubles-sont-endommages-ou-detruits-dans-la-bande-de-gaza-20240301\" data-fig-type=\"NewsFlash\" data-gtm-custom-categorie=\"navigation\" data-gtm-custom-action=\"crossclick\" data-gtm-custom-label=\"Contextuel\" data-gtm-event=\"customEventSPE\" data-fig-domain=\"LEFIGARO\" target=\"_blank\" rel=\"noopener\">Pr\u00e8s de 70% du b\u00e2ti de Gaza-ville \u00e9tait ainsi \u00e0 terre le 4 janvier 2024<\/a>, d\u2019apr\u00e8s l\u2019analyse effectu\u00e9e par deux universitaires am\u00e9ricains.<\/p>\n<p class=\"fig-paragraph\">Les destructions se poursuivent cependant. Elles sont impressionnantes \u00e0 Jabaliya sur les deux derniers mois. C\u2019est dans cette ville, qui accueille le plus grand camp de r\u00e9fugi\u00e9s palestiniens de la bande, que la brigade d\u2019infanterie \u00abGivati\u00bb a d\u00e9clar\u00e9 avoir \u00e9limin\u00e9 dix membres du Hamas et d\u00e9truit des infrastructures\u2026<\/p>\n<p class=\"fig-premium-paywall__infos\">\n        Cet article est r\u00e9serv\u00e9 aux abonn\u00e9s.        Il vous reste 43% \u00e0 d\u00e9couvrir.\n    <\/p>\n<p>                <img  data- alt=\"Le Figaro\" class=\"fig-img--complete fig-img\"\/><\/p>\n<p class=\"fig-premium-paywall__title\">Vous avez envie de lire la suite ?<\/p>\n<p class=\"fig-premium-paywall__subtitle\">D\u00e9bloquez tous les articles imm\u00e9diatement.<\/p>\n<p class=\"fig-premium-paywall__connect\">\n                D\u00e9j\u00e0 abonn\u00e9\u00a0?                <a class=\"fig-premium-paywall__connect-link\" href=\"https:\/\/connect.lefigaro.fr\/login?client=horizon_web&amp;type=main&amp;redirect_uri=https%3A%2F%2Fwww.lefigaro.fr%2Finternational%2Fles-images-impressionnantes-des-destructions-provoquees-par-l-offensive-israelienne-sur-gaza-ville-20250926\" data-js-gtm=\"{&quot;customCategorie&quot;: &quot;conversion&quot;, &quot;customAction&quot;: &quot;before_Landing_Connexion_paywall_auto&quot;, &quot;customLabel&quot;: &quot;bGVmaWdhcm8uZnJfXzFmMDk5ZTQ4LTY0MGEtNjc2Mi05YzgzLTZiOTQ5MDExMjg4Ml9fTmV3c0ZsYXNo_Les images impressionnantes des destructions provoqu\u00e9es par l\u2019offensive isra\u00e9lienne sur Gaza-ville_304&quot;, &quot;customIDSPE&quot;: &quot;bGVmaWdhcm8uZnJfXzFmMDk5ZTQ4LTY0MGEtNjc2Mi05YzgzLTZiOTQ5MDExMjg4Ml9fTmV3c0ZsYXNo&quot;, &quot;event&quot;: &quot;customEventSPE&quot;}\" target=\"_blank\" rel=\"noopener\"><br \/>\n                    Connectez-vous<br \/>\n                <\/a>\n            <\/p>\n","protected":false},"excerpt":{"rendered":"AVANT\/APR\u00c8S \u2013 Tsahal souhaite prendre le contr\u00f4le de toute la \u00abcapitale\u00bb de l\u2019enclave palestinienne afin de \u00abvaincre\u00bb le&hellip;\n","protected":false},"author":2,"featured_media":418523,"comment_status":"","ping_status":"","sticky":false,"template":"","format":"standard","meta":{"footnotes":""},"categories":[5],"tags":[11,1011,27,665,3519,14,664,12,28],"class_list":{"0":"post-418522","1":"post","2":"type-post","3":"status-publish","4":"format-standard","5":"has-post-thumbnail","7":"category-international","8":"tag-actualites","9":"tag-fr","10":"tag-france","11":"tag-gaza","12":"tag-hamas","13":"tag-international","14":"tag-israel","15":"tag-news","16":"tag-world"},"share_on_mastodon":{"url":"","error":""},"_links":{"self":[{"href":"https:\/\/www.europesays.com\/fr\/wp-json\/wp\/v2\/posts\/418522","targetHints":{"allow":["GET"]}}],"collection":[{"href":"https:\/\/www.europesays.com\/fr\/wp-json\/wp\/v2\/posts"}],"about":[{"href":"https:\/\/www.europesays.com\/fr\/wp-json\/wp\/v2\/types\/post"}],"author":[{"embeddable":true,"href":"https:\/\/www.europesays.com\/fr\/wp-json\/wp\/v2\/users\/2"}],"replies":[{"embeddable":true,"href":"https:\/\/www.europesays.com\/fr\/wp-json\/wp\/v2\/comments?post=418522"}],"version-history":[{"count":0,"href":"https:\/\/www.europesays.com\/fr\/wp-json\/wp\/v2\/posts\/418522\/revisions"}],"wp:featuredmedia":[{"embeddable":true,"href":"https:\/\/www.europesays.com\/fr\/wp-json\/wp\/v2\/media\/418523"}],"wp:attachment":[{"href":"https:\/\/www.europesays.com\/fr\/wp-json\/wp\/v2\/media?parent=418522"}],"wp:term":[{"taxonomy":"category","embeddable":true,"href":"https:\/\/www.europesays.com\/fr\/wp-json\/wp\/v2\/categories?post=418522"},{"taxonomy":"post_tag","embeddable":true,"href":"https:\/\/www.europesays.com\/fr\/wp-json\/wp\/v2\/tags?post=418522"}],"curies":[{"name":"wp","href":"https:\/\/api.w.org\/{rel}","templated":true}]}}